{"id":101338,"date":"2026-01-11T19:56:09","date_gmt":"2026-01-11T19:56:09","guid":{"rendered":"https:\/\/www.europesays.com\/lv\/101338\/"},"modified":"2026-01-11T19:56:09","modified_gmt":"2026-01-11T19:56:09","slug":"noskaties-%e2%9f%a9-danijas-latvijas-kopuznemums-rigas-juras-lici-grib-veidot-forelu-audzetavas-2","status":"publish","type":"post","link":"https:\/\/www.europesays.com\/lv\/101338\/","title":{"rendered":"NOSKATIES \u27e9 D\u0101nijas \u2013 Latvijas kopuz\u0146\u0113mums R\u012bgas j\u016bras l\u012bc\u012b grib veidot fore\u013cu audz\u0113tavas"},"content":{"rendered":"<p>Edgars L\u012bnis, SIA \u201cSudrabl\u012bnis holdings\u201d l\u012bdz\u012bpa\u0161nieks<\/p>\n<p>Ko j\u016bs varat teikt tiem, kuri saka, ka vecas tehnolo\u0123ijas, otrreiz\u0113j\u0101s lieto\u0161anas t\u012bkli no D\u0101nijas, atved\u012bs un tepat ieliks, jo D\u0101nij\u0101 vairs nevar?<\/p>\n<p>N\u0113, t\u0101 nav paties\u012bba. Pirmk\u0101rt, D\u0101nij\u0101 vi\u0146iem ra\u017eo\u0161ana turpin\u0101s. Un \u0161eit tiktu veidots jauns uz\u0146\u0113mums, kuram b\u016btu savi ku\u0123i, savas p\u0101rstr\u0101des, savi t\u012bkli. (\u2026)Tas viss tiktu veikts p\u0113c jaun\u0101kaj\u0101m un lab\u0101kaj\u0101m tehnolo\u0123ij\u0101m.<\/p>\n<p>Gita Strode, Dabas aizsardz\u012bbas p\u0101rvaldes Dabas aizsardz\u012bbas departamenta direktore<\/p>\n<p>Tad man ir pretjaut\u0101jums, k\u0101p\u0113c D\u0101nij\u0101 ir pie\u0146emts l\u0113mums aizliegt turpm\u0101k \u0161\u0101du akvakult\u016bru audz\u0113tavu ier\u012bko\u0161anu? Ja tie\u0161\u0101m vi\u0146iem viss ir k\u0101rt\u012bb\u0101. K\u0101p\u0113c vi\u0146u pus\u0113 ir \u0161\u0101ds l\u0113mums?<\/p>\n<p>Uz\u0146\u0113m\u0113ji uzsver, ka pies\u0101r\u0146ojums b\u016b\u0161ot lok\u0101ls un sezon\u0101ls. K\u0101 D\u0101nij\u0101, kur bar\u012bbas vielu koncentr\u0101cija pieaug tikai ra\u017eo\u0161anas sezon\u0101, bet v\u0113l\u0101k samazin\u0101s. Vides uzraugi tam nepiekr\u012bt &#8211; fermas pl\u0101nots veidot \u012bpa\u0161i aizsarg\u0101jamo Natura 2000 teritoriju tuvum\u0101 vai to ietekmes zon\u0101. Un R\u012bgas l\u012bcis nav atkl\u0101ta j\u016bra k\u0101 tas ir D\u0101nijas piekrast\u0113. Tas ir sekls, ar v\u0101ju \u016bdens apmai\u0146u, un \u0161\u0101das audz\u0113tavas var rad\u012bt ilgtermi\u0146a sekas dabai.<\/p>\n<p>Gita Strode, Dabas aizsardz\u012bbas p\u0101rvaldes Dabas aizsardz\u012bbas departamenta direktore<\/p>\n<p>Tas mums atk\u0101rtojas laiku pa laikam. Tad mums ir c\u016bku fermas, tad zv\u0113raudz\u0113tavas. Tas iet pa apli. Tas ir vienm\u0113r t\u0101 bijis. Jaut\u0101jumus &#8211; vai m\u0113s pa\u0161i nov\u0113rt\u0113jam to, kas mums ir un dom\u0101jam divus so\u013cus uz priek\u0161u.<\/p>\n<p>Mums zin\u0101ms, ka par fore\u013cu fermu iesp\u0113jamo veido\u0161anu R\u012bgas j\u016bras l\u012bc\u012b pl\u0101nots spriest r\u012btdienas koal\u012bcijas sadarb\u012bbas padomes s\u0113d\u0113. Jaut\u0101jums darba k\u0101rt\u012bb\u0101 iek\u013cauts p\u0113c Progres\u012bvo l\u016bguma. Savuk\u0101rt neofici\u0101la inform\u0101cija liecina, ka Valsts vides dienests visticam\u0101k ne\u013caus uz\u0146\u0113m\u0113jiem j\u016br\u0101 izvietot testa sprostu, ko vi\u0146i grib\u0113ja dar\u012bt jau \u0161\u012b gada apr\u012bl\u012b.<\/p>\n","protected":false},"excerpt":{"rendered":"Edgars L\u012bnis, SIA \u201cSudrabl\u012bnis holdings\u201d l\u012bdz\u012bpa\u0161nieks Ko j\u016bs varat teikt tiem, kuri saka, ka vecas tehnolo\u0123ijas, otrreiz\u0113j\u0101s lieto\u0161anas&hellip;\n","protected":false},"author":2,"featured_media":101311,"comment_status":"","ping_status":"","sticky":false,"template":"","format":"standard","meta":{"footnotes":""},"categories":[5],"tags":[668,23,1934,28,29,32,33,22,9146,30,31,35,39,38,36,37,34,40,20,26,27,24,25,21],"class_list":{"0":"post-101338","1":"post","2":"type-post","3":"status-publish","4":"format-standard","5":"has-post-thumbnail","7":"category-aktualitates","8":"tag-neka-personiga","9":"tag-aktualitates","10":"tag-baltijas-jura","11":"tag-breaking-news","12":"tag-breakingnews","13":"tag-featured-news","14":"tag-featurednews","15":"tag-headlines","16":"tag-kompanijas","17":"tag-latest-news","18":"tag-latestnews","19":"tag-latvia","20":"tag-latvian","21":"tag-latviesu","22":"tag-latviesu-valoda","23":"tag-latviesuvaloda","24":"tag-latvija","25":"tag-lv","26":"tag-news","27":"tag-popularakas-zinas","28":"tag-popularakaszinas","29":"tag-top-stories","30":"tag-topstories","31":"tag-zinas"},"share_on_mastodon":{"url":"https:\/\/pubeurope.com\/@lv\/115878230896047990","error":""},"_links":{"self":[{"href":"https:\/\/www.europesays.com\/lv\/wp-json\/wp\/v2\/posts\/101338","targetHints":{"allow":["GET"]}}],"collection":[{"href":"https:\/\/www.europesays.com\/lv\/wp-json\/wp\/v2\/posts"}],"about":[{"href":"https:\/\/www.europesays.com\/lv\/wp-json\/wp\/v2\/types\/post"}],"author":[{"embeddable":true,"href":"https:\/\/www.europesays.com\/lv\/wp-json\/wp\/v2\/users\/2"}],"replies":[{"embeddable":true,"href":"https:\/\/www.europesays.com\/lv\/wp-json\/wp\/v2\/comments?post=101338"}],"version-history":[{"count":0,"href":"https:\/\/www.europesays.com\/lv\/wp-json\/wp\/v2\/posts\/101338\/revisions"}],"wp:featuredmedia":[{"embeddable":true,"href":"https:\/\/www.europesays.com\/lv\/wp-json\/wp\/v2\/media\/101311"}],"wp:attachment":[{"href":"https:\/\/www.europesays.com\/lv\/wp-json\/wp\/v2\/media?parent=101338"}],"wp:term":[{"taxonomy":"category","embeddable":true,"href":"https:\/\/www.europesays.com\/lv\/wp-json\/wp\/v2\/categories?post=101338"},{"taxonomy":"post_tag","embeddable":true,"href":"https:\/\/www.europesays.com\/lv\/wp-json\/wp\/v2\/tags?post=101338"}],"curies":[{"name":"wp","href":"https:\/\/api.w.org\/{rel}","templated":true}]}}