{"id":101348,"date":"2026-01-11T20:19:12","date_gmt":"2026-01-11T20:19:12","guid":{"rendered":"https:\/\/www.europesays.com\/lv\/101348\/"},"modified":"2026-01-11T20:19:12","modified_gmt":"2026-01-11T20:19:12","slug":"video-%e2%9f%a9-bez-partijam-celi-skiras-broks-iepauze-bet-hermanim-joprojam-ambicijas-vadit-partiju","status":"publish","type":"post","link":"https:\/\/www.europesays.com\/lv\/101348\/","title":{"rendered":"VIDEO \u27e9 &#8220;Bez partij\u0101m&#8221; ce\u013ci \u0161\u0137iras. Broks iepauz\u0113, bet Hermanim joproj\u0101m amb\u012bcijas vad\u012bt partiju"},"content":{"rendered":"<p>Tom\u0113r ar\u012b \u0161\u012b intervija nenotika: ceturtdien Broks publiski pazi\u0146oja, ka &#8220;iepauz\u0113 savu politisko darb\u012bbu&#8221;, jo neesot izdevies p\u0101rliecin\u0101t daudzus b\u016bt drosm\u012bg\u0101kiem un n\u0101kt politik\u0101. &#8220;Man nav nepiecie\u0161ams karot ar melno PR vai lauzties caur aizv\u0113rt\u0101m durv\u012bm,&#8221; pazi\u0146oja Broks. Intervij\u0101 LTV ruden\u012b vi\u0146\u0161 uzsv\u0113ra, ka gribot main\u012bt politikas net\u012br\u012bbu: &#8220;Protams, ka m\u0113s b\u016bsim caursp\u012bd\u012bgi. Tas jau ir tas, k\u0101p\u0113c m\u0113s n\u0101kam un ko m\u0113s v\u0113lamies. Tie\u0161i m\u0113s gribam pan\u0101kt, ka ir \u0161\u012b necaursp\u012bd\u012bba caur partij\u0101m, ka cilv\u0113ki nezina, kam vi\u0146i pievienojas, un pat negrib pievienoties t\u0101d\u0101m partij\u0101m.&#8221;<\/p>\n<p>Var\u0113tu \u0161\u0137ist, ka Broka l\u0113mumu par pauzi iespaidoja soci\u0101lajos t\u012bklos las\u0101m\u0101 kritika p\u0113c vi\u0146a izteikumiem radio. Piem\u0113ram, ka, izv\u0113loties starp diviem partneriem teor\u0113tisk\u0101 n\u0101kotnes koal\u012bcij\u0101, &#8220;Jaun\u0101 Vienot\u012bba&#8221; b\u016btu dro\u0161\u0101ks partneris nek\u0101 Ain\u0101rs \u0160lesers.<\/p>\n<p>Tom\u0113r dienu p\u0113c intervijas radio Broks sazin\u0101j\u0101s ar \u017eurn\u0101listu M\u0101ri Ro\u017e\u0101nu, kura uz\u0146\u0113mums uztur &#8220;Facebook&#8221; kontu &#8220;Ogres Zi\u0146as&#8221;. Broks, kuru Ro\u017e\u0101ns iepriek\u0161 nemaz nepazina, sarunas laik\u0101 pauda tik p\u0101rsteidzo\u0161us izteikumus, ka \u017eurn\u0101lists sapratis \u2013 uz\u0146\u0113m\u0113js ir sajaucis adres\u0101tus. Vi\u0146\u0161 nol\u0113mis sp\u0113l\u0113t l\u012bdzi un sarunu ierakst\u012bt, bet p\u0113c tam ats\u016bt\u012bja to &#8220;de facto&#8221;.<\/p>\n","protected":false},"excerpt":{"rendered":"Tom\u0113r ar\u012b \u0161\u012b intervija nenotika: ceturtdien Broks publiski pazi\u0146oja, ka &#8220;iepauz\u0113 savu politisko darb\u012bbu&#8221;, jo neesot izdevies p\u0101rliecin\u0101t&hellip;\n","protected":false},"author":2,"featured_media":101349,"comment_status":"","ping_status":"","sticky":false,"template":"","format":"standard","meta":{"footnotes":""},"categories":[12],"tags":[23,5992,10246,28,29,32,33,22,30,31,35,39,38,36,37,34,40,20,3134,26,27,24,25,21],"class_list":{"0":"post-101348","1":"post","2":"type-post","3":"status-publish","4":"format-standard","5":"has-post-thumbnail","7":"category-latvija","8":"tag-aktualitates","9":"tag-alvis-hermanis","10":"tag-armands-broks","11":"tag-breaking-news","12":"tag-breakingnews","13":"tag-featured-news","14":"tag-featurednews","15":"tag-headlines","16":"tag-latest-news","17":"tag-latestnews","18":"tag-latvia","19":"tag-latvian","20":"tag-latviesu","21":"tag-latviesu-valoda","22":"tag-latviesuvaloda","23":"tag-latvija","24":"tag-lv","25":"tag-news","26":"tag-partijas","27":"tag-popularakas-zinas","28":"tag-popularakaszinas","29":"tag-top-stories","30":"tag-topstories","31":"tag-zinas"},"share_on_mastodon":{"url":"https:\/\/pubeurope.com\/@lv\/115878321422871900","error":""},"_links":{"self":[{"href":"https:\/\/www.europesays.com\/lv\/wp-json\/wp\/v2\/posts\/101348","targetHints":{"allow":["GET"]}}],"collection":[{"href":"https:\/\/www.europesays.com\/lv\/wp-json\/wp\/v2\/posts"}],"about":[{"href":"https:\/\/www.europesays.com\/lv\/wp-json\/wp\/v2\/types\/post"}],"author":[{"embeddable":true,"href":"https:\/\/www.europesays.com\/lv\/wp-json\/wp\/v2\/users\/2"}],"replies":[{"embeddable":true,"href":"https:\/\/www.europesays.com\/lv\/wp-json\/wp\/v2\/comments?post=101348"}],"version-history":[{"count":0,"href":"https:\/\/www.europesays.com\/lv\/wp-json\/wp\/v2\/posts\/101348\/revisions"}],"wp:featuredmedia":[{"embeddable":true,"href":"https:\/\/www.europesays.com\/lv\/wp-json\/wp\/v2\/media\/101349"}],"wp:attachment":[{"href":"https:\/\/www.europesays.com\/lv\/wp-json\/wp\/v2\/media?parent=101348"}],"wp:term":[{"taxonomy":"category","embeddable":true,"href":"https:\/\/www.europesays.com\/lv\/wp-json\/wp\/v2\/categories?post=101348"},{"taxonomy":"post_tag","embeddable":true,"href":"https:\/\/www.europesays.com\/lv\/wp-json\/wp\/v2\/tags?post=101348"}],"curies":[{"name":"wp","href":"https:\/\/api.w.org\/{rel}","templated":true}]}}