{"id":101350,"date":"2026-01-11T20:20:10","date_gmt":"2026-01-11T20:20:10","guid":{"rendered":"https:\/\/www.europesays.com\/lv\/101350\/"},"modified":"2026-01-11T20:20:10","modified_gmt":"2026-01-11T20:20:10","slug":"zviedrija-investe-jauna-gaisa-aizsardzibas-sistema-lai-aizsargatu-civiliedzivotajus","status":"publish","type":"post","link":"https:\/\/www.europesays.com\/lv\/101350\/","title":{"rendered":"Zviedrija invest\u0113 jaun\u0101 gaisa aizsardz\u012bbas sist\u0113m\u0101, lai aizsarg\u0101tu civiliedz\u012bvot\u0101jus"},"content":{"rendered":"<p>Zviedrijas pa\u0161reiz\u0113j\u0101 gaisa aizsardz\u012bbas sist\u0113ma ir galvenok\u0101rt paredz\u0113ta bru\u0146oto sp\u0113ku aizsardz\u012bbai.<\/p>\n<p>Zviedrijas vald\u012bba ir uzdevusi bru\u0146otajiem sp\u0113kiem izstr\u0101d\u0101t jaunu gaisa aizsardz\u012bbas sist\u0113mu, kas no bezpilota lidapar\u0101tiem un citiem gaisa draudiem aizsarg\u0101tu, piem\u0113ram, apdz\u012bvotas vietas, atomelektrostacijas un \u016bdens att\u012br\u012b\u0161anas iek\u0101rtas.<\/p>\n<p>S\u0101kotn\u0113j\u0101s invest\u012bciju izmaksas ir 15 miljardi kronu, jeb aptuveni 1,4 miljardi eiro.<\/p>\n<p>&#8220;Zviedrija pa\u0161laik saskaras ar visnopietn\u0101ko dro\u0161\u012bbas situ\u0101ciju sav\u0101 v\u0113stur\u0113. Ar \u0161o apjom\u012bgo invest\u012bciju re\u0123ion\u0101laj\u0101 gaisa aizsardz\u012bb\u0101 m\u0113s stiprin\u0101m visas sabiedr\u012bbas aizsardz\u012bbu, s\u0101kot no m\u016bsu milit\u0101raj\u0101m vien\u012bb\u0101m l\u012bdz m\u016bsu pils\u0113t\u0101m un vit\u0101li svar\u012bgajai infrastrukt\u016brai,&#8221; preses konferenc\u0113 S\u0101len\u0101 teica Kristersons.<\/p>\n<p>P\u0113c Kristersona teikt\u0101, <a href=\"https:\/\/www.tvnet.lv\/term\/555552\/zviedrija\" class=\"topicLink\" target=\"_blank\" rel=\"nofollow noopener\">Zviedrija<\/a> ir daudz m\u0101c\u012bjusies no Krievijas agresijas kara Ukrain\u0101 un no t\u0101, k\u0101 <a href=\"https:\/\/www.tvnet.lv\/term\/555452\/krievija\" class=\"topicLink\" target=\"_blank\" rel=\"nofollow noopener\">Krievija<\/a> ir izmantojusi gaisa telpu uzbrukumiem.<\/p>\n<p>Premjerministrs uzskata, ka p\u0113d\u0113jo \u010detru gadu laik\u0101 Zviedrijas dro\u0161\u012bbas situ\u0101cija ir pasliktin\u0101jusies.<\/p>\n","protected":false},"excerpt":{"rendered":"Zviedrijas pa\u0161reiz\u0113j\u0101 gaisa aizsardz\u012bbas sist\u0113ma ir galvenok\u0101rt paredz\u0113ta bru\u0146oto sp\u0113ku aizsardz\u012bbai. Zviedrijas vald\u012bba ir uzdevusi bru\u0146otajiem sp\u0113kiem izstr\u0101d\u0101t&hellip;\n","protected":false},"author":2,"featured_media":101351,"comment_status":"","ping_status":"","sticky":false,"template":"","format":"standard","meta":{"footnotes":""},"categories":[5],"tags":[23,3700,28,29,32,33,22,234,30,31,35,39,38,36,37,34,40,20,26,27,24,25,21,185],"class_list":{"0":"post-101350","1":"post","2":"type-post","3":"status-publish","4":"format-standard","5":"has-post-thumbnail","7":"category-aktualitates","8":"tag-aktualitates","9":"tag-autoritarisma-ena-par-eiropu","10":"tag-breaking-news","11":"tag-breakingnews","12":"tag-featured-news","13":"tag-featurednews","14":"tag-headlines","15":"tag-krievija","16":"tag-latest-news","17":"tag-latestnews","18":"tag-latvia","19":"tag-latvian","20":"tag-latviesu","21":"tag-latviesu-valoda","22":"tag-latviesuvaloda","23":"tag-latvija","24":"tag-lv","25":"tag-news","26":"tag-popularakas-zinas","27":"tag-popularakaszinas","28":"tag-top-stories","29":"tag-topstories","30":"tag-zinas","31":"tag-zviedrija"},"share_on_mastodon":{"url":"https:\/\/pubeurope.com\/@lv\/115878325256336998","error":""},"_links":{"self":[{"href":"https:\/\/www.europesays.com\/lv\/wp-json\/wp\/v2\/posts\/101350","targetHints":{"allow":["GET"]}}],"collection":[{"href":"https:\/\/www.europesays.com\/lv\/wp-json\/wp\/v2\/posts"}],"about":[{"href":"https:\/\/www.europesays.com\/lv\/wp-json\/wp\/v2\/types\/post"}],"author":[{"embeddable":true,"href":"https:\/\/www.europesays.com\/lv\/wp-json\/wp\/v2\/users\/2"}],"replies":[{"embeddable":true,"href":"https:\/\/www.europesays.com\/lv\/wp-json\/wp\/v2\/comments?post=101350"}],"version-history":[{"count":0,"href":"https:\/\/www.europesays.com\/lv\/wp-json\/wp\/v2\/posts\/101350\/revisions"}],"wp:featuredmedia":[{"embeddable":true,"href":"https:\/\/www.europesays.com\/lv\/wp-json\/wp\/v2\/media\/101351"}],"wp:attachment":[{"href":"https:\/\/www.europesays.com\/lv\/wp-json\/wp\/v2\/media?parent=101350"}],"wp:term":[{"taxonomy":"category","embeddable":true,"href":"https:\/\/www.europesays.com\/lv\/wp-json\/wp\/v2\/categories?post=101350"},{"taxonomy":"post_tag","embeddable":true,"href":"https:\/\/www.europesays.com\/lv\/wp-json\/wp\/v2\/tags?post=101350"}],"curies":[{"name":"wp","href":"https:\/\/api.w.org\/{rel}","templated":true}]}}