{"id":101356,"date":"2026-01-11T20:31:14","date_gmt":"2026-01-11T20:31:14","guid":{"rendered":"https:\/\/www.europesays.com\/lv\/101356\/"},"modified":"2026-01-11T20:31:14","modified_gmt":"2026-01-11T20:31:14","slug":"video-smaga-avarija-tukuma-novada-boja-gajusi-tris-cilveki-satiksme-bloketa-jauns-lv","status":"publish","type":"post","link":"https:\/\/www.europesays.com\/lv\/101356\/","title":{"rendered":"VIDEO: smaga av\u0101rija Tukuma novad\u0101: boj\u0101 g\u0101ju\u0161i tr\u012bs cilv\u0113ki, satiksme blo\u0137\u0113ta &#8211; Jauns.lv"},"content":{"rendered":"<ol>\n<li><a href=\"https:\/\/news.google.com\/rss\/articles\/CBMisgFBVV95cUxQN0RybzNKZTJrcll2bjJmNWNvQ08wMUstNk1yYm81UXlpOUxYeFlIRl9lQ1FUSzBPYldCR1BiTkpYYk5NMC1MVHRtNGlrNTRhb2Z5Nlo5SXFpbVVEWkg0OU80ZWZVMmF6bXVSVEJGdHFMdTBYeU14T093Rm5XbzZPYnY0U2RISUFERl8yTUJ3cVpUNFZmN1BsbmFwU1RKYk9aWkdJNnFmbUtiekpIdnIyNFZB?oc=5\" target=\"_blank\" rel=\"nofollow noopener\">VIDEO: smaga av\u0101rija Tukuma novad\u0101: boj\u0101 g\u0101ju\u0161i tr\u012bs cilv\u0113ki, satiksme blo\u0137\u0113ta<\/a>&nbsp;&nbsp;Jauns.lv<\/li>\n<li><a href=\"https:\/\/news.google.com\/rss\/articles\/CBMiuAFBVV95cUxNSnpVOWlWM0xnY2R0aV9HVFJMUW9MdUJKQnFHbTQwMEFUR3RIX0h5OGJkVWN5UW5tcThBOFhoN2R6RS1qeWZPRW1sbWVHeFlOWTBlUF9fRm5TVU1xSmdJb0lnZWdyVFRBeHE1SVRWYklhdlgzb2FMdDROWG1ZSWxJNVNCV2hqYkpwN0J1VTZoYll1d0ZOdlpOVmpQMW1rM29EeWttalIybmU0MTh4Yi15Qk5ZTkF0OXpT?oc=5\" target=\"_blank\" rel=\"nofollow noopener\">Se\u0161u auto sadursm\u0113 Tukuma novad\u0101 g\u0101ju\u0161i boj\u0101 tr\u012bs cilv\u0113ki \/ Raksts<\/a>&nbsp;&nbsp;LSM<\/li>\n<li><a href=\"https:\/\/news.google.com\/rss\/articles\/CBMid0FVX3lxTE9NZHRtcllsQWRNcTh5YllyV1pkUGZscktPdlYxUmVZa0t5dS16LXR6MDZtWWs3OUFaOVVvUmpCVUJvVG11YmpXcjBYT3owbkh6Ym9tcGhPZDRVbF9yTUNWTHF4SzAzN2dFSVlKSXRZeDlRY1pLb2p3?oc=5\" target=\"_blank\" rel=\"nofollow noopener\">VIDEO. Smags ce\u013cu satiksmes negad\u012bjums pie \u0136emeriem \u2013 g\u0101ju\u0161i boj\u0101 tr\u012bs cilv\u0113ki<\/a>&nbsp;&nbsp;LA.LV<\/li>\n<li><a href=\"https:\/\/news.google.com\/rss\/articles\/CBMivgFBVV95cUxONzR6ZUltYnBvamNZMUVsWWVuaF9kTDcxX0JYeEJmNWZJQW9Pdm8yODNyV21kLTZJZlJhWGI4YkVFMm1TUVZuUGZDUVhaM0tJU1NwRmlieDVUU2YyZE9Ed19zT3JvQktPREIxblJhVzFSRm1qVDlVb2tQNU5oaW5lbEN6VTVIMU9XOWJtUUJrYmVQdDJ2TXJSTWx0VEVMV0tmTExtdktmYmctdlRIRVlReTdHelpTa2g1SkRubzJR?oc=5\" target=\"_blank\" rel=\"nofollow noopener\">VIDEO Blo\u0137\u0113ta satiksme smaga ce\u013cu satiksmes negad\u012bjuma d\u0113\u013c uz A10 \u0161osejas. Tr\u012bs boj\u0101 g\u0101ju\u0161ie<\/a>&nbsp;&nbsp;Apollo.lv<\/li>\n<li><a href=\"https:\/\/news.google.com\/rss\/articles\/CBMijwFBVV95cUxNcU5BTzNSNXJYeGp6N09iZzNQOUZKTXhGaTg0dk9PU2ttdWtxVzJTWnd3SUJKWWtQWGpRN2dvZGk5enh6SkR1XzB4T0kyWjdBUFFVeTlibTBER1ZKQkNhQV9sZkJXSThDemhOaloxdUswYmZFS2s5WnlrWmJYaUdEcWEyR2xldmg0WVJ3MU5CSQ?oc=5\" target=\"_blank\" rel=\"nofollow noopener\">Smaga av\u0101rija uz R\u012bga-Ventspils ce\u013ca. Blo\u0137\u0113ta satiksme\/Papildin\u0101ts\/<\/a>&nbsp;&nbsp;Neatkar\u012bg\u0101s Tukuma Zi\u0146as<\/li>\n<\/ol>\n","protected":false},"excerpt":{"rendered":"VIDEO: smaga av\u0101rija Tukuma novad\u0101: boj\u0101 g\u0101ju\u0161i tr\u012bs cilv\u0113ki, satiksme blo\u0137\u0113ta&nbsp;&nbsp;Jauns.lv Se\u0161u auto sadursm\u0113 Tukuma novad\u0101 g\u0101ju\u0161i boj\u0101&hellip;\n","protected":false},"author":2,"featured_media":101357,"comment_status":"","ping_status":"","sticky":false,"template":"","format":"standard","meta":{"footnotes":""},"categories":[12],"tags":[23,28,29,32,33,22,30,31,35,39,38,36,37,34,40,20,26,27,24,25,21],"class_list":{"0":"post-101356","1":"post","2":"type-post","3":"status-publish","4":"format-standard","5":"has-post-thumbnail","7":"category-latvija","8":"tag-aktualitates","9":"tag-breaking-news","10":"tag-breakingnews","11":"tag-featured-news","12":"tag-featurednews","13":"tag-headlines","14":"tag-latest-news","15":"tag-latestnews","16":"tag-latvia","17":"tag-latvian","18":"tag-latviesu","19":"tag-latviesu-valoda","20":"tag-latviesuvaloda","21":"tag-latvija","22":"tag-lv","23":"tag-news","24":"tag-popularakas-zinas","25":"tag-popularakaszinas","26":"tag-top-stories","27":"tag-topstories","28":"tag-zinas"},"share_on_mastodon":{"url":"https:\/\/pubeurope.com\/@lv\/115878368579257390","error":""},"_links":{"self":[{"href":"https:\/\/www.europesays.com\/lv\/wp-json\/wp\/v2\/posts\/101356","targetHints":{"allow":["GET"]}}],"collection":[{"href":"https:\/\/www.europesays.com\/lv\/wp-json\/wp\/v2\/posts"}],"about":[{"href":"https:\/\/www.europesays.com\/lv\/wp-json\/wp\/v2\/types\/post"}],"author":[{"embeddable":true,"href":"https:\/\/www.europesays.com\/lv\/wp-json\/wp\/v2\/users\/2"}],"replies":[{"embeddable":true,"href":"https:\/\/www.europesays.com\/lv\/wp-json\/wp\/v2\/comments?post=101356"}],"version-history":[{"count":0,"href":"https:\/\/www.europesays.com\/lv\/wp-json\/wp\/v2\/posts\/101356\/revisions"}],"wp:featuredmedia":[{"embeddable":true,"href":"https:\/\/www.europesays.com\/lv\/wp-json\/wp\/v2\/media\/101357"}],"wp:attachment":[{"href":"https:\/\/www.europesays.com\/lv\/wp-json\/wp\/v2\/media?parent=101356"}],"wp:term":[{"taxonomy":"category","embeddable":true,"href":"https:\/\/www.europesays.com\/lv\/wp-json\/wp\/v2\/categories?post=101356"},{"taxonomy":"post_tag","embeddable":true,"href":"https:\/\/www.europesays.com\/lv\/wp-json\/wp\/v2\/tags?post=101356"}],"curies":[{"name":"wp","href":"https:\/\/api.w.org\/{rel}","templated":true}]}}