{"id":101423,"date":"2026-01-11T22:07:10","date_gmt":"2026-01-11T22:07:10","guid":{"rendered":"https:\/\/www.europesays.com\/lv\/101423\/"},"modified":"2026-01-11T22:07:10","modified_gmt":"2026-01-11T22:07:10","slug":"novada-teritorijas-planojuma-precizes-kekavas-un-baldones-pilsetu-robezas","status":"publish","type":"post","link":"https:\/\/www.europesays.com\/lv\/101423\/","title":{"rendered":"Novada teritorijas pl\u0101nojum\u0101 preciz\u0113s \u0136ekavas un Baldones pils\u0113tu robe\u017eas"},"content":{"rendered":"<p>Novada teritorij\u0101 atrodas nacion\u0101lais intere\u0161u objekts Eiropas standarta platuma publisk\u0101s lieto\u0161anas dzelzce\u013ca l\u012bnija Rail Baltica. \u0145emot v\u0113r\u0101, ka tiek veikta periodiska datu aktualiz\u0101cija, jaun\u0101 \u0136ekavas novada teritorijas pl\u0101nojuma izstr\u0101des laik\u0101 nepiecie\u0161ams p\u0101rskat\u012bt un preciz\u0113t \u0161\u012bs trases izvietojumu grafiskaj\u0101 da\u013c\u0101.<\/p>\n<p>Lai nodro\u0161in\u0101tu pa\u0161vald\u012bbas v\u012bzij\u0101 paredz\u0113to ilgtsp\u0113j\u012bgo dz\u012bves vidi, novada pl\u0101no\u0161anas telpas un perspekt\u012bv\u0101 apdz\u012bvojuma strukt\u016br\u0101 izdal\u012btas gan za\u013c\u0101s zonas, gan upju are\u0101lu zonas.<\/p>\n<p>Pa\u0161vald\u012bba pl\u0101no saglab\u0101t un att\u012bst\u012bt novada publiskaj\u0101 \u0101rtelp\u0101 eso\u0161os elementus. Tas attiecas uz Daugavas malas izmanto\u0161anu k\u0101 rekre\u0101cijas zonu, t\u0101pat pl\u0101nota dabas objektu, parku un rekre\u0101cijas t\u012bkla potenci\u0101la att\u012bst\u012bba.<\/p>\n<p>Tom\u0113r \u0161o teritoriju labiek\u0101rto\u0161ana l\u012bdz \u0161im nav \u012bstenota t\u0101d\u0101 apjom\u0101, k\u0101 tas s\u0101kotn\u0113ji pl\u0101nots. Piem\u0113ram, pa\u0161laik neizmantota un neapg\u016bta v\u0113rt\u012bba \u0136ekavas novad\u0101 ir vair\u0101k nek\u0101 40 kilometrus gar\u0101 Daugavas un Saus\u0101s Daugavas krasta josla, kur b\u016btu j\u0101veido sadarb\u012bbas formas starp pa\u0161vald\u012bbu un zemes \u012bpa\u0161niekiem, \u012bpa\u0161i attiec\u012bb\u0101 uz piek\u013cuves nodro\u0161in\u0101jumu \u016bdenim, atz\u012bst pa\u0161vald\u012bba. T\u0101pat nenov\u0113rt\u0113ta paliek Misas upes ieleja, kas pl\u016bst cauri me\u017ea un lauku ainav\u0101m un varot tikt att\u012bsta k\u0101 ainaviski un rekreat\u012bvi pievilc\u012bga vieta.<\/p>\n<p>Kopum\u0101 pl\u0101na izstr\u0101des gait\u0101 veikta 12 uzdevumu izpilde, piem\u0113ram, detaliz\u0113ti izstr\u0101d\u0101t \u0136ekavas novada apdz\u012bvoto vietu teritoriju izmanto\u0161anas un apb\u016bves noteikumus, preciz\u0113t to robe\u017eas, Baldones pagast\u0101 Mercendarbei noteikt ciema statusu, p\u0101rskat\u012bt un izv\u0113rt\u0113t \u0136ekavas novada pa\u0161vald\u012bbai piedero\u0161o teritoriju perspekt\u012bvo izmanto\u0161anu un citi uzdevumi.<\/p>\n<p>K\u0101 inform\u0113 pa\u0161vald\u012bba, l\u012bdz 26. janv\u0101rim notiek \u0136ekavas novada teritorijas pl\u0101nojuma sabiedrisk\u0101 apsprie\u0161ana, bet n\u0101kamo divu ned\u0113\u013cu laik\u0101 notiks piecas sabiedrisk\u0101s apsprie\u0161anas san\u0101ksmes da\u017e\u0101d\u0101s novada viet\u0101s.<\/p>\n","protected":false},"excerpt":{"rendered":"Novada teritorij\u0101 atrodas nacion\u0101lais intere\u0161u objekts Eiropas standarta platuma publisk\u0101s lieto\u0161anas dzelzce\u013ca l\u012bnija Rail Baltica. \u0145emot v\u0113r\u0101, ka&hellip;\n","protected":false},"author":2,"featured_media":101424,"comment_status":"","ping_status":"","sticky":false,"template":"","format":"standard","meta":{"footnotes":""},"categories":[5],"tags":[23,24711,28,29,32,33,22,118,12492,30,31,35,39,38,36,37,34,40,20,26,27,24,25,21],"class_list":{"0":"post-101423","1":"post","2":"type-post","3":"status-publish","4":"format-standard","5":"has-post-thumbnail","7":"category-aktualitates","8":"tag-aktualitates","9":"tag-baldone","10":"tag-breaking-news","11":"tag-breakingnews","12":"tag-featured-news","13":"tag-featurednews","14":"tag-headlines","15":"tag-kekava","16":"tag-kekavas-novads","17":"tag-latest-news","18":"tag-latestnews","19":"tag-latvia","20":"tag-latvian","21":"tag-latviesu","22":"tag-latviesu-valoda","23":"tag-latviesuvaloda","24":"tag-latvija","25":"tag-lv","26":"tag-news","27":"tag-popularakas-zinas","28":"tag-popularakaszinas","29":"tag-top-stories","30":"tag-topstories","31":"tag-zinas"},"share_on_mastodon":{"url":"https:\/\/pubeurope.com\/@lv\/115878746081344253","error":""},"_links":{"self":[{"href":"https:\/\/www.europesays.com\/lv\/wp-json\/wp\/v2\/posts\/101423","targetHints":{"allow":["GET"]}}],"collection":[{"href":"https:\/\/www.europesays.com\/lv\/wp-json\/wp\/v2\/posts"}],"about":[{"href":"https:\/\/www.europesays.com\/lv\/wp-json\/wp\/v2\/types\/post"}],"author":[{"embeddable":true,"href":"https:\/\/www.europesays.com\/lv\/wp-json\/wp\/v2\/users\/2"}],"replies":[{"embeddable":true,"href":"https:\/\/www.europesays.com\/lv\/wp-json\/wp\/v2\/comments?post=101423"}],"version-history":[{"count":0,"href":"https:\/\/www.europesays.com\/lv\/wp-json\/wp\/v2\/posts\/101423\/revisions"}],"wp:featuredmedia":[{"embeddable":true,"href":"https:\/\/www.europesays.com\/lv\/wp-json\/wp\/v2\/media\/101424"}],"wp:attachment":[{"href":"https:\/\/www.europesays.com\/lv\/wp-json\/wp\/v2\/media?parent=101423"}],"wp:term":[{"taxonomy":"category","embeddable":true,"href":"https:\/\/www.europesays.com\/lv\/wp-json\/wp\/v2\/categories?post=101423"},{"taxonomy":"post_tag","embeddable":true,"href":"https:\/\/www.europesays.com\/lv\/wp-json\/wp\/v2\/tags?post=101423"}],"curies":[{"name":"wp","href":"https:\/\/api.w.org\/{rel}","templated":true}]}}