{"id":101434,"date":"2026-01-11T22:19:08","date_gmt":"2026-01-11T22:19:08","guid":{"rendered":"https:\/\/www.europesays.com\/lv\/101434\/"},"modified":"2026-01-11T22:19:08","modified_gmt":"2026-01-11T22:19:08","slug":"par-ko-nedrikst-nerunat-lampa-aicina-pieteikt-pasakumus-2026-gada-programmai","status":"publish","type":"post","link":"https:\/\/www.europesays.com\/lv\/101434\/","title":{"rendered":"Par ko nedr\u012bkst nerun\u0101t? LAMPA aicina pieteikt pas\u0101kumus 2026. gada programmai"},"content":{"rendered":"<p>Inform\u0101cija par pas\u0101kumu pieteik\u0161anas k\u0101rt\u012bbu un festiv\u0101la norisi pieejama LAMPAS m\u0101jaslap\u0101: <a target=\"_blank\" rel=\"noopener noreferrer nofollow\" href=\"https:\/\/festivalslampa.lv\/lv\/pieteikties\">https:\/\/festivalslampa.lv\/lv\/pieteikties<\/a>. Savuk\u0101rt pla\u0161\u0101ku inform\u0101ciju un atbildes uz jaut\u0101jumiem par dal\u012bbu festiv\u0101l\u0101 pas\u0101kumu r\u012bkot\u0101ji var\u0113s sa\u0146emt vebin\u0101r\u0101 \u201cPas\u0101kumu r\u012bko\u0161ana LAMP\u0100 2026: viss, kas tev j\u0101zina\u201d, kas notiks 27.janv\u0101r\u012b plkst. 15.00 LAMPAS YouTube kan\u0101l\u0101.<\/p>\n<p>Par Sarunu festiv\u0101lu LAMPA<\/p>\n<p>Sarunu festiv\u0101ls LAMPA ir vieta br\u012bvai un cie\u0146pilnai domu apmai\u0146ai, v\u0113rt\u012bg\u0101m sarun\u0101m, pr\u0101ta asin\u0101\u0161anai un redzesloka papla\u0161in\u0101\u0161anai. T\u0101 ir platforma visiem, kam ir, ko teikt, un visiem, kas gatavi uzklaus\u012bt. Galvenais festiv\u0101la m\u0113r\u0137is ir stiprin\u0101t demokr\u0101tijas, diskusiju un cie\u0146pilnu sarunu kult\u016bru Latvij\u0101.<\/p>\n<p>Festiv\u0101la komandu veido Fonds atv\u0113rtai sabiedr\u012bbai DOTS, \u201cSwedbank Latvija\u201d, C\u0113su novada pa\u0161vald\u012bba, komunik\u0101cijas vad\u012bbas a\u0123ent\u016bra \u201cDeep White\u201d, rekl\u0101mas a\u0123ent\u016bra \u201cArmadillo\u201d, British Council p\u0101rst\u0101vniec\u012bba Latvij\u0101 un Apvienot\u0101s Karalistes \u0100rlietu ministrija, fonds AUGT un Eiropas Komisijas p\u0101rst\u0101vniec\u012bba Latvij\u0101.<\/p>\n<p>Festiv\u0101la norisi atbalsta: Sabiedr\u012bbas integr\u0101cijas fonds un Valsts kult\u016brkapit\u0101la fonds no Kult\u016bras ministrijas pie\u0161\u0137irtajiem Latvijas valsts bud\u017eeta l\u012bdzek\u013ciem, Zieme\u013cvalstu Ministru padomes birojs Latvij\u0101 un uz\u0146\u0113mumi \u201cLatvijas Finieris\u201d, \u201cLMT\u201d, \u201cEnefit\u201d, \u201cDNB Bank ASA\u201d Latvijas fili\u0101le, \u201cSCHWENK Latvija\u201d, \u201cCoca-Cola Baltics\u201d, \u201cIgnitis Group\u201d, \u201cAdaptive\u201d, \u201cVindr\u201d un \u201cLatvijas valsts me\u017ei\u201d.<\/p>\n","protected":false},"excerpt":{"rendered":"Inform\u0101cija par pas\u0101kumu pieteik\u0161anas k\u0101rt\u012bbu un festiv\u0101la norisi pieejama LAMPAS m\u0101jaslap\u0101: https:\/\/festivalslampa.lv\/lv\/pieteikties. Savuk\u0101rt pla\u0161\u0101ku inform\u0101ciju un atbildes uz&hellip;\n","protected":false},"author":2,"featured_media":101435,"comment_status":"","ping_status":"","sticky":false,"template":"","format":"standard","meta":{"footnotes":""},"categories":[5],"tags":[23,28,29,906,32,33,22,1813,24712,30,31,35,39,38,36,37,34,40,20,26,27,4393,24,25,21],"class_list":{"0":"post-101434","1":"post","2":"type-post","3":"status-publish","4":"format-standard","5":"has-post-thumbnail","7":"category-aktualitates","8":"tag-aktualitates","9":"tag-breaking-news","10":"tag-breakingnews","11":"tag-cesis","12":"tag-featured-news","13":"tag-featurednews","14":"tag-headlines","15":"tag-kulturas-ministrija","16":"tag-lampa","17":"tag-latest-news","18":"tag-latestnews","19":"tag-latvia","20":"tag-latvian","21":"tag-latviesu","22":"tag-latviesu-valoda","23":"tag-latviesuvaloda","24":"tag-latvija","25":"tag-lv","26":"tag-news","27":"tag-popularakas-zinas","28":"tag-popularakaszinas","29":"tag-sif","30":"tag-top-stories","31":"tag-topstories","32":"tag-zinas"},"share_on_mastodon":{"url":"https:\/\/pubeurope.com\/@lv\/115878793240720182","error":""},"_links":{"self":[{"href":"https:\/\/www.europesays.com\/lv\/wp-json\/wp\/v2\/posts\/101434","targetHints":{"allow":["GET"]}}],"collection":[{"href":"https:\/\/www.europesays.com\/lv\/wp-json\/wp\/v2\/posts"}],"about":[{"href":"https:\/\/www.europesays.com\/lv\/wp-json\/wp\/v2\/types\/post"}],"author":[{"embeddable":true,"href":"https:\/\/www.europesays.com\/lv\/wp-json\/wp\/v2\/users\/2"}],"replies":[{"embeddable":true,"href":"https:\/\/www.europesays.com\/lv\/wp-json\/wp\/v2\/comments?post=101434"}],"version-history":[{"count":0,"href":"https:\/\/www.europesays.com\/lv\/wp-json\/wp\/v2\/posts\/101434\/revisions"}],"wp:featuredmedia":[{"embeddable":true,"href":"https:\/\/www.europesays.com\/lv\/wp-json\/wp\/v2\/media\/101435"}],"wp:attachment":[{"href":"https:\/\/www.europesays.com\/lv\/wp-json\/wp\/v2\/media?parent=101434"}],"wp:term":[{"taxonomy":"category","embeddable":true,"href":"https:\/\/www.europesays.com\/lv\/wp-json\/wp\/v2\/categories?post=101434"},{"taxonomy":"post_tag","embeddable":true,"href":"https:\/\/www.europesays.com\/lv\/wp-json\/wp\/v2\/tags?post=101434"}],"curies":[{"name":"wp","href":"https:\/\/api.w.org\/{rel}","templated":true}]}}