{"id":101446,"date":"2026-01-11T22:25:28","date_gmt":"2026-01-11T22:25:28","guid":{"rendered":"https:\/\/www.europesays.com\/lv\/101446\/"},"modified":"2026-01-11T22:25:28","modified_gmt":"2026-01-11T22:25:28","slug":"koncertzalu-vaditaji-bazijas-par-krievijas-kulturas-ietekmi-latgale-raksts","status":"publish","type":"post","link":"https:\/\/www.europesays.com\/lv\/101446\/","title":{"rendered":"Koncertz\u0101\u013cu vad\u012bt\u0101ji ba\u017e\u012bjas par Krievijas kult\u016bras ietekmi Latgal\u0113 \/ Raksts"},"content":{"rendered":"<p>Tas ir ne tikai kult\u016bras, bet ar\u012b valsts dro\u0161\u012bbas jaut\u0101jums, kas raisa ba\u017eas par Krievijas ietekmes pieaugumu Latgal\u0113. Ar\u012b t\u0101di izteikumi biju\u0161i, kop\u0161\u00a0R\u0113zeknes dome atlaida no darba ilggad\u0113jo Latgales v\u0113stniec\u012bbas jeb koncertz\u0101les &#8220;Gors&#8221; vad\u012bt\u0101ju. R\u0113zeknes m\u0113rs Aleksandrs Barta\u0161evi\u010ds (&#8220;Kop\u0101 Latvijai&#8221;)\u00a0nor\u0101d\u012bjis, ka repertu\u0101rs neatbilstot r\u0113zeknie\u0161u piepras\u012bjumam un ka koncertz\u0101lei j\u0101str\u0101d\u0101 rentabl\u0101k. Dati apliecina, ka\u00a0koncertz\u0101les r\u0101d\u012bt\u0101ji nemaz nav\u00a0tik slikti.<\/p>\n<p>Latvij\u0101 ir \u010detras re\u0123ion\u0101l\u0101s koncertz\u0101les.\u00a0&#8220;Lielais dzintars&#8221; Liep\u0101j\u0101 ar trim\u00a0z\u0101l\u0113m, kas kop\u0101 var uz\u0146emt vair\u0101k nek\u0101 1300 skat\u012bt\u0101ju, C\u0113s\u012bs ir Vidzemes koncertz\u0101le, kur lielaj\u0101 z\u0101l\u0113 ir 800 vietu, bet v\u0113l ir kamerz\u0101le, \u0113r\u0123e\u013cu z\u0101le, kinoz\u0101le un izst\u0101\u017eu z\u0101le. Ventspil\u012b ir koncertz\u0101le &#8220;Latvija&#8221; ar 578 viet\u0101m un\u00a0izcil\u0101m \u0113r\u0123el\u0113m,\u00a0vertik\u0101l\u0101m koncertklavier\u0113m un R\u0113zekn\u0113 \u2013 &#8220;Gors&#8221; ar lielo z\u0101li 1000 un mazo z\u0101li 250 skat\u012bt\u0101jiem.<\/p>\n<p>&#8220;\u0160\u012bs \u010detras re\u0123ion\u0101l\u0101s koncertz\u0101les ir valsts kult\u016brpolitikas jaut\u0101jums, un tas nav tikai par dro\u0161\u012bbas jaut\u0101jumu Latgalei. Tas ir par visu \u0161o te \u2013\u00a0gan Vidzem\u0113, gan Kurzem\u0113. Iek\u0161\u0113j\u0101 iedz\u012bvot\u0101ju apmierin\u0101t\u012bba ar dz\u012bvi Latvij\u0101, ar dz\u012bves kvalit\u0101ti \u2013\u00a0t\u0101 ir svar\u012bga vis\u0101 Latvij\u0101. Un koncertz\u0101les ir sp\u0113ju\u0161as nest \u0161o m\u0113r\u0137i, \u0161o uzdevumu, \u0161o misiju. To, ko \u012bsti nevar saprast, \u2013 k\u0101 viena pa\u0161vald\u012bba var at\u013cauties \u0161\u0101du patva\u013cu,&#8221; neizpratni pau\u017e\u00a0koncertz\u0101les &#8220;C\u0113sis&#8221; m\u0101ksliniecisk\u0101 vad\u012bt\u0101ja, valdes locekle\u00a0Inese Zagorska.<\/p>\n<p>&#8220;Goram&#8221; vieni no liel\u0101kajiem bi\u013ce\u0161u ie\u0146\u0113mumiem<\/p>\n<p>Visas \u010detras koncertz\u0101les galvenok\u0101rt p\u0101rtiek no bi\u013ce\u0161u ie\u0146\u0113mumiem un naudas, ko pie\u0161\u0137ir Valsts kult\u016brkapit\u0101la fonds un pa\u0161vald\u012bba.<\/p>\n<p>Par re\u0123ion\u0101lo koncertz\u0101\u013cu darb\u012bbu jaun\u0101kie pieejamie dati ir par 2024. gadu, un tie r\u0101da, ka\u00a0Valsts kult\u016brkapit\u0101la fonda finans\u0113tos pas\u0101kumus\u00a0C\u0113s\u012bs apmekl\u0113ju\u0161i 83 665, Liep\u0101j\u0101\u00a0&#8220;Lielaj\u0101 dzintar\u0101&#8221;\u00a0\u2013 68 987, R\u0113zekn\u0113 &#8220;Gor\u0101&#8221;\u00a0\u2013 32 037\u00a0un Ventspil\u012b koncertz\u0101l\u0113 &#8220;Latvija&#8221; un &#8220;J\u016bras v\u0101rti&#8221;\u00a0\u2013 kop\u0101 10 380 skat\u012bt\u0101ju.<\/p>\n<p>            <img decoding=\"async\" src=\"https:\/\/www.europesays.com\/lv\/wp-content\/uploads\/2026\/01\/sfu3.png\" alt=\"\"\/><\/p>\n<p>&#8220;Goram&#8221; biju\u0161i ar\u012b vieni no liel\u0101kajiem bi\u013ce\u0161u ie\u0146\u0113mumiem kop\u0101 ar kult\u016brkapit\u0101la finans\u0113jumu, proti,\u00a062%. Tikai C\u0113s\u012bs ir bijis vair\u0101k jeb\u00a072%.<\/p>\n<p>            <img decoding=\"async\" src=\"https:\/\/www.europesays.com\/lv\/wp-content\/uploads\/2026\/01\/sfu4.png\" alt=\"\"\/><\/p>\n<p>Bet pa\u0161vald\u012bbas pie\u0161\u0137\u012brums R\u0113zekn\u0113 ir\u00a0viens no maz\u0101kajiem \u2013 tikai 38%. Maz\u0101k ir vien\u012bgi C\u0113s\u012bs, kur 28%.<\/p>\n<p>            <img decoding=\"async\" src=\"https:\/\/www.europesays.com\/lv\/wp-content\/uploads\/2026\/01\/sfu5.png\" alt=\"\"\/><\/p>\n<p>Ar pe\u013c\u0146u gan ir str\u0101d\u0101ju\u0161as tikai divas no \u010detr\u0101m \u2013\u00a0Liep\u0101jas un C\u0113su koncertz\u0101les.<\/p>\n<blockquote>\n<p>Ta\u010du\u00a0zaud\u0113jumi, kas biju\u0161i &#8220;Goram&#8221;, ir niec\u012bgi, proti,\u00a019 002 eiro, un tie ir maz\u0101ki\u00a0nek\u0101 Ventspil\u012b, kur zaud\u0113jumi ir 26 800 eiro.<\/p>\n<\/blockquote>\n<p>            <img decoding=\"async\" src=\"https:\/\/www.europesays.com\/lv\/wp-content\/uploads\/2026\/01\/sfu6.png\" alt=\"\"\/><\/p>\n<p>Datus gan katra koncertz\u0101le apkopo p\u0113c at\u0161\u0137ir\u012bgiem principiem, tom\u0113r var spriest, ka\u00a0R\u0113zeknes koncertz\u0101le nestr\u0101d\u0101 slikti un l\u0113mums atlaist vad\u012bt\u0101ju Di\u0101nu Zirni\u0146u un koncertz\u0101les darb\u012bbu reorganiz\u0113t ir dr\u012bz\u0101k politiski motiv\u0113ta v\u0113lme.<\/p>\n<p>&#8220;Es redzu tur \u0161o probl\u0113mu. Un tas ir b\u012bstami, jo &#8220;Gors&#8221; ir Latgales b\u0101ka, un\u00a0pal\u0113n\u0101m to aptum\u0161ot ir b\u012bstams precedents,&#8221; uzskata\u00a0koncertz\u0101les &#8220;Latvija&#8221; m\u0101kslinieciskais vad\u012bt\u0101js\u00a0Guntis Cimi\u0146\u0161.<\/p>\n<p>Koncertz\u0101les &#8220;Lielais dzintars&#8221; valdes priek\u0161s\u0113d\u0113t\u0101js\u00a0Timurs Tomsons piebilda: &#8220;Tas ir viens, ko v\u0113las ar\u012b pa\u0161vald\u012bba, \u2013 j\u0101, palielin\u0101t \u0161o krievu repertu\u0101ru. Es to nevaru apliecin\u0101t, bet vismaz t\u0101di sign\u0101li n\u0101k no apk\u0101rt\u0113jiem nozares profesion\u0101\u013ciem.&#8221;<\/p>\n<p>Daudzveid\u012bga programma<\/p>\n<p>L\u012bdz \u0161im kult\u016brkapit\u0101la fonda finans\u0113to augstv\u0113rt\u012bgo profesion\u0101l\u0101s m\u0101kslas un kult\u016bras pas\u0101kumu apmekl\u0113t\u0101ju skaits R\u0113zekn\u0113 ir audzis \u2013 ja 2024. gad\u0101 to bija 32 037, tad 2025. gad\u0101 jau 36 739.<\/p>\n<p>&#8220;R\u0113zekne \u013coti, \u013coti veiksm\u012bgi str\u0101d\u0101jusi m\u0101ksliniecisk\u0101s programmas zi\u0146\u0101 \u2013\u00a0t\u0101 ir \u013coti daudzveid\u012bga. Tas ir ar\u012b m\u016bsu koncertz\u0101\u013cu uzdevums uzrun\u0101t visas auditorijas. To m\u0113s ar\u012b dar\u0101m,&#8221; nor\u0101d\u012bja Zagorska.<\/p>\n<p>Savuk\u0101rt kult\u016bras ministre Agnese L\u0101ce (&#8220;Progres\u012bvie&#8221;) uzsv\u0113ra, ka ir svar\u012bgi, lai\u00a0m\u0101ksliniecisk\u0101s izv\u0113les, repertu\u0101rs b\u016btu koncertz\u0101les vad\u012bbas rok\u0101s un lai tas tiek dar\u012bts saska\u0146\u0101 ar auditorijas v\u0113lm\u0113m un vajadz\u012bb\u0101m.<\/p>\n<p>&#8220;Piem\u0113ram, &#8220;Gora&#8221; veiktaj\u0101 aptauj\u0101, kuru aizpild\u012bja vair\u0101ki t\u016bksto\u0161i cilv\u0113ku, apmierin\u0101t\u012bba ar repertu\u0101ru \u0161aj\u0101 koncertz\u0101l\u0113\u00a0bija \u013coti augsta. Ir \u013coti svar\u012bgi, manupr\u0101t, ikvienam apzin\u0101ties, ka<\/p>\n<blockquote>\n<p>to,\u00a0vai koncertz\u0101le str\u0101d\u0101 labi vai n\u0113,\u00a0nevaram m\u0113r\u012bt tikai apmekl\u0113t\u0101ju skait\u0101 vai pe\u013c\u0146\u0101. Tas ir tie\u0161i par daudzveid\u012bgu saturu un par to, k\u0101 t\u0101 sp\u0113j uzrun\u0101t da\u017e\u0101das sabiedr\u012bbas grupas un da\u017e\u0101dus sabiedr\u012bbas sl\u0101\u0146us,&#8221; teica L\u0101ce.<\/p>\n<\/blockquote>\n<p>Ar\u012b Tomsons uzsv\u0113ra: &#8220;\u0160iem augstv\u0113rt\u012bgajiem pas\u0101kumiem ir j\u0101b\u016bt. Ja to nav, tad \u0161\u012b gaume neveidojas. Tas n\u0101k kop\u0101 ar izgl\u012bt\u012bbu, ar pieredzi. Ja \u0161o pas\u0101kumu nav, ar\u012b auditorijas att\u012bst\u012bba nenotiek, l\u012bdz ar to tam ir j\u0101b\u016bt k\u0101 ilgtermi\u0146a redz\u0113jumam, k\u0101 palielin\u0101t \u0161os apmekl\u0113jumus.&#8221;<\/p>\n<p>Gan ministre, gan koncertz\u0101\u013cu vad\u012bt\u0101ji atzina \u2013 katra koncertz\u0101le ir atradusi savu ni\u0161u, kur darboties un katrai ir savs uzdevums.<\/p>\n<p>&#8220;Katra koncertz\u0101le\u00a0ir k\u0101 sava plan\u0113ta. M\u0113s nevaram t\u0101s sal\u012bdzin\u0101t. Katr\u0101 ir savs modelis. Liep\u0101j\u0101 ir Liep\u0101jas Simfoniskais or\u0137estris. Varb\u016bt Ventspil\u012b ir l\u012bdz\u012bg\u0101k ar &#8220;Goru&#8221; gan programmu, gan t\u0101d\u0101 dom\u0101\u0161anas zi\u0146\u0101, bet tom\u0113r ar\u012b mums ir divas z\u0101les. T\u0101pat m\u0113s nevaram sal\u012bdzin\u0101t ar C\u0113s\u012bm. Tur ir ar\u012b savs R\u012bgas tuvums, kas vi\u0146iem pal\u012bdz piepild\u012bt un veidot ambiciozus projektus,&#8221; skaidroja Cimi\u0146\u0161.<\/p>\n<p>Tomsons v\u0113l uzsv\u0113ra, ka &#8220;Gors&#8221; ir izv\u0113l\u0113jies att\u012bst\u012bt Latgales kult\u016bras telpu. &#8220;Vi\u0146iem ir vair\u0101k aktu\u0101l\u0101ka tie\u0161i folkloras mijiedarbe ar profesion\u0101lo m\u0101kslu, ar latgalisk\u0101 ievie\u0161anu ar\u012b profesion\u0101laj\u0101 m\u0101ksl\u0101, kas Kurzem\u0113 varb\u016bt ir maz\u0101k rakstur\u012bgs, jo tas nav tas, kas veido m\u016bsu identit\u0101ti, kurzemnieces identit\u0101ti. T\u0101p\u0113c \u0161is strat\u0113\u0123iskais redz\u0113jums bija \u0101rk\u0101rt\u012bgi interesants ar\u012b no t\u0101das profesion\u0101l\u0101s m\u0101kslas izpausm\u0113m \u2013 k\u0101 \u0161\u012b simbioze veidoj\u0101s, veidojot jaunu, v\u0113l nebiju\u0161u saskarsmi. Tas bija diezgan veiksm\u012bgs st\u0101sts.&#8221;<\/p>\n<p>Valsts prezidents Edgars Rink\u0113vi\u010ds atzinis, ka, \u0146emot v\u0113r\u0101 Latgales re\u0123iona un austrumu pierobe\u017eas specifiku un pasaul\u0113 notieko\u0161o, &#8220;Gors&#8221; ir j\u0101p\u0101r\u0146em valsts p\u0101rzi\u0146\u0101.<\/p>\n<p>KONTEKSTS:<\/p>\n<p>P\u0113c R\u0113zeknes valstspils\u0113tas domes pas\u016bt\u012bt\u0101\u00a0<a data-id=\"626691\" data-type=\"article\" href=\"https:\/\/www.lsm.lv\/raksts\/zinas\/latvija\/16.12.2025-neskaidra-rezeknes-koncertzales-gors-nakotne.a626691\/?utm_source=lsm&amp;utm_medium=theme&amp;utm_campaign=theme\" target=\"_blank\" class=\"lsm-link\" rel=\"nofollow noopener\">Austrumlatvijas koncertz\u0101les &#8220;Gors&#8221; darb\u012bbas audita<\/a>\u00a0pa\u0161vald\u012bba s\u0101ka\u00a0skat\u012bt jaut\u0101jumus par koncertz\u0101lei sniegt\u0101 vietvaras finans\u0113juma\u00a0samazin\u0101\u0161anu\u00a0un t\u0101s\u00a0p\u0101rvald\u012bbas formas mai\u0146u. Audita pas\u016bt\u012b\u0161anas iemesls bija\u00a0ie\u0146\u0113mumu uzskaite\u00a0un rentabl\u0101ko pas\u0101kumu izv\u0113rt\u0113\u0161ana.<\/p>\n<p>Iesp\u0113jamos koncertz\u0101les reorganiz\u0101cijas scen\u0101rijus izv\u0113rt\u0113\u00a0&#8220;Gora&#8221; darba grupa, kas izskat\u012bjusi iesp\u0113ju par koncertz\u0101les nodo\u0161anu priv\u0101tajam sektoram. Opoz\u012bcijas deput\u0101ti nor\u0101da, ka to rosin\u0101jis\u00a0R\u0113zeknes m\u0113rs Aleksandrs Barta\u0161evi\u010ds\u00a0(&#8220;Kop\u0101 Latvijai&#8221;https:\/\/www.lsm.lv\/&#8221;Latvija pirmaj\u0101 viet\u0101&#8221;), kur\u0161 v\u0113l\u0101k skaidroja, ka<a data-id=\"627597\" data-type=\"article\" href=\"https:\/\/www.lsm.lv\/raksts\/zinas\/latvija\/23.12.2025-rezekne-vairs-neizskata-iespeju-koncertzali-gors-nodot-privata-parvaldiba.a627597\/?utm_source=lsm&amp;utm_medium=theme&amp;utm_campaign=theme\" target=\"_blank\" class=\"lsm-link\" rel=\"nofollow noopener\">\u00a0&#8220;Gora&#8221; nodo\u0161ana\u00a0priv\u0101tajam\u00a0sektoram nav\u00a0bijis priorit\u0101rais risin\u0101jums<\/a>.\u00a0<\/p>\n<p>Sabiedr\u012bba\u00a0uzs\u0101ka\u00a0parakstu v\u0101k\u0161anu pret koncertz\u0101les nodo\u0161anu priv\u0101t\u0101s rok\u0101s\u00a0\u2013\u00a0<a data-id=\"627027\" data-type=\"article\" href=\"https:\/\/www.lsm.lv\/raksts\/kultura\/kulturtelpa\/18.12.2025-pret-koncertzales-gors-atdosanu-privata-nomnieka-rokas-savakti-jau-vairak-neka-2500-parakstu.a627027\/?utm_source=lsm&amp;utm_medium=theme&amp;utm_campaign=theme\" target=\"_blank\" class=\"lsm-link\" rel=\"nofollow noopener\">platform\u0101 &#8220;ManaBalss.lv&#8221; iniciat\u012bvu parakst\u012bju\u0161i jau vair\u0101k nek\u0101 10 000 cilv\u0113ki.\u00a0<\/a>Nepilnu ned\u0113\u013cu p\u0113c parakstu v\u0101k\u0161anas uzs\u0101k\u0161anas un\u00a0Kult\u016bras ministrijas aicin\u0101juma iesaist\u012bt visas puses, Barta\u0161evi\u010ds\u00a0pazi\u0146oja \u2013\u00a0&#8220;Gora&#8221; nodo\u0161ana\u00a0priv\u0101tajam\u00a0sektoram vairs netiek izskat\u012bta, bet variants\u00a0var\u0113tu b\u016bt\u00a0<a data-id=\"627597\" data-type=\"article\" href=\"https:\/\/www.lsm.lv\/raksts\/zinas\/latvija\/23.12.2025-rezekne-vairs-neizskata-iespeju-koncertzali-gors-nodot-privata-parvaldiba.a627597\/?utm_source=lsm&amp;utm_medium=theme&amp;utm_campaign=theme\" target=\"_blank\" class=\"lsm-link\" rel=\"nofollow noopener\">koncertz\u0101les nodo\u0161ana valsts p\u0101rvald\u012bb\u0101.<\/a><\/p>\n<p>M\u0113rs uzsver, ka zi\u0146ojums neb\u016bs\u00a0pieejams pla\u0161\u0101kai publikai, jo\u00a0<a data-id=\"627597\" data-type=\"article\" href=\"https:\/\/www.lsm.lv\/raksts\/zinas\/latvija\/23.12.2025-rezekne-vairs-neizskata-iespeju-koncertzali-gors-nodot-privata-parvaldiba.a627597\/?utm_source=lsm&amp;utm_medium=theme&amp;utm_campaign=theme\" target=\"_blank\" class=\"lsm-link\" rel=\"nofollow noopener\">audita rezult\u0101ti ir paredz\u0113ti iek\u0161\u0113jai lieto\u0161anai iesaist\u012btajiem darbiniekiem<\/a>, tostarp &#8220;Gora&#8221; administr\u0101cijai.\u00a0Kult\u016bras ministrija jaut\u0101jumos par koncertz\u0101les n\u0101kotni\u00a0<a data-id=\"628196\" data-type=\"article\" href=\"https:\/\/www.lsm.lv\/raksts\/kultura\/kulturtelpa\/30.12.2025-km-pirms-tiksanas-ar-rezeknes-domi-nekomentes-turpmakas-koncertzales-gors-parvaldibas-iespejas.a628196\/?utm_source=lsm&amp;utm_medium=theme&amp;utm_campaign=theme\" target=\"_blank\" class=\"lsm-link\" rel=\"nofollow noopener\">sadarbojas\u00a0ar Vied\u0101s administr\u0101cijas un re\u0123ion\u0101l\u0101s att\u012bst\u012bbas ministriju (VARAM) un Ekonomikas ministriju<\/a>.<\/p>\n<p>2025. gada 30. decembr\u012b p\u0113c &#8220;Gora&#8221; darba grupas \u0101rk\u0101rtas sapulces\u00a0<a data-id=\"628208\" data-type=\"article\" href=\"https:\/\/www.lsm.lv\/raksts\/kultura\/kulturtelpa\/30.12.2025-no-amata-atsaukta-latgales-vestniecibas-gors-ilggadeja-vaditaja-diana-zirnina.a628208\/?utm_source=lsm&amp;utm_medium=theme&amp;utm_campaign=theme\" target=\"_blank\" class=\"lsm-link\" rel=\"nofollow noopener\">no darba atst\u0101din\u0101ta\u00a0Di\u0101na Zirni\u0146a<\/a>, kura\u00a0bija koncertz\u0101les vad\u012bt\u0101ja kop\u0161 t\u0101s atv\u0113r\u0161anas 2013. gad\u0101.\u00a0Uz\u0146\u0113muma valdes locek\u013ca amat\u0101 iecelta Iveta Cipruse. P\u0113k\u0161\u0146o l\u0113mumu par Zirni\u0146as atst\u0101din\u0101\u0161anu\u00a0<a data-id=\"628276\" data-type=\"article\" href=\"https:\/\/www.lsm.lv\/raksts\/kultura\/kulturtelpa\/30.12.2025-bargi-kritize-peksno-lemumu-atsaukt-no-amata-latgales-vestniecibas-gors-ilggadejo-vaditaju.a628276\/?utm_source=lsm&amp;utm_medium=theme&amp;utm_campaign=theme\" target=\"_blank\" class=\"lsm-link\" rel=\"nofollow noopener\">kritiz\u0113ja\u00a0gan ministri, gan sabiedr\u012bba<\/a>.<\/p>\n","protected":false},"excerpt":{"rendered":"Tas ir ne tikai kult\u016bras, bet ar\u012b valsts dro\u0161\u012bbas jaut\u0101jums, kas raisa ba\u017eas par Krievijas ietekmes pieaugumu Latgal\u0113.&hellip;\n","protected":false},"author":2,"featured_media":101447,"comment_status":"","ping_status":"","sticky":false,"template":"","format":"standard","meta":{"footnotes":""},"categories":[5],"tags":[23,28,29,32,33,22,30,31,35,39,38,36,37,34,40,20,26,27,24,25,21],"class_list":{"0":"post-101446","1":"post","2":"type-post","3":"status-publish","4":"format-standard","5":"has-post-thumbnail","7":"category-aktualitates","8":"tag-aktualitates","9":"tag-breaking-news","10":"tag-breakingnews","11":"tag-featured-news","12":"tag-featurednews","13":"tag-headlines","14":"tag-latest-news","15":"tag-latestnews","16":"tag-latvia","17":"tag-latvian","18":"tag-latviesu","19":"tag-latviesu-valoda","20":"tag-latviesuvaloda","21":"tag-latvija","22":"tag-lv","23":"tag-news","24":"tag-popularakas-zinas","25":"tag-popularakaszinas","26":"tag-top-stories","27":"tag-topstories","28":"tag-zinas"},"share_on_mastodon":{"url":"https:\/\/pubeurope.com\/@lv\/115878816837106640","error":""},"_links":{"self":[{"href":"https:\/\/www.europesays.com\/lv\/wp-json\/wp\/v2\/posts\/101446","targetHints":{"allow":["GET"]}}],"collection":[{"href":"https:\/\/www.europesays.com\/lv\/wp-json\/wp\/v2\/posts"}],"about":[{"href":"https:\/\/www.europesays.com\/lv\/wp-json\/wp\/v2\/types\/post"}],"author":[{"embeddable":true,"href":"https:\/\/www.europesays.com\/lv\/wp-json\/wp\/v2\/users\/2"}],"replies":[{"embeddable":true,"href":"https:\/\/www.europesays.com\/lv\/wp-json\/wp\/v2\/comments?post=101446"}],"version-history":[{"count":0,"href":"https:\/\/www.europesays.com\/lv\/wp-json\/wp\/v2\/posts\/101446\/revisions"}],"wp:featuredmedia":[{"embeddable":true,"href":"https:\/\/www.europesays.com\/lv\/wp-json\/wp\/v2\/media\/101447"}],"wp:attachment":[{"href":"https:\/\/www.europesays.com\/lv\/wp-json\/wp\/v2\/media?parent=101446"}],"wp:term":[{"taxonomy":"category","embeddable":true,"href":"https:\/\/www.europesays.com\/lv\/wp-json\/wp\/v2\/categories?post=101446"},{"taxonomy":"post_tag","embeddable":true,"href":"https:\/\/www.europesays.com\/lv\/wp-json\/wp\/v2\/tags?post=101446"}],"curies":[{"name":"wp","href":"https:\/\/api.w.org\/{rel}","templated":true}]}}