{"id":101451,"date":"2026-01-11T22:29:24","date_gmt":"2026-01-11T22:29:24","guid":{"rendered":"https:\/\/www.europesays.com\/lv\/101451\/"},"modified":"2026-01-11T22:29:24","modified_gmt":"2026-01-11T22:29:24","slug":"ari-irijas-lauksaimnieki-bazas-par-mercosur-ligumu-iziet-ielas","status":"publish","type":"post","link":"https:\/\/www.europesays.com\/lv\/101451\/","title":{"rendered":"Ar\u012b \u012arijas lauksaimnieki, ba\u017e\u0101s par &#8220;Mercosur&#8221;, l\u012bgumu iziet iel\u0101s"},"content":{"rendered":"<p class=\"descr\">Vair\u0101ki t\u016bksto\u0161i \u012arijas lauksaimnieku sestdien protest\u0113ja pret Eiropas Savien\u012bbas (ES) un vair\u0101ku Dienvidamerikas valstu kop\u0113j\u0101 tirgus &#8220;Mercosur&#8221; br\u012bv\u0101s tirdzniec\u012bbas nol\u012bgumu, kura parakst\u012b\u0161anu neilgi pirms tam apstiprin\u0101ja vair\u0101kums bloka dal\u012bbvalstu.<\/p>\n<p><a href=\"https:\/\/nra.lv\/birka\/traktori\/\" target=\"_blank\" rel=\"noopener nofollow\">Traktori<\/a> piepild\u012bja ielas Atlon\u0101, \u012arijas vidien\u0113, un demonstrantiem bija plak\u0101ti ar uzrakstiem &#8220;Stop ES-&#8220;Mercosur&#8221;&#8221;, k\u0101 ar\u012b ES karogi ar uzrakstiem &#8220;p\u0101rdev\u0101s&#8221;.<\/p>\n<p><a href=\"https:\/\/nra.lv\/birka\/lauksaimnieki\/\" target=\"_blank\" rel=\"noopener nofollow\">Lauksaimnieki<\/a> piektdien pret vieno\u0161anos protest\u0113ja Polij\u0101, k\u0101 ar\u012b blo\u0137\u0113ja ce\u013cus Francij\u0101 un Be\u013c\u0123ij\u0101.<\/p>\n<p>Vair\u0101kums ES dal\u012bbvalstu piektdien balsojum\u0101 atbalst\u012bja bloka un &#8220;<a href=\"https:\/\/nra.lv\/birka\/mercosur\/\" target=\"_blank\" rel=\"noopener nofollow\">Mercosur<\/a>&#8221; br\u012bv\u0101s tirdzniec\u012bbas nol\u012bguma parakst\u012b\u0161anu. Lai tas st\u0101tos sp\u0113k\u0101, v\u0113l nepiecie\u0161ams Eiropas Parlamenta atbalsts.<\/p>\n<blockquote><p>Pret to balsoja Polija, Francija, \u012arija, Austrija un Ung\u0101rija.<\/p><\/blockquote>\n<p>Ar 25 gadus gatavoto nol\u012bgumu starp <a href=\"https:\/\/nra.lv\/birka\/eiropas-savieniba\/\" target=\"_blank\" rel=\"noopener nofollow\">ES<\/a> un Braz\u012bliju, Argent\u012bnu, Urugvaju un Paragvaju tiks izveidota viena no pasaul\u0113 liel\u0101kaj\u0101m br\u012bv\u0101s tirdzniec\u012bbas zon\u0101m, un tas \u013caus ES eksport\u0113t vair\u0101k automa\u0161\u012bnu, tehnikas un alkoholisko dz\u0113rienu uz <a href=\"https:\/\/nra.lv\/birka\/latinamerika\/\" target=\"_blank\" rel=\"noopener nofollow\">Lat\u012b\u0146ameriku<\/a>.<\/p>\n<p>Vieno\u0161anos atbalsta uz\u0146\u0113m\u0113ji, ta\u010du Eiropas lauksaimnieki to kritiz\u0113, jo ba\u017e\u012bjas, ka vi\u0146u darb\u012bbai var\u0113tu kait\u0113t l\u0113t\u0101ku <a href=\"https:\/\/nra.lv\/birka\/partikas-preces\/\" target=\"_blank\" rel=\"noopener nofollow\">p\u0101rtikas pre\u010du<\/a> iepl\u016b\u0161ana no Braz\u012blijas un t\u0101s kaimi\u0146zem\u0113m.<\/p>\n<p>\u012arijas lauksaimnieki \u012bpa\u0161i ba\u017e\u012bjas par 99 000 tonnu l\u0113tas liellopa ga\u013cas no Dienvidamerikas non\u0101k\u0161anu tirg\u016b, kas var kait\u0113t \u012arijas lauksaimniekiem.<\/p>\n<p>\t\t\t\t\t\tinfo<\/p>\n<p>Uzzini pirmais<br \/>kas interesants noticis Latvij\u0101 un pasaul\u0113,<br \/>pievienojoties mums <a href=\"https:\/\/t.me\/neatkariga\" rel=\"nofollow\">Telegram<\/a> vai <a href=\"https:\/\/whatsapp.com\/channel\/0029VaMLFUH5K3zLU5s4wm3y\" rel=\"nofollow noopener\" target=\"_blank\">Whatsapp<\/a> kan\u0101l\u0101<\/p>\n","protected":false},"excerpt":{"rendered":"Vair\u0101ki t\u016bksto\u0161i \u012arijas lauksaimnieku sestdien protest\u0113ja pret Eiropas Savien\u012bbas (ES) un vair\u0101ku Dienvidamerikas valstu kop\u0113j\u0101 tirgus &#8220;Mercosur&#8221; br\u012bv\u0101s&hellip;\n","protected":false},"author":2,"featured_media":101452,"comment_status":"","ping_status":"","sticky":false,"template":"","format":"standard","meta":{"footnotes":""},"categories":[14],"tags":[23,57,28,29,32,33,22,30,31,35,39,38,36,37,34,40,20,26,27,24,25,54,55,56,21,58],"class_list":{"0":"post-101451","1":"post","2":"type-post","3":"status-publish","4":"format-standard","5":"has-post-thumbnail","7":"category-zinas-no-arvalstim","8":"tag-aktualitates","9":"tag-arvalstim","10":"tag-breaking-news","11":"tag-breakingnews","12":"tag-featured-news","13":"tag-featurednews","14":"tag-headlines","15":"tag-latest-news","16":"tag-latestnews","17":"tag-latvia","18":"tag-latvian","19":"tag-latviesu","20":"tag-latviesu-valoda","21":"tag-latviesuvaloda","22":"tag-latvija","23":"tag-lv","24":"tag-news","25":"tag-popularakas-zinas","26":"tag-popularakaszinas","27":"tag-top-stories","28":"tag-topstories","29":"tag-world","30":"tag-world-news","31":"tag-worldnews","32":"tag-zinas","33":"tag-zinas-no-arvalstim"},"share_on_mastodon":{"url":"https:\/\/pubeurope.com\/@lv\/115878832577995758","error":""},"_links":{"self":[{"href":"https:\/\/www.europesays.com\/lv\/wp-json\/wp\/v2\/posts\/101451","targetHints":{"allow":["GET"]}}],"collection":[{"href":"https:\/\/www.europesays.com\/lv\/wp-json\/wp\/v2\/posts"}],"about":[{"href":"https:\/\/www.europesays.com\/lv\/wp-json\/wp\/v2\/types\/post"}],"author":[{"embeddable":true,"href":"https:\/\/www.europesays.com\/lv\/wp-json\/wp\/v2\/users\/2"}],"replies":[{"embeddable":true,"href":"https:\/\/www.europesays.com\/lv\/wp-json\/wp\/v2\/comments?post=101451"}],"version-history":[{"count":0,"href":"https:\/\/www.europesays.com\/lv\/wp-json\/wp\/v2\/posts\/101451\/revisions"}],"wp:featuredmedia":[{"embeddable":true,"href":"https:\/\/www.europesays.com\/lv\/wp-json\/wp\/v2\/media\/101452"}],"wp:attachment":[{"href":"https:\/\/www.europesays.com\/lv\/wp-json\/wp\/v2\/media?parent=101451"}],"wp:term":[{"taxonomy":"category","embeddable":true,"href":"https:\/\/www.europesays.com\/lv\/wp-json\/wp\/v2\/categories?post=101451"},{"taxonomy":"post_tag","embeddable":true,"href":"https:\/\/www.europesays.com\/lv\/wp-json\/wp\/v2\/tags?post=101451"}],"curies":[{"name":"wp","href":"https:\/\/api.w.org\/{rel}","templated":true}]}}