{"id":101467,"date":"2026-01-11T22:53:16","date_gmt":"2026-01-11T22:53:16","guid":{"rendered":"https:\/\/www.europesays.com\/lv\/101467\/"},"modified":"2026-01-11T22:53:16","modified_gmt":"2026-01-11T22:53:16","slug":"kas-notiek-kremlis-steidzami-mekle-jaunu-ietekmigu-cilveku-cecenijas-parvaldei","status":"publish","type":"post","link":"https:\/\/www.europesays.com\/lv\/101467\/","title":{"rendered":"Kas notiek? Kremlis steidzami mekl\u0113 jaunu ietekm\u012bgu cilv\u0113ku \u010ce\u010denijas p\u0101rvaldei"},"content":{"rendered":"<p>    <img decoding=\"async\" src=\"https:\/\/www.europesays.com\/lv\/wp-content\/uploads\/2026\/01\/FotoJet-2024-04-17T165832.832-1024x683.jpg\" alt=\"&#10;Vladimirs Putins un Ramzans Kadirovs&#10;\"\/><\/p>\n<p>Vladimirs Putins un Ramzans Kadirovs<\/p>\n<p>Foto. Scanpix\/LETA. Kol\u0101\u017ea: LA.lv\n<\/p>\n<p>15:09, 11. janv\u0101ris 2026<\/p>\n<p>K\u0101 zi\u0146o \u0101rvalstu mediji, \u010ce\u010denijas valdniekam Ramzanam Kadirovam (Krievija) ir nieru mazsp\u0113ja un tiek veikta dial\u012bze. Avoti nor\u0101da, ka vi\u0146\u0161 atrodas slimn\u012bc\u0101, un kop\u0101 ar vi\u0146u ir \u0123imenes klana locek\u013ci, kas ieradu\u0161ies ne tikai no da\u017e\u0101diem Krievijas re\u0123ioniem, bet ar\u012b no cit\u0101m valst\u012bm.<\/p>\n<p>        Las\u012bt\u0101kie<br \/>\n        <a data-imagesrc=\"{&quot;300&quot;:&quot;https:\\\/\\\/lastatic.ams3.cdn.digitaloceanspaces.com\\\/2026\\\/01\\\/mi-300x200.png&quot;,&quot;1024&quot;:&quot;https:\\\/\\\/lastatic.ams3.cdn.digitaloceanspaces.com\\\/2026\\\/01\\\/mi-1024x683.png&quot;,&quot;500&quot;:&quot;https:\\\/\\\/lastatic.ams3.cdn.digitaloceanspaces.com\\\/2026\\\/01\\\/mi-500x333.png&quot;,&quot;800&quot;:&quot;https:\\\/\\\/lastatic.ams3.cdn.digitaloceanspaces.com\\\/2026\\\/01\\\/mi-800x533.png&quot;,&quot;1536&quot;:&quot;https:\\\/\\\/lastatic.ams3.cdn.digitaloceanspaces.com\\\/2026\\\/01\\\/mi.png&quot;}\" data-focuspoint=\"&quot;&quot;\" data-p=\"2491547\" href=\"https:\/\/www.la.lv\/paregojums-par-2026-gadu-piepildijies-tikai-nedelu-pec-gada-sakuma-gaisrege-aicina-gatavoties-talakajam\" class=\"content-item lazy-load\" wp_automatic_readability=\"26.5\" rel=\"nofollow noopener\" target=\"_blank\"><\/p>\n<p>                                <img decoding=\"async\" src=\"\" alt=\"\" style=\"\" data-imageid=\"\"\/><\/p>\n<p>                                Kokteilis<\/p>\n<p>\n                                                Pare\u0123ojums par 2026. gadu piepild\u012bjies tikai ned\u0113\u013cu p\u0113c gada s\u0101kuma: gai\u0161re\u0123e aicina gatavoties t\u0101l\u0101kajam\n                            <\/p>\n<p><\/a><a data-imagesrc=\"{&quot;300&quot;:&quot;https:\\\/\\\/lastatic.ams3.cdn.digitaloceanspaces.com\\\/2026\\\/01\\\/LET_9547010-300x200.jpg&quot;,&quot;1024&quot;:&quot;https:\\\/\\\/lastatic.ams3.cdn.digitaloceanspaces.com\\\/2026\\\/01\\\/LET_9547010-1024x683.jpg&quot;,&quot;1536&quot;:&quot;https:\\\/\\\/lastatic.ams3.cdn.digitaloceanspaces.com\\\/2026\\\/01\\\/LET_9547010-1536x1024.jpg&quot;,&quot;500&quot;:&quot;https:\\\/\\\/lastatic.ams3.cdn.digitaloceanspaces.com\\\/2026\\\/01\\\/LET_9547010-500x333.jpg&quot;,&quot;800&quot;:&quot;https:\\\/\\\/lastatic.ams3.cdn.digitaloceanspaces.com\\\/2026\\\/01\\\/LET_9547010-800x533.jpg&quot;,&quot;2560&quot;:&quot;https:\\\/\\\/lastatic.ams3.cdn.digitaloceanspaces.com\\\/2026\\\/01\\\/LET_9547010-scaled.jpg&quot;}\" data-focuspoint=\"&quot;&quot;\" data-p=\"2489646\" href=\"https:\/\/www.la.lv\/tehniskas-apskates-laika-notiek-divainas-lietas-fenomens-par-kuru-neviens-skali-neruna\" class=\"content-item lazy-load\" wp_automatic_readability=\"26.5\" rel=\"nofollow noopener\" target=\"_blank\"><\/p>\n<p>                                <img decoding=\"async\" src=\"\" alt=\"\" style=\"\" data-imageid=\"\"\/><\/p>\n<p>\n                                                Tehnisk\u0101s apskates laik\u0101 notiek d\u012bvainas lietas \u2013 fenomens, par kuru neviens ska\u013ci nerun\u0101\n                            <\/p>\n<p><\/a><a data-imagesrc=\"{&quot;300&quot;:&quot;https:\\\/\\\/lastatic.ams3.cdn.digitaloceanspaces.com\\\/2026\\\/01\\\/FotoJet-22-300x200.jpg&quot;,&quot;1024&quot;:&quot;https:\\\/\\\/lastatic.ams3.cdn.digitaloceanspaces.com\\\/2026\\\/01\\\/FotoJet-22-1024x683.jpg&quot;,&quot;1536&quot;:&quot;https:\\\/\\\/lastatic.ams3.cdn.digitaloceanspaces.com\\\/2026\\\/01\\\/FotoJet-22-1536x1024.jpg&quot;,&quot;500&quot;:&quot;https:\\\/\\\/lastatic.ams3.cdn.digitaloceanspaces.com\\\/2026\\\/01\\\/FotoJet-22-500x333.jpg&quot;,&quot;800&quot;:&quot;https:\\\/\\\/lastatic.ams3.cdn.digitaloceanspaces.com\\\/2026\\\/01\\\/FotoJet-22-800x533.jpg&quot;,&quot;1800&quot;:&quot;https:\\\/\\\/lastatic.ams3.cdn.digitaloceanspaces.com\\\/2026\\\/01\\\/FotoJet-22.jpg&quot;}\" data-focuspoint=\"&quot;&quot;\" data-p=\"2492223\" href=\"https:\/\/www.la.lv\/foto-luk-sadas-personibas-maina-liktenus-serojosa-sieva-un-daudzi-sabiedriba-zinami-cilveki-atvadas-no-imanta-freiberga\" class=\"content-item lazy-load\" wp_automatic_readability=\"27\" rel=\"nofollow noopener\" target=\"_blank\"><\/p>\n<p>                                <img decoding=\"async\" src=\"\" alt=\"\" style=\"\" data-imageid=\"\"\/><\/p>\n<p>                                            FOTO. \u201cL\u016bk, \u0161\u0101das person\u012bbas maina likte\u0146us!\u201d S\u0113rojo\u0161\u0101 sieva un daudzi sabiedr\u012bb\u0101 zin\u0101mi cilv\u0113ki atvad\u0101s no Imanta Freiberga\n                            <\/p>\n<p><\/a><br \/>\n        <a class=\"read-more\" href=\"https:\/\/www.la.lv\/top\" rel=\"nofollow noopener\" target=\"_blank\">Las\u012bt citas zi\u0146as<\/a><\/p>\n<p>Viens no avotiem nor\u0101da, ka, t\u0101 k\u0101 Kadirovam ir nopietnas vesel\u012bbas probl\u0113mas, tiek mekl\u0113ts aizvietot\u0101js. Medijs \u201cNexta\u201d soci\u0101laj\u0101 vietn\u0113 \u201cX\u201d v\u0113sta: \u201cKadirova nieres ir p\u0101rst\u0101ju\u0161as darboties. Kremlis steidzami mekl\u0113 jaunu ietekm\u012bgu personu \u010ce\u010denijas p\u0101rvaldei, zi\u0146o avoti Ukrainas milit\u0101raj\u0101 izl\u016bkdienest\u0101 (HUR). Kadirovs pa\u0161laik atrodas sav\u0101 priv\u0101taj\u0101 slimn\u012bc\u0101 \u2014 tur ir sapulc\u0113ju\u0161ies vi\u0146a \u0123imenes locek\u013ci.\u201d<\/p>\n<p>Starp kandid\u0101tiem ir Kadirova vec\u0101kais d\u0113ls Ahmats, k\u0101 ar\u012b \u010ce\u010denijas vald\u012bbas vad\u012bt\u0101js Magomeds Daudovs un \u201cAhmat\u201d vien\u012bbas komandieris Apti Alaudinovs.<\/p>\n<p>    CITI \u0160OBR\u012aD LASA<\/p>\n<p>K\u0101 zin\u0101ms, janv\u0101r\u012b Kadirovs iec\u0113la savu 20 gadus veco d\u0113lu Ahmatu par republikas vald\u012bbas vad\u012bt\u0101ja vietnieka pien\u0101kumu izpild\u012bt\u0101ju. <\/p>\n<p>Papildus Ahmatam Kadirovam paaugstin\u0101jumu sa\u0146\u0113ma ar\u012b nacion\u0101l\u0101s politikas, \u0101r\u0113jo sakaru, preses un inform\u0101cijas ministrs Ahmeds Dudajevs. P\u0113c Ramzana Kadirova teikt\u0101, l\u0113mumi par person\u0101lu tika pie\u0146emti p\u0113c \u010ce\u010denijas vald\u012bbas vad\u012bt\u0101ja Magomeda Daudova ierosin\u0101juma.<\/p>\n<p>Tika atz\u012bm\u0113ts, ka Kadirovs nekoment\u0113ja, vai vi\u0146a d\u0113la iecel\u0161ana amat\u0101 ir saist\u012bta ar zi\u0146\u0101m par vi\u0146a pa\u0161a vesel\u012bbu. Pag\u0101ju\u0161\u0101 gada beig\u0101s vair\u0101ki pla\u0161sazi\u0146as l\u012bdzek\u013ci rakst\u012bja par iesp\u0113jamo \u010ce\u010denijas vad\u012bt\u0101ja hospitaliz\u0101ciju Maskav\u0101, ta\u010du ofici\u0101la apstiprin\u0101juma \u0161ai inform\u0101cijai nebija.<\/p>\n<blockquote class=\"twitter-tweet\" wp_automatic_readability=\"14.96\">\n<p lang=\"en\" dir=\"ltr\">\u26a1\ufe0f \u26a1\ufe0f Kadyrov\u2019s kidneys have failed<\/p>\n<p>The Kremlin is urgently looking for a new strongman to rule Chechnya, sources in Ukraine\u2019s military intelligence (HUR) say.<\/p>\n<p>Kadyrov is currently in his private hospital \u2014 members of his family have gathered there.<\/p>\n<p>And this time, no\u2026 <a href=\"https:\/\/t.co\/HuLUE4DVAH\" rel=\"nofollow\">pic.twitter.com\/HuLUE4DVAH<\/a><\/p>\n<p>\u2014 NEXTA (@nexta_tv) <a href=\"https:\/\/twitter.com\/nexta_tv\/status\/2010306263368806466?ref_src=twsrc%5Etfw\" rel=\"nofollow noopener\" target=\"_blank\">January 11, 2026<\/a><\/p>\n<\/blockquote>\n<p>T\u0113mas<\/p>\n<p>    SAIST\u012aTIE RAKSTI<\/p>\n<p>                            <script async src=\"https:\/\/platform.twitter.com\/widgets.js\" charset=\"utf-8\"><\/script><\/p>\n","protected":false},"excerpt":{"rendered":"Vladimirs Putins un Ramzans Kadirovs Foto. Scanpix\/LETA. Kol\u0101\u017ea: LA.lv 15:09, 11. janv\u0101ris 2026 K\u0101 zi\u0146o \u0101rvalstu mediji, \u010ce\u010denijas&hellip;\n","protected":false},"author":2,"featured_media":101468,"comment_status":"","ping_status":"","sticky":false,"template":"","format":"standard","meta":{"footnotes":""},"categories":[14],"tags":[23,57,28,29,32,33,22,30,31,35,39,38,36,37,34,40,20,26,27,24,25,54,55,56,21,58],"class_list":{"0":"post-101467","1":"post","2":"type-post","3":"status-publish","4":"format-standard","5":"has-post-thumbnail","7":"category-zinas-no-arvalstim","8":"tag-aktualitates","9":"tag-arvalstim","10":"tag-breaking-news","11":"tag-breakingnews","12":"tag-featured-news","13":"tag-featurednews","14":"tag-headlines","15":"tag-latest-news","16":"tag-latestnews","17":"tag-latvia","18":"tag-latvian","19":"tag-latviesu","20":"tag-latviesu-valoda","21":"tag-latviesuvaloda","22":"tag-latvija","23":"tag-lv","24":"tag-news","25":"tag-popularakas-zinas","26":"tag-popularakaszinas","27":"tag-top-stories","28":"tag-topstories","29":"tag-world","30":"tag-world-news","31":"tag-worldnews","32":"tag-zinas","33":"tag-zinas-no-arvalstim"},"share_on_mastodon":{"url":"https:\/\/pubeurope.com\/@lv\/115878926936256160","error":""},"_links":{"self":[{"href":"https:\/\/www.europesays.com\/lv\/wp-json\/wp\/v2\/posts\/101467","targetHints":{"allow":["GET"]}}],"collection":[{"href":"https:\/\/www.europesays.com\/lv\/wp-json\/wp\/v2\/posts"}],"about":[{"href":"https:\/\/www.europesays.com\/lv\/wp-json\/wp\/v2\/types\/post"}],"author":[{"embeddable":true,"href":"https:\/\/www.europesays.com\/lv\/wp-json\/wp\/v2\/users\/2"}],"replies":[{"embeddable":true,"href":"https:\/\/www.europesays.com\/lv\/wp-json\/wp\/v2\/comments?post=101467"}],"version-history":[{"count":0,"href":"https:\/\/www.europesays.com\/lv\/wp-json\/wp\/v2\/posts\/101467\/revisions"}],"wp:featuredmedia":[{"embeddable":true,"href":"https:\/\/www.europesays.com\/lv\/wp-json\/wp\/v2\/media\/101468"}],"wp:attachment":[{"href":"https:\/\/www.europesays.com\/lv\/wp-json\/wp\/v2\/media?parent=101467"}],"wp:term":[{"taxonomy":"category","embeddable":true,"href":"https:\/\/www.europesays.com\/lv\/wp-json\/wp\/v2\/categories?post=101467"},{"taxonomy":"post_tag","embeddable":true,"href":"https:\/\/www.europesays.com\/lv\/wp-json\/wp\/v2\/tags?post=101467"}],"curies":[{"name":"wp","href":"https:\/\/api.w.org\/{rel}","templated":true}]}}