{"id":101501,"date":"2026-01-12T02:24:25","date_gmt":"2026-01-12T02:24:25","guid":{"rendered":"https:\/\/www.europesays.com\/lv\/101501\/"},"modified":"2026-01-12T02:24:25","modified_gmt":"2026-01-12T02:24:25","slug":"karina-mikelsone-atkapjas-no-adazu-mera-amata-pec-nesaskanam-par-budzetu-lente-lv","status":"publish","type":"post","link":"https:\/\/www.europesays.com\/lv\/101501\/","title":{"rendered":"Kar\u012bna Mi\u0137elsone atk\u0101pjas no \u0100da\u017eu m\u0113ra amata p\u0113c nesaska\u0146\u0101m par bud\u017eetu\u00a0\u2014\u00a0Lente.lv"},"content":{"rendered":"<p>\u0100da\u017eu domes vad\u012bt\u0101ja atk\u0101pjas nesaska\u0146u d\u0113\u013c par bud\u017eetu<\/p>\n<p>\u0100da\u017eu novada domes priek\u0161s\u0113d\u0113t\u0101ja Kar\u012bna Mi\u0137elsone (Latvijas Re\u0123ionu apvien\u012bba &#8211; LRA) ir pazi\u0146ojusi par savu atk\u0101p\u0161anos no amata. K\u0101 inform\u0113 port\u0101ls jauns.lv, \u0161\u0101ds l\u0113mums pie\u0146emts p\u0113c neveiksm\u012bgiem m\u0113\u0123in\u0101jumiem pan\u0101kt vieno\u0161anos par pa\u0161vald\u012bbas 2026. gada bud\u017eetu. Mi\u0137elsone uzskata notiku\u0161o par neuztic\u012bbas izteik\u0161anu, kas liecina par dzi\u013c\u0101m domstarp\u012bb\u0101m domes deput\u0101tu vid\u016b attiec\u012bb\u0101 uz pa\u0161vald\u012bbas finan\u0161u pl\u0101no\u0161anu. Vi\u0146a turpin\u0101s pild\u012bt domes priek\u0161s\u0113d\u0113t\u0101jas pien\u0101kumus l\u012bdz n\u0101kamajai domes s\u0113dei, kad tiks lemts par vi\u0146as amata turpin\u0101\u0161anu vai jaunas vad\u012bbas iev\u0113l\u0113\u0161anu.<\/p>\n<p>Bud\u017eeta projekta noraid\u012b\u0161ana un deput\u0101tu iebildumi<\/p>\n<p>Konflikta pamat\u0101 ir nesp\u0113ja vienoties par \u0100da\u017eu novada 2026. gada bud\u017eeta projektu. Tiek zi\u0146ots, ka ceturtdien, 8. janv\u0101r\u012b, domes Finan\u0161u komitejas \u0101rk\u0101rtas s\u0113d\u0113 bud\u017eeta projekts netika izskat\u012bts, jo asto\u0146iem deput\u0101tiem balsojot &#8220;par&#8221; un septi\u0146iem &#8220;pret&#8221;, tas netika pie\u0146emts. Deput\u0101ti uzdevu\u0161i p\u0101rstr\u0101d\u0101t bud\u017eetu ned\u0113\u013cas laik\u0101, iek\u013caujot iepriek\u0161 izteiktos priek\u0161likumus un priorit\u0101ri nodro\u0161inot finans\u0113jumu iedz\u012bvot\u0101ju un politisko partiju vajadz\u012bb\u0101m. Da\u017ei deput\u0101ti ar\u012b nor\u0101d\u012bju\u0161i uz nevienl\u012bdz\u012bgu finan\u0161u sadal\u012bjumu starp novada pagastiem un ciemiem, kas, iesp\u0113jams, ir viens no iemesliem domstarp\u012bb\u0101m. Deput\u0101ts Imants Krasti\u0146\u0161 publiski paudis neuztic\u012bbu gan bud\u017eetam, gan domes priek\u0161s\u0113d\u0113t\u0101jai, kritiz\u0113jot finan\u0161u sadal\u012bjumu starp \u0100da\u017eiem un Carnikavu.<\/p>\n<p>Mi\u0137elsones politisk\u0101 karjera \u0100da\u017eos<\/p>\n<p>Kar\u012bna Mi\u0137elsone \u0100da\u017eu novada domes priek\u0161s\u0113d\u0113t\u0101jas amatu ie\u0146em kop\u0161 2022. gada 1. novembra, kad vi\u0146u \u0161aj\u0101 amat\u0101 iev\u0113l\u0113ja p\u0113c iepriek\u0161\u0113j\u0101 novada domes priek\u0161s\u0113d\u0113t\u0101ja M\u0101ra Sprind\u017euka iev\u0113l\u0113\u0161anas 14. Saeim\u0101. Pirms tam vi\u0146a ie\u0146\u0113ma domes priek\u0161s\u0113d\u0113t\u0101jas vietnieces amatu. Mi\u0137elsone tika atk\u0101rtoti iev\u0113l\u0113ta par \u0100da\u017eu novada domes priek\u0161s\u0113d\u0113t\u0101ju 2025. gada 27. j\u016bnij\u0101, ieg\u016bstot 11 no 15 bals\u012bm. Vi\u0146a p\u0101rst\u0101v Latvijas Re\u0123ionu apvien\u012bbu (LRA). Pirms darba pa\u0161vald\u012bb\u0101 Mi\u0137elsone str\u0101d\u0101jusi k\u0101 att\u012bst\u012bbas un invest\u012bciju da\u013cas vad\u012bt\u0101ja \u0100da\u017eu novada dom\u0113 un b\u016bvniec\u012bbas projektu vad\u012bt\u0101ja R\u012bgas Austrumu kl\u012bniskaj\u0101 universit\u0101tes slimn\u012bc\u0101.<\/p>\n<p>N\u0101kamie so\u013ci un koal\u012bcijas dinamika<\/p>\n<p>P\u0113c Mi\u0137elsones atk\u0101p\u0161an\u0101s no amata, vi\u0146as pien\u0101kumus uz laiku p\u0101r\u0146ems vietnieki, l\u012bdz tiks iev\u0113l\u0113ts jauns priek\u0161s\u0113d\u0113t\u0101js. Tiek prognoz\u0113ts, ka jaunas koal\u012bcijas veido\u0161ana un jauna domes priek\u0161s\u0113d\u0113t\u0101ja iev\u0113l\u0113\u0161ana var\u0113tu notikt tuv\u0101ko ned\u0113\u013cu laik\u0101. Viens no iesp\u0113jamiem kandid\u0101tiem uz m\u0113ra amatu ir pa\u0161reiz\u0113jais domes priek\u0161s\u0113d\u0113t\u0101jas vietnieks Gatis Migl\u0101ns (ZZS). Mi\u0137elsone ir nor\u0101d\u012bjusi, ka Latvijas Re\u0123ionu apvien\u012bba ir atv\u0113rta jaunai koal\u012bcijai \u0100da\u017eu dom\u0113, uzskatot savu atk\u0101p\u0161anos par atbild\u012bgu l\u0113mumu, lai nekav\u0113tu darbu pie bud\u017eeta.<\/p>\n","protected":false},"excerpt":{"rendered":"\u0100da\u017eu domes vad\u012bt\u0101ja atk\u0101pjas nesaska\u0146u d\u0113\u013c par bud\u017eetu \u0100da\u017eu novada domes priek\u0161s\u0113d\u0113t\u0101ja Kar\u012bna Mi\u0137elsone (Latvijas Re\u0123ionu apvien\u012bba &#8211;&hellip;\n","protected":false},"author":2,"featured_media":101502,"comment_status":"","ping_status":"","sticky":false,"template":"","format":"standard","meta":{"footnotes":""},"categories":[12],"tags":[24730,22039,23,6725,28,29,32,33,22,24728,30,31,35,39,38,36,37,34,40,20,24729,26,27,24,25,21],"class_list":{"0":"post-101501","1":"post","2":"type-post","3":"status-publish","4":"format-standard","5":"has-post-thumbnail","7":"category-latvija","8":"tag-adazu-dome","9":"tag-adazu-novads","10":"tag-aktualitates","11":"tag-atkapsanas","12":"tag-breaking-news","13":"tag-breakingnews","14":"tag-featured-news","15":"tag-featurednews","16":"tag-headlines","17":"tag-karina-mikelsone","18":"tag-latest-news","19":"tag-latestnews","20":"tag-latvia","21":"tag-latvian","22":"tag-latviesu","23":"tag-latviesu-valoda","24":"tag-latviesuvaloda","25":"tag-latvija","26":"tag-lv","27":"tag-news","28":"tag-pasvaldibas-budzets","29":"tag-popularakas-zinas","30":"tag-popularakaszinas","31":"tag-top-stories","32":"tag-topstories","33":"tag-zinas"},"share_on_mastodon":{"url":"https:\/\/pubeurope.com\/@lv\/115879756608995234","error":""},"_links":{"self":[{"href":"https:\/\/www.europesays.com\/lv\/wp-json\/wp\/v2\/posts\/101501","targetHints":{"allow":["GET"]}}],"collection":[{"href":"https:\/\/www.europesays.com\/lv\/wp-json\/wp\/v2\/posts"}],"about":[{"href":"https:\/\/www.europesays.com\/lv\/wp-json\/wp\/v2\/types\/post"}],"author":[{"embeddable":true,"href":"https:\/\/www.europesays.com\/lv\/wp-json\/wp\/v2\/users\/2"}],"replies":[{"embeddable":true,"href":"https:\/\/www.europesays.com\/lv\/wp-json\/wp\/v2\/comments?post=101501"}],"version-history":[{"count":0,"href":"https:\/\/www.europesays.com\/lv\/wp-json\/wp\/v2\/posts\/101501\/revisions"}],"wp:featuredmedia":[{"embeddable":true,"href":"https:\/\/www.europesays.com\/lv\/wp-json\/wp\/v2\/media\/101502"}],"wp:attachment":[{"href":"https:\/\/www.europesays.com\/lv\/wp-json\/wp\/v2\/media?parent=101501"}],"wp:term":[{"taxonomy":"category","embeddable":true,"href":"https:\/\/www.europesays.com\/lv\/wp-json\/wp\/v2\/categories?post=101501"},{"taxonomy":"post_tag","embeddable":true,"href":"https:\/\/www.europesays.com\/lv\/wp-json\/wp\/v2\/tags?post=101501"}],"curies":[{"name":"wp","href":"https:\/\/api.w.org\/{rel}","templated":true}]}}