{"id":101519,"date":"2026-01-12T03:00:07","date_gmt":"2026-01-12T03:00:07","guid":{"rendered":"https:\/\/www.europesays.com\/lv\/101519\/"},"modified":"2026-01-12T03:00:07","modified_gmt":"2026-01-12T03:00:07","slug":"latvija-ceturtdien-saglabasies-sals-un-nebus-butisku-nokrisnu-lente-lv","status":"publish","type":"post","link":"https:\/\/www.europesays.com\/lv\/101519\/","title":{"rendered":"Latvij\u0101 ceturtdien saglab\u0101sies sals un neb\u016bs b\u016btisku nokri\u0161\u0146u\u00a0\u2014\u00a0Lente.lv"},"content":{"rendered":"<p>Atkusnis netiek prognoz\u0113ts, saglab\u0101sies m\u0113rens sals<\/p>\n<p>Ceturtdien Latvij\u0101 laika apst\u0101k\u013cus noteiks anticiklons, nodro\u0161inot liel\u0101koties m\u0101ko\u0146ainu debesu segumu, tom\u0113r bez b\u016btiskiem nokri\u0161\u0146iem. Da\u017eviet debesis dien\u0101 var\u0113tu ar\u012b skaidroties, \u013caujot da\u017eiem saules stariem izspraukties cauri.})^{-14} \u00b0C).<\/p>\n<p>Latvijas Vides, \u0123eolo\u0123ijas un meteorolo\u0123ijas centrs (LV\u0122MC) prognoz\u0113, ka gaisa temperat\u016bra Latvij\u0101 saglab\u0101sies m\u0113rena sala pak\u0101p\u0113. Dienas laik\u0101 temperat\u016bra Latvijas teritorij\u0101 sv\u0101rst\u012bsies no -3 l\u012bdz -9 gr\u0101diem p\u0113c Celsija skalas. Viet\u0101m, \u012bpa\u0161i nakt\u012b un no r\u012bta zem skaidr\u0101m debes\u012bm, iesp\u0113jams sals l\u012bdz -15 gr\u0101diem. R\u012bg\u0101 gaid\u0101ma l\u012bdz\u012bga temperat\u016bra, dien\u0101 ap -5 gr\u0101diem.<\/p>\n<p>V\u0113j\u0161 un citi meteorolo\u0123iskie r\u0101d\u012bt\u0101ji<\/p>\n<p>P\u016bt\u012bs l\u0113ns l\u012bdz m\u0113rens austrumu v\u0113j\u0161. Dienas otraj\u0101 pus\u0113 v\u0113j\u0161 pak\u0101peniski s\u0101ks pastiprin\u0101ties, un vakar\u0101 Latgal\u0113 gaid\u0101mas br\u0101zmas l\u012bdz 13 metriem sekund\u0113. Atmosf\u0113ras spiediens b\u016bs normas robe\u017e\u0101s, aptuveni 1016\u20131019 hektopask\u0101li j\u016bras l\u012bmen\u012b. Mitruma l\u012bmenis gais\u0101 prognoz\u0113ts ap 83%. <\/p>\n<p>Nokri\u0161\u0146i un ce\u013cu st\u0101voklis<\/p>\n<p>Lai gan p\u0101rsvar\u0101 nokri\u0161\u0146i nav gaid\u0101mi, viet\u0101m tom\u0113r iesp\u0113jams neliels sniegs. Tom\u0113r b\u016btiski nokri\u0161\u0146u daudzumi netiek prognoz\u0113ti. Lai gan nav pla\u0161i izplat\u012btas snig\u0161anas, atsevi\u0161\u0137os posmos ce\u013ci var b\u016bt slideni, \u012bpa\u0161i viet\u0101s, kur saglab\u0101sies migla un sarma priek\u0161pusdien\u0101. <\/p>\n<p>N\u0101kam\u0101s dienas prognoze<\/p>\n<p>N\u0101kam\u0101s dienas prognoze liecina, ka piektdien Latvij\u0101 gaid\u0101ms v\u0113ja pastiprin\u0101\u0161an\u0101s un iesp\u0113jama sniegvilnis jeb zemais putenis, kas var pasliktin\u0101t redzam\u012bbu uz ce\u013ciem. Laikapst\u0101k\u013ci kopum\u0101 janv\u0101ra pirmaj\u0101 pus\u0113 paredzami zem normas, ar iesp\u0113ju temperat\u016brai nosl\u012bd\u0113t zem -20 gr\u0101diem, \u012bpa\u0161i nakt\u012bs.<\/p>\n","protected":false},"excerpt":{"rendered":"Atkusnis netiek prognoz\u0113ts, saglab\u0101sies m\u0113rens sals Ceturtdien Latvij\u0101 laika apst\u0101k\u013cus noteiks anticiklons, nodro\u0161inot liel\u0101koties m\u0101ko\u0146ainu debesu segumu, tom\u0113r&hellip;\n","protected":false},"author":2,"featured_media":101520,"comment_status":"","ping_status":"","sticky":false,"template":"","format":"standard","meta":{"footnotes":""},"categories":[12],"tags":[23,28,29,24735,32,33,22,152,30,31,35,39,38,36,37,34,40,24736,20,26,27,16895,24,25,21],"class_list":{"0":"post-101519","1":"post","2":"type-post","3":"status-publish","4":"format-standard","5":"has-post-thumbnail","7":"category-latvija","8":"tag-aktualitates","9":"tag-breaking-news","10":"tag-breakingnews","11":"tag-ceturtdiena","12":"tag-featured-news","13":"tag-featurednews","14":"tag-headlines","15":"tag-laika-prognoze","16":"tag-latest-news","17":"tag-latestnews","18":"tag-latvia","19":"tag-latvian","20":"tag-latviesu","21":"tag-latviesu-valoda","22":"tag-latviesuvaloda","23":"tag-latvija","24":"tag-lv","25":"tag-nav-nokrisnu","26":"tag-news","27":"tag-popularakas-zinas","28":"tag-popularakaszinas","29":"tag-sals","30":"tag-top-stories","31":"tag-topstories","32":"tag-zinas"},"share_on_mastodon":{"url":"https:\/\/pubeurope.com\/@lv\/115879898176825829","error":""},"_links":{"self":[{"href":"https:\/\/www.europesays.com\/lv\/wp-json\/wp\/v2\/posts\/101519","targetHints":{"allow":["GET"]}}],"collection":[{"href":"https:\/\/www.europesays.com\/lv\/wp-json\/wp\/v2\/posts"}],"about":[{"href":"https:\/\/www.europesays.com\/lv\/wp-json\/wp\/v2\/types\/post"}],"author":[{"embeddable":true,"href":"https:\/\/www.europesays.com\/lv\/wp-json\/wp\/v2\/users\/2"}],"replies":[{"embeddable":true,"href":"https:\/\/www.europesays.com\/lv\/wp-json\/wp\/v2\/comments?post=101519"}],"version-history":[{"count":0,"href":"https:\/\/www.europesays.com\/lv\/wp-json\/wp\/v2\/posts\/101519\/revisions"}],"wp:featuredmedia":[{"embeddable":true,"href":"https:\/\/www.europesays.com\/lv\/wp-json\/wp\/v2\/media\/101520"}],"wp:attachment":[{"href":"https:\/\/www.europesays.com\/lv\/wp-json\/wp\/v2\/media?parent=101519"}],"wp:term":[{"taxonomy":"category","embeddable":true,"href":"https:\/\/www.europesays.com\/lv\/wp-json\/wp\/v2\/categories?post=101519"},{"taxonomy":"post_tag","embeddable":true,"href":"https:\/\/www.europesays.com\/lv\/wp-json\/wp\/v2\/tags?post=101519"}],"curies":[{"name":"wp","href":"https:\/\/api.w.org\/{rel}","templated":true}]}}