{"id":101549,"date":"2026-01-12T04:44:08","date_gmt":"2026-01-12T04:44:08","guid":{"rendered":"https:\/\/www.europesays.com\/lv\/101549\/"},"modified":"2026-01-12T04:44:08","modified_gmt":"2026-01-12T04:44:08","slug":"maestro-raimonda-paula-90-dzimsanas-dienas-klimata-melodija-1188-lv","status":"publish","type":"post","link":"https:\/\/www.europesays.com\/lv\/101549\/","title":{"rendered":"Maestro Raimonda Paula 90. dzim\u0161anas dienas Klimata melodija &#8211; 1188.lv"},"content":{"rendered":"<ol>\n<li><a href=\"https:\/\/news.google.com\/rss\/articles\/CBMilgFBVV95cUxNdXMwZUYzbGdLZmhuLXNUSDZiLWV0X1YtakU3Q0Z0TWM3bEJYTTU5Nk9sX1phRkVYaGVNLXhqNHp4SlJwbXFZc25lbThITDRTcy1VQ0pROUdyaXZYdlhjSi03OFN1Z3d0RlFlZThVSnZDZko5RmRHNUdfMlpuc2g3VXVNTV9McC1ibXc5NkVDU0p5cTdhY0E?oc=5\" target=\"_blank\" rel=\"nofollow noopener\">Maestro Raimonda Paula 90. dzim\u0161anas dienas Klimata melodija<\/a>&nbsp;&nbsp;1188.lv<\/li>\n<li><a href=\"https:\/\/news.google.com\/rss\/articles\/CBMirgFBVV95cUxQRWlPTWVFN3hnZXN1X3hyTG5fRERuakplTVFkRk1WbldHeDZ4S25rVVozSzF6S0dJQk9xYnZnOHBWeXprSTJxTC16SUl4dG1PTU54QUxLd0UxMlBPZldKM2FZSjB2M2ZiVmVIVkdxV0Q5QnRJb1FtejVtNldWVXBKNU1nT2lhaGk1RldEVWZ3RWRzeWhVQ1d2OWR4MjZpbDM4Z2M2dVQwd2VrNFBOdlE?oc=5\" target=\"_blank\" rel=\"nofollow noopener\">Maestro Raimonds Pauls \u0161odien svin 90: &#8220;Par daudz jau to gadu. Par daudz!&#8221;<\/a>&nbsp;&nbsp;Jauns.lv<\/li>\n<li><a href=\"https:\/\/news.google.com\/rss\/articles\/CBMinwFBVV95cUxQaHlJYzFmWkNGc0pseHF0dTFqeE1MR0VZazJpNnd2U2t2SHU2SmFFYVJRck1SZ0VpcXNwNG10Q1l3NjVhckZNUXpYMWRsM2lLM3FIZWhpVlF3WDRZYm8xdUp3cGZhci1Xc0NaT1lObzRvWWFDTFY5Q3ZEcVlNMmt3RVQ3RFpiaWRWMkVjeHQzYXRIX1lBazdMcjlERlgtOFU?oc=5\" target=\"_blank\" rel=\"nofollow noopener\">P\u0101rdziedi mani! 2. sezona. Raimonda Paula m\u016bzika<\/a>&nbsp;&nbsp;REplay.lv<\/li>\n<li><a href=\"https:\/\/news.google.com\/rss\/articles\/CBMi2AFBVV95cUxPU3hJZEl2TWJiSmg1VDFDc0FUWkg2YTM0cjFFZE1DR1hSREs3SzBseFJVZlo1amVGN1V6S2I4VExQc2F4OW9PZmNvMFp5Tm1HX1lkNUljOEZZQ3ZGVVlyQjNYblZ1dnFrODNmSnpOazNyZU45emgxTXpzX2RQNnNSVElsUUsxQjB2THdoaXFpc3NNWHNDZ2NYcUI4V05mQTMzc3RtLVZGbDVwQ0pnbjREVEVra0NKM3RXajVWUW9uUi10M2xFSGNaVFJQWVdHZ1pnZ0x6NVdQWHo?oc=5\" target=\"_blank\" rel=\"nofollow noopener\">Vaikule, Petere, Busulis\u2026. Draugi un l\u012bdzgaitnieki Maestro Paulam 90. jubilej\u0101 velta siltus v\u0101rdus<\/a>&nbsp;&nbsp;Santa.lv<\/li>\n<li><a href=\"https:\/\/news.google.com\/rss\/articles\/CBMiwAFBVV95cUxQQjhHVE83eGxKMnZhT1BCZUVSWHUxcHozQ0U3NjhwRC1TLUsyX0h2M2NTRDFaSkQ4bXhvYU1PSHo1N1BqRjJGR2psbFJUR1ZISjF6Vlgwckhha0JXMWVPRVk1SXJnZm9IeTY4eHRObThzYm9CN0VxQTA2WDFMdTRoWmg1VENiMHNqZnF1OWhWUWdFaFI3YXhLS2M5TzkzelA0WTFfQVBuRWhJWFN0NkpOcVhTck1hSkt6V0lTVEFmakU?oc=5\" target=\"_blank\" rel=\"nofollow noopener\">Apa\u013cu 90 gadu jubileju svin izcilais pianists un komponists Raimonds Pauls<\/a>&nbsp;&nbsp;Delfi<\/li>\n<\/ol>\n","protected":false},"excerpt":{"rendered":"Maestro Raimonda Paula 90. dzim\u0161anas dienas Klimata melodija&nbsp;&nbsp;1188.lv Maestro Raimonds Pauls \u0161odien svin 90: &#8220;Par daudz jau to&hellip;\n","protected":false},"author":2,"featured_media":101550,"comment_status":"","ping_status":"","sticky":false,"template":"","format":"standard","meta":{"footnotes":""},"categories":[19],"tags":[129,1395,10611,889,89,90,35,39,38,36,37,34,40,1396,10612,890,1397,10613,891],"class_list":{"0":"post-101549","1":"post","2":"type-post","3":"status-publish","4":"format-standard","5":"has-post-thumbnail","7":"category-izklaide","8":"tag-__typenameadvicekeyword","9":"tag-id408","10":"tag-id481","11":"tag-id811","12":"tag-entertainment","13":"tag-izklaide","14":"tag-latvia","15":"tag-latvian","16":"tag-latviesu","17":"tag-latviesu-valoda","18":"tag-latviesuvaloda","19":"tag-latvija","20":"tag-lv","21":"tag-sluglaikapstakli","22":"tag-slugraimonds-pauls","23":"tag-slugsabiedriba","24":"tag-titlelaikapstakli","25":"tag-titleraimonds-pauls","26":"tag-titlesabiedriba"},"share_on_mastodon":{"url":"https:\/\/pubeurope.com\/@lv\/115880307136909245","error":""},"_links":{"self":[{"href":"https:\/\/www.europesays.com\/lv\/wp-json\/wp\/v2\/posts\/101549","targetHints":{"allow":["GET"]}}],"collection":[{"href":"https:\/\/www.europesays.com\/lv\/wp-json\/wp\/v2\/posts"}],"about":[{"href":"https:\/\/www.europesays.com\/lv\/wp-json\/wp\/v2\/types\/post"}],"author":[{"embeddable":true,"href":"https:\/\/www.europesays.com\/lv\/wp-json\/wp\/v2\/users\/2"}],"replies":[{"embeddable":true,"href":"https:\/\/www.europesays.com\/lv\/wp-json\/wp\/v2\/comments?post=101549"}],"version-history":[{"count":0,"href":"https:\/\/www.europesays.com\/lv\/wp-json\/wp\/v2\/posts\/101549\/revisions"}],"wp:featuredmedia":[{"embeddable":true,"href":"https:\/\/www.europesays.com\/lv\/wp-json\/wp\/v2\/media\/101550"}],"wp:attachment":[{"href":"https:\/\/www.europesays.com\/lv\/wp-json\/wp\/v2\/media?parent=101549"}],"wp:term":[{"taxonomy":"category","embeddable":true,"href":"https:\/\/www.europesays.com\/lv\/wp-json\/wp\/v2\/categories?post=101549"},{"taxonomy":"post_tag","embeddable":true,"href":"https:\/\/www.europesays.com\/lv\/wp-json\/wp\/v2\/tags?post=101549"}],"curies":[{"name":"wp","href":"https:\/\/api.w.org\/{rel}","templated":true}]}}