{"id":101551,"date":"2026-01-12T04:47:35","date_gmt":"2026-01-12T04:47:35","guid":{"rendered":"https:\/\/www.europesays.com\/lv\/101551\/"},"modified":"2026-01-12T04:47:35","modified_gmt":"2026-01-12T04:47:35","slug":"pirmoreiz-starptautiskas-kosmosa-stacijas-vesture-apkalpe-atgriezisies-uz-zemes-pirms-planota-laika-1188-lv","status":"publish","type":"post","link":"https:\/\/www.europesays.com\/lv\/101551\/","title":{"rendered":"Pirmoreiz Starptautisk\u0101s kosmosa stacijas v\u0113stur\u0113 apkalpe atgriez\u012bsies uz Zemes pirms pl\u0101not\u0101 laika &#8211; 1188.lv"},"content":{"rendered":"<ol>\n<li><a href=\"https:\/\/news.google.com\/rss\/articles\/CBMiywFBVV95cUxOLU9ZTTZjSk1NdmxySjhGUDhWQTc3bmt4UWo1ZzBVRlJWYkNkdjZOdVg3R1hhREY4NFNKRmIzTU1xaks3RnlHUk5oR1NzSVhjTEJzNDJXOWQwQ2s4Z3JIdmFZcC1RWDJTaWRhd093VEhxbi0zc2tsRy1GZTFkNmhLZTJVRE56NE5sVmZuX3FDSjV1T0xVeFBhVWljekdjY00zSlRpazdoYVFaU1YtM25pR2dDa0hNTGFnOThKN0pWMzA2bTVjVDVPazI0WQ?oc=5\" target=\"_blank\" rel=\"nofollow noopener\">Pirmoreiz Starptautisk\u0101s kosmosa stacijas v\u0113stur\u0113 apkalpe atgriez\u012bsies uz Zemes pirms pl\u0101not\u0101 laika<\/a>&nbsp;&nbsp;1188.lv<\/li>\n<li><a href=\"https:\/\/news.google.com\/rss\/articles\/CBMi2AFBVV95cUxNSFcxaU5lVEtkUWttaUtGaVJHWXVycjNld3BFYjZKYlpYbl9qaGpBRlV4RlRqd1FKZjYzYzFZb0hDS2FNcXNDLU9YNlo1VGtUb2lIYzFjWlpyRXl4RFlRbjZra3VxOWlyRk9YdUhYQVhYNXJuazY5cHNEZUJXWUlfOU1MSjlOcFd1c0lqc2Rvd1RkUG94cVg3ZmZsOGJVeC15WU41VmlwMXJQWUZuaWNES0FJWTNyU2pPYzlTTGY5alFZRWxfS01TNUNPQU1Ra0lFTFZ2RGIzOVM?oc=5\" target=\"_blank\" rel=\"nofollow noopener\">Astronauta vesel\u012bbas probl\u0113mu d\u0113\u013c uz Zemes priek\u0161laic\u012bgi atgriez\u012bsies NASA misija \/ Raksts<\/a>&nbsp;&nbsp;LSM<\/li>\n<li><a href=\"https:\/\/news.google.com\/rss\/articles\/CBMimAFBVV95cUxNV2VwM3J6cU5jYkJ2T0NDaXdQVmZObzJrU25MMU53R3NDMFJtSnI5QVhjcS0zbER3c3kxNmw0bW5yM3E1QXRKOEdONF9TY21nb21sdDBVcHV0RWN5dExON0JJZm81LW9KcS00R2xzYmJDNDVmUGtsTENIRnVxblZIUlBUbGZNUTN1Y2Mydjd5VVdMZDhodWN3RA?oc=5\" target=\"_blank\" rel=\"nofollow noopener\">NASA apsver iesp\u0113ju nog\u0101d\u0101t uz Zemes saslimu\u0161u apkalpes locekli<\/a>&nbsp;&nbsp;Apollo.lv<\/li>\n<li><a href=\"https:\/\/news.google.com\/rss\/articles\/CBMivAFBVV95cUxOcmQxY18tYTRfc3p1RkI2bnpXN2QzN0ZGV3B4TzhSb1M3ZXB4Ti1EY3c1STM2aXkwR1NWYW5aMFFSRkczcFJkS25wRjlhVVBjck9aLUlQRG9kLS1qRGZxZkdHX0pNS2c3bURJbThEWTYtNDg1SzdTa0h0NW9iRzhENnBYeVNZNVhvakNrTFR3Y05EbDRaRFVPazNTcF9jdlJMNU9SbXFBNVU1d0wyY3F4dGxjc1VPTVgwTEdqSQ?oc=5\" target=\"_blank\" rel=\"nofollow noopener\">NASA apsver misijas p\u0101rtrauk\u0161anu SKS sakar\u0101 ar astronauta vesel\u012bbas probl\u0113m\u0101m<\/a>&nbsp;&nbsp;lente.lv<\/li>\n<li><a href=\"https:\/\/news.google.com\/rss\/articles\/CBMiyAFBVV95cUxQNWtjS2FBTGRBZEx2ZTE2OHcwM1poMXA2Y3ZWX09UUDhDNEs1YUplb1llY2dDd2Y4eUJVVnZFcVowdTk2UFczdjlZTHlBSzdKN1NYYWdYWDF5c2ZfMVhYejMxWEpUSGtlRDIyZlV5ZlVVMDJVZVl5OVd1cUlMWVFyNHdFY1J0VnhmelVKVFVBZFNUMzRlQlgwclB6TGpsNGZ6eDZzZm9BZHZwSngwZXg3RHlRRHBhODJQcDFXTGRWaHVpaHU1SGhzMQ?oc=5\" target=\"_blank\" rel=\"nofollow noopener\">Nejaukta situ\u0101cija kosmos\u0101: NASA veic pirmo medic\u012bnisko evaku\u0101ciju no SKS<\/a>&nbsp;&nbsp;lente.lv<\/li>\n<\/ol>\n","protected":false},"excerpt":{"rendered":"Pirmoreiz Starptautisk\u0101s kosmosa stacijas v\u0113stur\u0113 apkalpe atgriez\u012bsies uz Zemes pirms pl\u0101not\u0101 laika&nbsp;&nbsp;1188.lv Astronauta vesel\u012bbas probl\u0113mu d\u0113\u013c uz Zemes&hellip;\n","protected":false},"author":2,"featured_media":101552,"comment_status":"","ping_status":"","sticky":false,"template":"","format":"standard","meta":{"footnotes":""},"categories":[14],"tags":[129,24740,23,57,28,29,32,33,22,30,31,35,39,38,36,37,34,40,20,26,27,24741,24742,24,25,54,55,56,21,58],"class_list":{"0":"post-101551","1":"post","2":"type-post","3":"status-publish","4":"format-standard","5":"has-post-thumbnail","7":"category-zinas-no-arvalstim","8":"tag-__typenameadvicekeyword","9":"tag-id580","10":"tag-aktualitates","11":"tag-arvalstim","12":"tag-breaking-news","13":"tag-breakingnews","14":"tag-featured-news","15":"tag-featurednews","16":"tag-headlines","17":"tag-latest-news","18":"tag-latestnews","19":"tag-latvia","20":"tag-latvian","21":"tag-latviesu","22":"tag-latviesu-valoda","23":"tag-latviesuvaloda","24":"tag-latvija","25":"tag-lv","26":"tag-news","27":"tag-popularakas-zinas","28":"tag-popularakaszinas","29":"tag-slugnasa","30":"tag-titlenasa","31":"tag-top-stories","32":"tag-topstories","33":"tag-world","34":"tag-world-news","35":"tag-worldnews","36":"tag-zinas","37":"tag-zinas-no-arvalstim"},"share_on_mastodon":{"url":"https:\/\/pubeurope.com\/@lv\/115880318985155551","error":""},"_links":{"self":[{"href":"https:\/\/www.europesays.com\/lv\/wp-json\/wp\/v2\/posts\/101551","targetHints":{"allow":["GET"]}}],"collection":[{"href":"https:\/\/www.europesays.com\/lv\/wp-json\/wp\/v2\/posts"}],"about":[{"href":"https:\/\/www.europesays.com\/lv\/wp-json\/wp\/v2\/types\/post"}],"author":[{"embeddable":true,"href":"https:\/\/www.europesays.com\/lv\/wp-json\/wp\/v2\/users\/2"}],"replies":[{"embeddable":true,"href":"https:\/\/www.europesays.com\/lv\/wp-json\/wp\/v2\/comments?post=101551"}],"version-history":[{"count":0,"href":"https:\/\/www.europesays.com\/lv\/wp-json\/wp\/v2\/posts\/101551\/revisions"}],"wp:featuredmedia":[{"embeddable":true,"href":"https:\/\/www.europesays.com\/lv\/wp-json\/wp\/v2\/media\/101552"}],"wp:attachment":[{"href":"https:\/\/www.europesays.com\/lv\/wp-json\/wp\/v2\/media?parent=101551"}],"wp:term":[{"taxonomy":"category","embeddable":true,"href":"https:\/\/www.europesays.com\/lv\/wp-json\/wp\/v2\/categories?post=101551"},{"taxonomy":"post_tag","embeddable":true,"href":"https:\/\/www.europesays.com\/lv\/wp-json\/wp\/v2\/tags?post=101551"}],"curies":[{"name":"wp","href":"https:\/\/api.w.org\/{rel}","templated":true}]}}