{"id":101553,"date":"2026-01-12T04:48:12","date_gmt":"2026-01-12T04:48:12","guid":{"rendered":"https:\/\/www.europesays.com\/lv\/101553\/"},"modified":"2026-01-12T04:48:12","modified_gmt":"2026-01-12T04:48:12","slug":"pec-ugunsgreka-jekabpili-glabeji-atrod-mirusu-cilveku","status":"publish","type":"post","link":"https:\/\/www.europesays.com\/lv\/101553\/","title":{"rendered":"P\u0113c ugunsgr\u0113ka J\u0113kabpil\u012b gl\u0101b\u0113ji atrod miru\u0161u cilv\u0113ku"},"content":{"rendered":"<p class=\"descr\">Sestdien ugunsgr\u0113k\u0101 J\u0113kabpils novad\u0101 g\u0101jis boj\u0101 cilv\u0113ks, a\u0123ent\u016bru LETA inform\u0113ja Valsts ugunsdz\u0113s\u012bbas un gl\u0101b\u0161anas dienest\u0101 (VUGD).<\/p>\n<p>Sestdien plkst. 11.46 <a href=\"https:\/\/nra.lv\/birka\/vugd\/\" target=\"_blank\" rel=\"noopener nofollow\">VUGD<\/a> sa\u0146\u0113ma izsaukumu uz J\u0113kabpils novadu, kur ugunsgr\u0113ks bija izc\u0113lies dz\u012bvojam\u0101 m\u0101j\u0101. Ierodoties notikuma viet\u0101 konstat\u0113ts, ka deg dz\u012bvojam\u0101 m\u0101ja piln\u0101 90 kvadr\u0101tmetru plat\u012bb\u0101 un tai ir iebrucis jumts. P\u0101rmekl\u0113jot \u0113ku, taj\u0101 tika atrasts boj\u0101g\u0101jis cilv\u0113ks. Plkst. 15.57 darbs notikuma viet\u0101 nosl\u0113dz\u0101s.<\/p>\n<p>Savuk\u0101rt plkst. 16.36 sa\u0146emts izsaukums uz <a href=\"https:\/\/nra.lv\/birka\/jekabpils-novads\/\" target=\"_blank\" rel=\"noopener nofollow\">Jelgavas novada<\/a> Cenu pagastu, bija avar\u0113jusi viegl\u0101 automa\u0161\u012bna. Viens cilv\u0113ks no automa\u0161\u012bnas izk\u013cuva saviem sp\u0113kiem, bet v\u0113l vienam ugunsdz\u0113s\u0113ji gl\u0101b\u0113ji no automa\u0161\u012bnas pal\u012bdz\u0113ja izk\u013c\u016bt. Plkst. 17.06 darbs notikum\u0101 nosl\u0113dz\u0101s.<\/p>\n<p>Nakt\u012b plkst. 00.38 sa\u0146emts izsaukums uz Pr\u016b\u0161u ielu R\u012bg\u0101, kur piecst\u0101vu dz\u012bvojam\u0101s m\u0101jas piekt\u0101 st\u0101va dz\u012bvokl\u012b <a href=\"https:\/\/nra.lv\/birka\/ugunsgreks\/\" target=\"_blank\" rel=\"noopener nofollow\">dega<\/a> durvis un sadz\u012bves mantas divu kvadr\u0101tmetru plat\u012bb\u0101. No \u0113kas evaku\u0113ti pieci cilv\u0113ki. Plkst. 1.35 darbs notikum\u0101 nosl\u0113dz\u0101s.<\/p>\n<p>Aizvad\u012btaj\u0101 diennakt\u012b VUGD sa\u0146\u0113ma devi\u0146us izsaukumus par dego\u0161iem sodr\u0113jiem dz\u012bvojamo m\u0101ju d\u016bmvados un v\u0113l vienu izsaukumu uz notikumu, kur telp\u0101s bija izveidojies <a href=\"https:\/\/nra.lv\/birka\/dumi\/\" target=\"_blank\" rel=\"noopener nofollow\">pied\u016bmojums<\/a>, jo nepareizi tika ekspluat\u0113ta apkures iek\u0101rta.<\/p>\n<p>VUGD nor\u0101da, ka ik gadu ugunsdz\u0113s\u0113ji gl\u0101b\u0113ji dodas uz vair\u0101k nek\u0101 500 izsaukumiem, kuros d\u016bmvados deg sodr\u0113ji. Ciet\u0101 kurin\u0101m\u0101 sadeg\u0161anas proces\u0101 uz skurste\u0146u iek\u0161\u0113j\u0101m virsm\u0101m veidojas kv\u0113pu, sodr\u0113ju un darvas nos\u0113dumi, kas, laikus net\u012br\u012bti, var aizdegties. Intens\u012bvas deg\u0161anas rezult\u0101t\u0101 d\u016bmvad\u0101 var veidoties plaisas vis\u0101 t\u0101 konstrukcij\u0101, \u013caujot karstaj\u0101m d\u016bmg\u0101z\u0113m un liesm\u0101m nok\u013c\u016bt uz degtsp\u0113j\u012bg\u0101m sienu, griestu un jumta konstrukcij\u0101m, kas var izrais\u012bt ne tikai d\u016bmvada, bet ar\u012b visas \u0113kas aizdeg\u0161anos. VUGD aicina regul\u0101ri apsekot un t\u012br\u012bt sodr\u0113jus no d\u016bme\u0146iem un kr\u0101\u0161\u0146u un pavardu d\u016bmkan\u0101liem.<\/p>\n<p>Aizvad\u012btaj\u0101 diennakt\u012b, laika posm\u0101 no \u0161\u012b gada 10. janv\u0101ra plkst. 6.30 l\u012bdz 11. janv\u0101ra plkst. 6.30, VUGD sa\u0146\u0113ma 56 izsaukumus &#8211; devi\u0146us uz ugunsgr\u0113ku dz\u0113\u0161anu, 33 uz gl\u0101b\u0161anas darbiem, bet v\u0113l 14 izsaukumi bija maldin\u0101jumi.<\/p>\n<p>\t\t\t\t\t\tinfo<\/p>\n<p>Uzzini pirmais<br \/>kas interesants noticis Latvij\u0101 un pasaul\u0113,<br \/>pievienojoties mums <a href=\"https:\/\/t.me\/neatkariga\" rel=\"nofollow\">Telegram<\/a> vai <a href=\"https:\/\/whatsapp.com\/channel\/0029VaMLFUH5K3zLU5s4wm3y\" rel=\"nofollow noopener\" target=\"_blank\">Whatsapp<\/a> kan\u0101l\u0101<\/p>\n","protected":false},"excerpt":{"rendered":"Sestdien ugunsgr\u0113k\u0101 J\u0113kabpils novad\u0101 g\u0101jis boj\u0101 cilv\u0113ks, a\u0123ent\u016bru LETA inform\u0113ja Valsts ugunsdz\u0113s\u012bbas un gl\u0101b\u0161anas dienest\u0101 (VUGD). Sestdien plkst.&hellip;\n","protected":false},"author":2,"featured_media":101554,"comment_status":"","ping_status":"","sticky":false,"template":"","format":"standard","meta":{"footnotes":""},"categories":[12],"tags":[23,28,29,32,33,22,30,31,35,39,38,36,37,34,40,20,26,27,24,25,21],"class_list":{"0":"post-101553","1":"post","2":"type-post","3":"status-publish","4":"format-standard","5":"has-post-thumbnail","7":"category-latvija","8":"tag-aktualitates","9":"tag-breaking-news","10":"tag-breakingnews","11":"tag-featured-news","12":"tag-featurednews","13":"tag-headlines","14":"tag-latest-news","15":"tag-latestnews","16":"tag-latvia","17":"tag-latvian","18":"tag-latviesu","19":"tag-latviesu-valoda","20":"tag-latviesuvaloda","21":"tag-latvija","22":"tag-lv","23":"tag-news","24":"tag-popularakas-zinas","25":"tag-popularakaszinas","26":"tag-top-stories","27":"tag-topstories","28":"tag-zinas"},"share_on_mastodon":{"url":"https:\/\/pubeurope.com\/@lv\/115880322808347854","error":""},"_links":{"self":[{"href":"https:\/\/www.europesays.com\/lv\/wp-json\/wp\/v2\/posts\/101553","targetHints":{"allow":["GET"]}}],"collection":[{"href":"https:\/\/www.europesays.com\/lv\/wp-json\/wp\/v2\/posts"}],"about":[{"href":"https:\/\/www.europesays.com\/lv\/wp-json\/wp\/v2\/types\/post"}],"author":[{"embeddable":true,"href":"https:\/\/www.europesays.com\/lv\/wp-json\/wp\/v2\/users\/2"}],"replies":[{"embeddable":true,"href":"https:\/\/www.europesays.com\/lv\/wp-json\/wp\/v2\/comments?post=101553"}],"version-history":[{"count":0,"href":"https:\/\/www.europesays.com\/lv\/wp-json\/wp\/v2\/posts\/101553\/revisions"}],"wp:featuredmedia":[{"embeddable":true,"href":"https:\/\/www.europesays.com\/lv\/wp-json\/wp\/v2\/media\/101554"}],"wp:attachment":[{"href":"https:\/\/www.europesays.com\/lv\/wp-json\/wp\/v2\/media?parent=101553"}],"wp:term":[{"taxonomy":"category","embeddable":true,"href":"https:\/\/www.europesays.com\/lv\/wp-json\/wp\/v2\/categories?post=101553"},{"taxonomy":"post_tag","embeddable":true,"href":"https:\/\/www.europesays.com\/lv\/wp-json\/wp\/v2\/tags?post=101553"}],"curies":[{"name":"wp","href":"https:\/\/api.w.org\/{rel}","templated":true}]}}