{"id":101557,"date":"2026-01-12T04:53:38","date_gmt":"2026-01-12T04:53:38","guid":{"rendered":"https:\/\/www.europesays.com\/lv\/101557\/"},"modified":"2026-01-12T04:53:38","modified_gmt":"2026-01-12T04:53:38","slug":"lielbritanija-gatavo-piedavajumu-savu-likumu-saskanosanai-ar-eiropas-savienibu-raksts","status":"publish","type":"post","link":"https:\/\/www.europesays.com\/lv\/101557\/","title":{"rendered":"Lielbrit\u0101nija gatavo pied\u0101v\u0101jumu savu likumu saska\u0146o\u0161anai ar Eiropas Savien\u012bbu \/ Raksts"},"content":{"rendered":"<p>Lielbrit\u0101nijas vald\u012bba gatavo likumprojektu, kas pie\u0161\u0137irs Lielbrit\u0101nijai visaptvero\u0161as pilnvaras, lai t\u0101 var\u0113tu saska\u0146ot savu likumdo\u0161anu ar Eiropas Savien\u012bbu (ES) virkn\u0113 jomu. Par to v\u0113sta izdevums &#8220;Politico&#8221;.\u00a0<\/p>\n<p>Britu amatpersona izdevumam atzinusi, ka likumprojekts b\u016bs gatavs \u0161aj\u0101 pavasar\u012b vai vasar\u0101.\u00a0<\/p>\n<p>Briti pa\u0161laik risina sarunas ar bloku par breksita t\u0101 d\u0113v\u0113to &#8220;atiestat\u012b\u0161anas&#8221; l\u012bgumu, tostarp par lauksaimniec\u012bbas un p\u0101rtikas produktu vieno\u0161anos, pl\u0101niem sasaist\u012bt savu emisiju kvotu tirdzniec\u012bbas sist\u0113mu ar bloka sist\u0113mu un pl\u0101niem reintegr\u0113t elektroener\u0123ijas tirgus.\u00a0<\/p>\n<blockquote>\n<p>Potenci\u0101l\u0101s likumprojekt\u0101 ietvert\u0101s jomas saist\u012btas ar p\u0101rtikas standartiem, dz\u012bvnieku labtur\u012bbu, pestic\u012bdu lieto\u0161anu, ES elektroener\u0123ijas tirgu un oglek\u013ca emisiju tirdzniec\u012bbu.\u00a0<\/p>\n<\/blockquote>\n<p>Likumprojekts rad\u012btu jaunu regul\u0113jumu Lielbrit\u0101nijas vald\u012bbai un decentraliz\u0113taj\u0101m administr\u0101cij\u0101m jaunu ES likumu pie\u0146em\u0161anai, kad tos s\u0101kotn\u0113ji pie\u0146ems\u00a0Brisel\u0113.\u00a0<\/p>\n<p>Tas rad\u012bs\u00a0iesp\u0113ju, ka jauni ES likumi saska\u0146otaj\u0101s jom\u0101s faktiski autom\u0101tiski tiks p\u0101rcelti uz Lielbrit\u0101nijas likumu kopumu. Ta\u010du Lielbrit\u0101nija saglab\u0101s veto ties\u012bbas \u012bpa\u0161os gad\u012bjumos.<\/p>\n<p>                    Valodas k\u013c\u016bda rakst\u0101?<\/p>\n<p class=\"d-none d-md-block\">Iez\u012bm\u0113jiet tekstu un spiediet Ctrl+Enter, lai nos\u016bt\u012btu labojamo teksta fragmentu redaktoram! Par faktu k\u013c\u016bd\u0101m l\u016bdzam zi\u0146ot e-past\u0101 <a href=\"https:\/\/www.lsm.lv\/cdn-cgi\/l\/email-protection\" class=\"__cf_email__\" data-cfemail=\"90e2f5f4f1fbf3f9faf1d0fce3fdbefce6\" rel=\"nofollow noopener\" target=\"_blank\">[email\u00a0protected]<\/a>.<\/p>\n<p class=\"d-md-none\">Iez\u012bm\u0113jiet tekstu un spiediet uz Zi\u0146ot par k\u013c\u016bdu pogas, lai nos\u016bt\u012btu labojamo teksta fragmentu redaktoram!<\/p>\n<p>\n                    Zi\u0146ot par k\u013c\u016bdu\n                <\/p>\n","protected":false},"excerpt":{"rendered":"Lielbrit\u0101nijas vald\u012bba gatavo likumprojektu, kas pie\u0161\u0137irs Lielbrit\u0101nijai visaptvero\u0161as pilnvaras, lai t\u0101 var\u0113tu saska\u0146ot savu likumdo\u0161anu ar Eiropas Savien\u012bbu&hellip;\n","protected":false},"author":2,"featured_media":101558,"comment_status":"","ping_status":"","sticky":false,"template":"","format":"standard","meta":{"footnotes":""},"categories":[14],"tags":[23,57,28,29,32,33,22,30,31,35,39,38,36,37,34,40,20,26,27,24,25,54,55,56,21,58],"class_list":{"0":"post-101557","1":"post","2":"type-post","3":"status-publish","4":"format-standard","5":"has-post-thumbnail","7":"category-zinas-no-arvalstim","8":"tag-aktualitates","9":"tag-arvalstim","10":"tag-breaking-news","11":"tag-breakingnews","12":"tag-featured-news","13":"tag-featurednews","14":"tag-headlines","15":"tag-latest-news","16":"tag-latestnews","17":"tag-latvia","18":"tag-latvian","19":"tag-latviesu","20":"tag-latviesu-valoda","21":"tag-latviesuvaloda","22":"tag-latvija","23":"tag-lv","24":"tag-news","25":"tag-popularakas-zinas","26":"tag-popularakaszinas","27":"tag-top-stories","28":"tag-topstories","29":"tag-world","30":"tag-world-news","31":"tag-worldnews","32":"tag-zinas","33":"tag-zinas-no-arvalstim"},"share_on_mastodon":{"url":"https:\/\/pubeurope.com\/@lv\/115880342503397129","error":""},"_links":{"self":[{"href":"https:\/\/www.europesays.com\/lv\/wp-json\/wp\/v2\/posts\/101557","targetHints":{"allow":["GET"]}}],"collection":[{"href":"https:\/\/www.europesays.com\/lv\/wp-json\/wp\/v2\/posts"}],"about":[{"href":"https:\/\/www.europesays.com\/lv\/wp-json\/wp\/v2\/types\/post"}],"author":[{"embeddable":true,"href":"https:\/\/www.europesays.com\/lv\/wp-json\/wp\/v2\/users\/2"}],"replies":[{"embeddable":true,"href":"https:\/\/www.europesays.com\/lv\/wp-json\/wp\/v2\/comments?post=101557"}],"version-history":[{"count":0,"href":"https:\/\/www.europesays.com\/lv\/wp-json\/wp\/v2\/posts\/101557\/revisions"}],"wp:featuredmedia":[{"embeddable":true,"href":"https:\/\/www.europesays.com\/lv\/wp-json\/wp\/v2\/media\/101558"}],"wp:attachment":[{"href":"https:\/\/www.europesays.com\/lv\/wp-json\/wp\/v2\/media?parent=101557"}],"wp:term":[{"taxonomy":"category","embeddable":true,"href":"https:\/\/www.europesays.com\/lv\/wp-json\/wp\/v2\/categories?post=101557"},{"taxonomy":"post_tag","embeddable":true,"href":"https:\/\/www.europesays.com\/lv\/wp-json\/wp\/v2\/tags?post=101557"}],"curies":[{"name":"wp","href":"https:\/\/api.w.org\/{rel}","templated":true}]}}