{"id":101559,"date":"2026-01-12T04:54:08","date_gmt":"2026-01-12T04:54:08","guid":{"rendered":"https:\/\/www.europesays.com\/lv\/101559\/"},"modified":"2026-01-12T04:54:08","modified_gmt":"2026-01-12T04:54:08","slug":"maris-gailis-par-tris-miljoniem-eiro-beidzot-pardod-savu-lieldienu-salu-bet-kas-to-nopirka","status":"publish","type":"post","link":"https:\/\/www.europesays.com\/lv\/101559\/","title":{"rendered":"M\u0101ris Gailis par tr\u012bs miljoniem eiro beidzot p\u0101rdod savu &#8220;Lieldienu salu&#8221;. Bet kas to nopirka?"},"content":{"rendered":"<p>Nu sarun\u0101 ar \u017eurn\u0101lu &#8220;Kas Jauns&#8221; M\u0101ris Gailis nesl\u0113pj pat\u012bkamo savi\u013c\u0146ojumu, atkl\u0101jot, ka 2025. gada lab\u0101kais dar\u012bjums ir \u0161\u0101 nekustam\u0101 \u012bpa\u0161uma tirdzniec\u012bba. \u201c18 gadus esam tur nodz\u012bvoju\u0161i, un j\u0101teic, ka sen jau v\u0113l\u0113j\u0101mies to p\u0101rdot, bet bija \u013coti gr\u016bti atrast klientu tik specifiskam \u012bpa\u0161umam. Beidzot tas gad\u012bj\u0101s, un m\u016bsu \u012bpa\u0161umu par tr\u012bs miljoniem eiro ieg\u0101d\u0101j\u0101s, manupr\u0101t, inteli\u0123ents cilv\u0113ks, kur\u0161 beigu beig\u0101s nopirka m\u0101ju ar vis\u0101m m\u0113bel\u0113m. Tas noz\u012bm\u0113, ka vi\u0146\u0161 ciena \u0161o interjeru. J\u0101teic, ka man nav nostal\u0123isku atmi\u0146u. Glu\u017ei otr\u0101di \u2013 esmu \u013coti priec\u012bgs, jo tagad varam b\u016bv\u0113t kaut ko jaunu. Esmu iecer\u0113jis noskat\u012bt zemesgabalu, un tad pa\u0161i uzb\u016bv\u0113sim. Kop\u0161 Kaltenes \u012bpa\u0161uma ieg\u0101des esam k\u013cuvu\u0161i 20 gadu vec\u0101ki, un mums vairs tik liela m\u0101ja nebija vajadz\u012bga. To \u0113ku tik lielu m\u0113s pa\u0161i neizgudroj\u0101m, t\u0101da bija \u0161\u012b s\u016bk\u0146u stacija, ko rekonstru\u0113j\u0101m. T\u0101pat mums ir ar\u012b pietiekami pla\u0161a m\u0101ja \u0136\u012bpsal\u0101, kur varam viesus uz\u0146emt,\u201d par veiksm\u012bgo dar\u012bjumu saj\u016bsmin\u0101ts ir uz\u0146\u0113m\u0113js.<\/p>\n","protected":false},"excerpt":{"rendered":"Nu sarun\u0101 ar \u017eurn\u0101lu &#8220;Kas Jauns&#8221; M\u0101ris Gailis nesl\u0113pj pat\u012bkamo savi\u013c\u0146ojumu, atkl\u0101jot, ka 2025. gada lab\u0101kais dar\u012bjums ir&hellip;\n","protected":false},"author":2,"featured_media":101560,"comment_status":"","ping_status":"","sticky":false,"template":"","format":"standard","meta":{"footnotes":""},"categories":[12],"tags":[23,28,29,32,33,22,30,31,35,39,38,36,37,34,40,20,26,27,24,25,21],"class_list":{"0":"post-101559","1":"post","2":"type-post","3":"status-publish","4":"format-standard","5":"has-post-thumbnail","7":"category-latvija","8":"tag-aktualitates","9":"tag-breaking-news","10":"tag-breakingnews","11":"tag-featured-news","12":"tag-featurednews","13":"tag-headlines","14":"tag-latest-news","15":"tag-latestnews","16":"tag-latvia","17":"tag-latvian","18":"tag-latviesu","19":"tag-latviesu-valoda","20":"tag-latviesuvaloda","21":"tag-latvija","22":"tag-lv","23":"tag-news","24":"tag-popularakas-zinas","25":"tag-popularakaszinas","26":"tag-top-stories","27":"tag-topstories","28":"tag-zinas"},"share_on_mastodon":{"url":"https:\/\/pubeurope.com\/@lv\/115880346403184763","error":""},"_links":{"self":[{"href":"https:\/\/www.europesays.com\/lv\/wp-json\/wp\/v2\/posts\/101559","targetHints":{"allow":["GET"]}}],"collection":[{"href":"https:\/\/www.europesays.com\/lv\/wp-json\/wp\/v2\/posts"}],"about":[{"href":"https:\/\/www.europesays.com\/lv\/wp-json\/wp\/v2\/types\/post"}],"author":[{"embeddable":true,"href":"https:\/\/www.europesays.com\/lv\/wp-json\/wp\/v2\/users\/2"}],"replies":[{"embeddable":true,"href":"https:\/\/www.europesays.com\/lv\/wp-json\/wp\/v2\/comments?post=101559"}],"version-history":[{"count":0,"href":"https:\/\/www.europesays.com\/lv\/wp-json\/wp\/v2\/posts\/101559\/revisions"}],"wp:featuredmedia":[{"embeddable":true,"href":"https:\/\/www.europesays.com\/lv\/wp-json\/wp\/v2\/media\/101560"}],"wp:attachment":[{"href":"https:\/\/www.europesays.com\/lv\/wp-json\/wp\/v2\/media?parent=101559"}],"wp:term":[{"taxonomy":"category","embeddable":true,"href":"https:\/\/www.europesays.com\/lv\/wp-json\/wp\/v2\/categories?post=101559"},{"taxonomy":"post_tag","embeddable":true,"href":"https:\/\/www.europesays.com\/lv\/wp-json\/wp\/v2\/tags?post=101559"}],"curies":[{"name":"wp","href":"https:\/\/api.w.org\/{rel}","templated":true}]}}