{"id":101571,"date":"2026-01-12T05:03:07","date_gmt":"2026-01-12T05:03:07","guid":{"rendered":"https:\/\/www.europesays.com\/lv\/101571\/"},"modified":"2026-01-12T05:03:07","modified_gmt":"2026-01-12T05:03:07","slug":"latvijas-biatlonisti-birkentals-un-rastorgujevs-nodrosina-vietu-pasaules-kausa-izcinas-iedzisanas-sacensibas-lente-lv","status":"publish","type":"post","link":"https:\/\/www.europesays.com\/lv\/101571\/","title":{"rendered":"Latvijas biatlonisti Birkent\u0101ls un Rastorgujevs nodro\u0161ina vietu Pasaules kausa izc\u012b\u0146as iedz\u012b\u0161anas sacens\u012bb\u0101s\u00a0\u2014\u00a0Lente.lv"},"content":{"rendered":"<p>Latvijas biatlonisti nodro\u0161ina vietu iedz\u012b\u0161an\u0101<\/p>\n<p>Latvijas biatlonisti Ren\u0101rs Birkent\u0101ls un Andrejs Rastorgujevs ceturtdien V\u0101cij\u0101, Pasaules kausa ceturtaj\u0101 posm\u0101, aizvad\u012bju\u0161i 10 kilometru sprinta sacens\u012bbas. Birkent\u0101ls izc\u012bn\u012bjis 32. vietu, savuk\u0101rt Rastorgujevs ierindojies 42. poz\u012bcij\u0101, abiem nodro\u0161inot dal\u012bbu sestdien paredz\u0113taj\u0101s iedz\u012b\u0161anas sacens\u012bb\u0101s. K\u0101 zi\u0146o av\u012bze Diena, Edgars Mise \u0161aj\u0101 sprint\u0101 ie\u0146\u0113mis 76. vietu un nekvalific\u0113j\u0101s t\u0101l\u0101kaj\u0101m sacens\u012bb\u0101m.<\/p>\n<p>\u0160aj\u0101 posm\u0101 par uzvar\u0113t\u0101ju k\u013cuva it\u0101\u013cu biatlonists Tomazo D\u017eakomels, kur\u0161 distanci veica 25 min\u016bt\u0113s un 1,7 sekund\u0113s, nopelnot vienu soda apli. Otrais fini\u0161\u0113ja m\u0101jinieks Filips Navrats, atpaliekot 12,7 sekundes, bet tre\u0161ais \u2013 norv\u0113\u0123is Juhanness D\u0101le-\u0160evd\u0101ls, kur\u0161 zaud\u0113ja 26,4 sekundes. Abi sacens\u012bbu godalgoto vietu ieguv\u0113ji ar\u012b veica pa vienam soda aplim.<\/p>\n<p>Ren\u0101rs Birkent\u0101ls ab\u0101s \u0161au\u0161an\u0101s nopeln\u012bja pa vienam soda aplim, uzvar\u0113t\u0101jam piek\u0101pjoties min\u016bti un 55,7 sekundes. Andrejs Rastorgujevs pirmaj\u0101 ugunsl\u012bnij\u0101 \u0161\u0101va prec\u012bzi, ta\u010du otraj\u0101 ugunsl\u012bnij\u0101 nopeln\u012bja divus soda ap\u013cus, fini\u0161\u0101 atpaliekot divas min\u016btes un asto\u0146as sekundes. Edgars Mise, \u0161au\u0161an\u0101 gu\u013cus esot prec\u012bzs, st\u0101vus nopeln\u012bjis tr\u012bs soda ap\u013cus un uzvar\u0113t\u0101jam zaud\u0113jis divas min\u016btes un 57,4 sekundes.<\/p>\n<p>Iedz\u012b\u0161anas sacens\u012bbas un kopv\u0113rt\u0113jums<\/p>\n<p>Iedz\u012b\u0161anas sacens\u012bbas, kas paredz\u0113tas sestdien, pulc\u0113s 60 lab\u0101kos rezult\u0101tu \u012bpa\u0161niekus no 105 sprinta dal\u012bbniekiem. Ren\u0101rs Birkent\u0101ls sestdien 12,5 kilometru iedz\u012b\u0161anas distanc\u0113 fini\u0161\u0113jis 32. viet\u0101, atk\u0101rtojot savu person\u012bgo rekordu Pasaules kausa sacens\u012bb\u0101s. Birkent\u0101ls veica tr\u012bs soda ap\u013cus. Andrejs Rastorgujevs \u0161au\u0161an\u0101 nebija prec\u012bzs, pie\u013caujot asto\u0146as k\u013c\u016bdas un ierindojoties 52. viet\u0101 starp 56 dal\u012bbniekiem, no uzvar\u0113t\u0101ja atpaliekot vair\u0101k nek\u0101 piecas min\u016btes. Rastorgujevs ie\u0146em 46. vietu Pasaules kausa kopv\u0113rt\u0113jum\u0101 ar 42 punktiem, bet Birkent\u0101ls ar 40 punktiem atrodas poz\u012bciju zem\u0101k.<\/p>\n<p>Pasaules kausa sezona un turpm\u0101kie posmi<\/p>\n<p>Pasaules kausa biatlona ceturtais posms V\u0101cij\u0101, Oberhof\u0101, notika no 8. l\u012bdz 11. janv\u0101rim. \u0160\u012b ir 2025.\/2026. gada sezona. P\u0113c Oberhofas posma sacens\u012bbas turpin\u0101sies V\u0101cij\u0101, R\u016bpolding\u0101, un \u010cehij\u0101, Nove Mesto, pirms biatlonistiem paredz\u0113tas olimpisk\u0101s sp\u0113les It\u0101lij\u0101. Mart\u0101 notiks v\u0113l tr\u012bs Pasaules kausa posmi Kontiolahti, Otep\u0113 un Holmenkollen\u0113.<\/p>\n<p>Latvijas biatlonistu sasniegumi<\/p>\n<p>Ren\u0101rs Birkent\u0101ls un Andrejs Rastorgujevs \u0161osezon ir ieguvu\u0161i ar\u012b vietu 4&#215;7,5 kilometru stafet\u0113, kur\u0101 Latvijas komanda izc\u012bn\u012bjusi 12. vietu. \u0160is bija lab\u0101kais rezult\u0101ts kop\u0161 2024. gada. Edgars Mise, kur\u0161 ar\u012b start\u0113ja stafet\u0113, ir dzimis 1998. gad\u0101 un agr\u0101k ir p\u0101rst\u0101v\u0113jis ar\u012b Krieviju, ta\u010du p\u0113c pilson\u012bbas nomai\u0146as tagad p\u0101rst\u0101v Latviju.<\/p>\n","protected":false},"excerpt":{"rendered":"Latvijas biatlonisti nodro\u0161ina vietu iedz\u012b\u0161an\u0101 Latvijas biatlonisti Ren\u0101rs Birkent\u0101ls un Andrejs Rastorgujevs ceturtdien V\u0101cij\u0101, Pasaules kausa ceturtaj\u0101 posm\u0101,&hellip;\n","protected":false},"author":2,"featured_media":101572,"comment_status":"","ping_status":"","sticky":false,"template":"","format":"standard","meta":{"footnotes":""},"categories":[17],"tags":[1498,1499,35,39,38,36,37,34,40,24304,2560,16008,67],"class_list":{"0":"post-101571","1":"post","2":"type-post","3":"status-publish","4":"format-standard","5":"has-post-thumbnail","7":"category-sports","8":"tag-andrejs-rastorgujevs","9":"tag-biatlons","10":"tag-latvia","11":"tag-latvian","12":"tag-latviesu","13":"tag-latviesu-valoda","14":"tag-latviesuvaloda","15":"tag-latvija","16":"tag-lv","17":"tag-oberhofa","18":"tag-pasaules-kauss","19":"tag-renars-birkentals","20":"tag-sports"},"share_on_mastodon":{"url":"https:\/\/pubeurope.com\/@lv\/115880381812913025","error":""},"_links":{"self":[{"href":"https:\/\/www.europesays.com\/lv\/wp-json\/wp\/v2\/posts\/101571","targetHints":{"allow":["GET"]}}],"collection":[{"href":"https:\/\/www.europesays.com\/lv\/wp-json\/wp\/v2\/posts"}],"about":[{"href":"https:\/\/www.europesays.com\/lv\/wp-json\/wp\/v2\/types\/post"}],"author":[{"embeddable":true,"href":"https:\/\/www.europesays.com\/lv\/wp-json\/wp\/v2\/users\/2"}],"replies":[{"embeddable":true,"href":"https:\/\/www.europesays.com\/lv\/wp-json\/wp\/v2\/comments?post=101571"}],"version-history":[{"count":0,"href":"https:\/\/www.europesays.com\/lv\/wp-json\/wp\/v2\/posts\/101571\/revisions"}],"wp:featuredmedia":[{"embeddable":true,"href":"https:\/\/www.europesays.com\/lv\/wp-json\/wp\/v2\/media\/101572"}],"wp:attachment":[{"href":"https:\/\/www.europesays.com\/lv\/wp-json\/wp\/v2\/media?parent=101571"}],"wp:term":[{"taxonomy":"category","embeddable":true,"href":"https:\/\/www.europesays.com\/lv\/wp-json\/wp\/v2\/categories?post=101571"},{"taxonomy":"post_tag","embeddable":true,"href":"https:\/\/www.europesays.com\/lv\/wp-json\/wp\/v2\/tags?post=101571"}],"curies":[{"name":"wp","href":"https:\/\/api.w.org\/{rel}","templated":true}]}}