{"id":101579,"date":"2026-01-12T05:11:05","date_gmt":"2026-01-12T05:11:05","guid":{"rendered":"https:\/\/www.europesays.com\/lv\/101579\/"},"modified":"2026-01-12T05:11:05","modified_gmt":"2026-01-12T05:11:05","slug":"projekts-fly-forever-latvia-young","status":"publish","type":"post","link":"https:\/\/www.europesays.com\/lv\/101579\/","title":{"rendered":"Projekts FLY \u2013 \u201eforever (Latvia) young\u201d"},"content":{"rendered":"<p>                                                                    <img decoding=\"async\" src=\"https:\/\/www.europesays.com\/lv\/wp-content\/uploads\/2026\/01\/22241.jpg\" alt=\"Foto\" id=\"mainfoto\" \/><br \/> <br \/>\n                                    Alvis Hermanis \u00b7 12.01.2026. \u00b7 <a href=\"\/\/m.pietiek.com\/lapa.php\/raksti\/projekts_fly__forever_latvia_young\/komentari\">Koment\u0101ri (1)<\/a><\/p>\n<p id=\"share\">Iesaki rakstu:<br \/><a href=\"https:\/\/twitter.com\/intent\/tweet?text=Iesaku: Projekts FLY \u2013 \u201eforever (Latvia) young\u201d&amp;url=http:\/\/www.pietiek.com\/raksti\/projekts_fly__forever_latvia_young\/\" rel=\"nofollow noopener\" target=\"_blank\"><img decoding=\"async\" src=\"https:\/\/www.europesays.com\/lv\/wp-content\/uploads\/2025\/12\/twt.png\" alt=\"Twitter\" border=\"0\" \/><\/a><br \/>\n                    <a href=\"https:\/\/www.facebook.com\/share.php?u=http:\/\/www.pietiek.com\/raksti\/projekts_fly__forever_latvia_young\/\" rel=\"nofollow noopener\" target=\"_blank\"><img decoding=\"async\" src=\"https:\/\/www.europesays.com\/lv\/wp-content\/uploads\/2025\/12\/fcb.png\" alt=\"Facebook\" border=\"0\" \/><\/a><\/p>\n<p>                    <a href=\"http:\/\/www.pietiek.com\/raksti\/projekts_fly__forever_latvia_young\/#\" onclick=\"DraugiemSay(&#039;Projekts FLY \u2013 \u201eforever (Latvia) young\u201d&#039;, &#039;http:\/\/www.pietiek.com\/raksti\/projekts_fly__forever_latvia_young\/&#039;, &#039;Pietiek.com&#039;);return false;\" title=\"draugiem.lv\" rel=\"nofollow noopener\" target=\"_blank\"><img decoding=\"async\" src=\"https:\/\/www.europesays.com\/lv\/wp-content\/uploads\/2025\/12\/drg.png\" alt=\"Draugiem.lv\" border=\"0\" \/><\/a>\n                    <\/p>\n<p><p style=\"line-height: 19.5px;\">Lai Latvijas valsts izkultos no \u201cn\u0101ves spir\u0101les&#8221; (demogr\u0101fisk\u0101 katastrofa plus ekonomisk\u0101 mazsp\u0113ja), ir ac\u012bmredzami, ka m\u016bs var gl\u0101bt tikai drosm\u012bgs un radik\u0101ls projekts, kas s\u0101ktu peln\u012bt naudu no \u0101rpuses un nodro\u0161in\u0101tu darbu sav\u0113jiem.<\/p>\n<\/p>\n<p>Partija \u201cM\u0113s main\u0101m noteikumus&#8221; (kuras galvenais uzdevums nemain\u012bgs &#8211; main\u012bt v\u0113l\u0113\u0161anu k\u0101rt\u012bbu) pied\u0101v\u0101 \u0161\u0101du projektu. To var \u012bstenot, izmantojot tikai un vien\u012bgi viet\u0113jos resursus \u2013 dabu, klimatiskos apst\u0101k\u013cus, kokmateri\u0101lus, cilv\u0113kresursus, medic\u012bnu, kult\u016bru un visu p\u0101r\u0113jo, kas mums jau ir. Nek\u0101di \u0101rzemju investori nav vajadz\u012bgi.<\/p>\n<p>\u0160\u012b projekta b\u016bt\u012bba ir izveidot Latvijas teritorij\u0101 \u013coti daudzus speci\u0101li ier\u012bkotus ciemati\u0146us, kuros var\u0113tu izmitin\u0101t cilv\u0113kus no Rietumeiropas, kas beigu\u0161i akt\u012bv\u0101s darba gaitas. Kop\u0113jais skaits &#8211; vismaz 1 miljons cilv\u0113ku. Precedents un da\u013c\u0113ja l\u012bdz\u012bba ir ar Floridas piem\u0113ru, kur izveidotas kompaktas apdz\u012bvotas vietas, kur\u0101s tur\u012bgi pension\u0101ri no visas ASV pavada akt\u012bvas vecumdienas. \u0160eit svar\u012bgs akcents, ka runa ir nevis par veco \u013cau\u017eu pansion\u0101tiem, bet mo\u017eiem un akt\u012bviem 65plus vecuma cilv\u0113kiem.<\/p>\n<p>Maz ticams, ka Latvijas n\u0101kotne b\u016bs &#8220;Zieme\u013cu Dubaja&#8221; vai MI parad\u012bze. T\u0101das pasakas jums vis\u0101di eksperti var turpin\u0101t st\u0101st\u012bt, bet uz to iesaku p\u0101r\u0101k nesacer\u0113ties. Ar\u012b perspekt\u012bva par Latviju k\u0101 industri\u0101lu fermu jeb caurstaig\u0101jamo pagalmu, kur bez imigrantu p\u016b\u013ciem neiztikt, man neliekas vilino\u0161a. M\u0113s pied\u0101v\u0101jam saglab\u0101t Latviju k\u0101 sava veida ekolo\u0123isku zonu gan ment\u0101l\u0101 gan burtisk\u0101 noz\u012bm\u0113, kur dz\u012bvi cilv\u0113ki dz\u012bvo dz\u012bvu dz\u012bvi. Nevis virtu\u0101lo un sa\u010dipoto, kur cilv\u0113ku p\u016b\u013ci piel\u016bdz materi\u0101lo v\u0113rt\u012bbu un pat\u0113ri\u0146a sabiedr\u012bbas reli\u0123ijas dievus, bet pied\u0101v\u0101jam maksim\u0101li ilgi saglab\u0101t Latviju k\u0101 teritoriju, kur tiek uztur\u0113ta cilv\u0113ku es\u012bbas dabisk\u0101 k\u0101rt\u012bba. Imanta Ziedo\u0146a izpratn\u0113.<\/p>\n<p>Rietumeirop\u0101 probl\u0113mas ar to jau ir s\u0101ku\u0161\u0101s. Tam kl\u0101t ar\u012b klimatiskie apst\u0101k\u013ci, jo daudz kur Eirop\u0101 vasaras karstuma temperat\u016bras vairs nav savienojamas ar cilv\u0113ka vesel\u012bbu. Visbeidzot &#8211; pilso\u0146u kara tuvo\u0161an\u0101s, kas imigrantu kr\u012bzes d\u0113\u013c tagad ir tikai laika jaut\u0101jums daudz\u0101s musulma\u0146u Eiropas valst\u012bs. Visi \u0161ie iemesli b\u016btu pietiekams iegansts, lai Rietumeiropas cilv\u0113ki p\u0113c aizie\u0161anas pensij\u0101 apsv\u0113rtu ideju p\u0101rcelties uz k\u0101du mier\u012bg\u0101ku un dz\u012bvei piem\u0113rot\u0101ku vietu.<\/p>\n<p>Projektu var realiz\u0113t tikai ar viet\u0113jiem resursiem. Tas svar\u012bgi. Latvie\u0161u arhitekti izpl\u0101nos ciematus &#8211; p\u0101ris simtu mini izm\u0113ra priv\u0101tm\u0101jas (1-2 cilv\u0113kiem, jo b\u0113rni vairs nav aktu\u0101li) &#8211; ar 1 gu\u013camistabu, viesistabu, vannas istabu, saunu. Latvie\u0161u b\u016bvnieki no viet\u0113jiem kokmateri\u0101liem to realiz\u0113s. Katra ciemata centr\u0101 &#8211; p\u0101ris restor\u0101nu, veikals, peldbaseins plus citas telpas &#8211; sportam un atp\u016btai. Latvie\u0161u medic\u012bnas nozarei ar\u012b \u0161eit paver\u0101s milzu iesp\u0113jas. Medic\u012bnas t\u016brisms Latvij\u0101 ir jau aizs\u0101kta lieta, un \u0161is projekts to potenci\u0101li var tie\u0161\u0101m \u201cuzspridzin\u0101t&#8221; \u0161\u012b v\u0101rda labaj\u0101 noz\u012bm\u0113. T\u0101pat ar\u012b latvie\u0161u kult\u016bras pied\u0101v\u0101jums ir \u013coti svar\u012bga projekta sast\u0101vda\u013ca, jo daudziem Rietumeiropas vec\u0101k\u0101s paaudzes cilv\u0113kiem t\u0101 ir svar\u012bga dz\u012bves sast\u0101vda\u013ca. To labi zinu no person\u012bg\u0101s pieredzes, jo, daudzus gadus str\u0101d\u0101jot \u201cbag\u0101to cilv\u0113ku&#8221; pils\u0113t\u0101s &#8211; V\u012bn\u0113, Minhen\u0113, C\u012brih\u0113, Zalcburg\u0101 vai Mil\u0101n\u0101, tie\u0161i \u0161ie cilv\u0113ki bija mana tipisk\u0101 ikdienas publika un vi\u0146u dz\u012bves v\u0113rt\u012bbas es zinu \u013coti labi.<\/p>\n<p>Svar\u012bgi, ka \u0161\u012bs paaudzes eiropie\u0161iem, ar izcili lab\u0101m izgl\u012bt\u012bb\u0101m un materi\u0101li tur\u012bgiem, ir zin\u0101\u0161anas un pieredze, ko tie var\u0113tu tie\u0161\u0101 vai netie\u0161\u0101 veid\u0101 transplant\u0113t uz m\u016bsu valsti. Jo, k\u0101 zin\u0101ms, medic\u012bniski m\u016bsdien\u0101s ar\u012b 75 gadus vecs cilv\u0113ks v\u0113l skait\u0101s jauns un akt\u012bvs. V\u0113l svar\u012bgs, manupr\u0101t, aspekts, ka vi\u0146i vairs neb\u016btu vecum\u0101, kad dzemd\u0113 b\u0113rnus. L\u012bdz ar to \u0161\u0101da veida imigr\u0101cija neapdraud\u0113tu m\u016bsu tautas asimil\u0101ciju ilgtermi\u0146\u0101, kas savuk\u0101rt apdraud t\u0101s valstis, kuras appludina jaunu cilv\u0113ku imigranti.<\/p>\n<p>\u0160\u012b projekta ekonomiskos aspektus apr\u0113\u0137in\u0101t, protams, var un vajag m\u0113\u0123in\u0101t, bet jebkur\u0101 gad\u012bjum\u0101 &#8211;\u00a0 skaidrs, ka tie dotu milzu gr\u016bdienu Latvijas ekonomikai kopum\u0101 un l\u012bdz ar to katra pilso\u0146a labkl\u0101j\u012bbai ilgtermi\u0146\u0101.<\/p>\n<p>Projekta realiz\u0101cijai vajadz\u0113s cie\u0161u valsts un priv\u0101tuz\u0146\u0113m\u0113ju sadarbo\u0161anos. No valsts puses j\u0101nodro\u0161ina maksim\u0101li izdev\u012bgi apst\u0101k\u013ci labv\u0113l\u012bgam birokr\u0101tijas atbalstam, Eiropas fondu iesaistei, nodok\u013ciem, kredit\u0113\u0161anai. Iesp\u0113jams, j\u0101apsver ar\u012b \u0161im projektam speci\u0101las bankas izveido\u0161ana.\u00a0<\/p>\n<p>Jebkur\u0101 gad\u012bjum\u0101 \u0161\u012b projekta m\u0113rogi paredz\u0113tu, ka ar laiku uz \u0161iem speci\u0101li izveidotajiem ciematiem p\u0101rceltos (nop\u0113rkot vai iz\u012br\u0113jot m\u0101ju) vismaz viens miljons \u0101rvalstu pilso\u0146u. L\u012bdz ar to projekt\u0101 tie\u0161i vai netie\u0161i tiktu iesaist\u012bti piln\u012bgi visi Latvijas iedz\u012bvot\u0101ji. Gan priv\u0101taj\u0101, gan valsts sektor\u0101 str\u0101d\u0101jo\u0161ie. T\u0101d\u0113j\u0101di mums b\u016btu beidzot kop\u012bgs pl\u0101ns, kas vienotu tautu ar\u012b Dziesmu sv\u0113tku un hokeja \u010dempion\u0101tu starplaikos.<\/p>\n<p>M\u0113s main\u0101m noteikumus.<\/p>\n<p>Nov\u0113rt\u0113 \u0161o rakstu:<\/p>\n<p>0<\/p>\n<p>0<\/p>\n<p>                <script async src=\"https:\/\/platform.twitter.com\/widgets.js\" charset=\"utf-8\"><\/script><\/p>\n","protected":false},"excerpt":{"rendered":"Alvis Hermanis \u00b7 12.01.2026. \u00b7 Koment\u0101ri (1) Iesaki rakstu: Lai Latvijas valsts izkultos no \u201cn\u0101ves spir\u0101les&#8221; (demogr\u0101fisk\u0101 katastrofa&hellip;\n","protected":false},"author":2,"featured_media":101580,"comment_status":"","ping_status":"","sticky":false,"template":"","format":"standard","meta":{"footnotes":""},"categories":[14],"tags":[23,57,28,29,32,33,22,30,31,35,39,38,36,37,34,40,20,26,27,24,25,54,55,56,21,58],"class_list":{"0":"post-101579","1":"post","2":"type-post","3":"status-publish","4":"format-standard","5":"has-post-thumbnail","7":"category-zinas-no-arvalstim","8":"tag-aktualitates","9":"tag-arvalstim","10":"tag-breaking-news","11":"tag-breakingnews","12":"tag-featured-news","13":"tag-featurednews","14":"tag-headlines","15":"tag-latest-news","16":"tag-latestnews","17":"tag-latvia","18":"tag-latvian","19":"tag-latviesu","20":"tag-latviesu-valoda","21":"tag-latviesuvaloda","22":"tag-latvija","23":"tag-lv","24":"tag-news","25":"tag-popularakas-zinas","26":"tag-popularakaszinas","27":"tag-top-stories","28":"tag-topstories","29":"tag-world","30":"tag-world-news","31":"tag-worldnews","32":"tag-zinas","33":"tag-zinas-no-arvalstim"},"share_on_mastodon":{"url":"https:\/\/pubeurope.com\/@lv\/115880413315261091","error":""},"_links":{"self":[{"href":"https:\/\/www.europesays.com\/lv\/wp-json\/wp\/v2\/posts\/101579","targetHints":{"allow":["GET"]}}],"collection":[{"href":"https:\/\/www.europesays.com\/lv\/wp-json\/wp\/v2\/posts"}],"about":[{"href":"https:\/\/www.europesays.com\/lv\/wp-json\/wp\/v2\/types\/post"}],"author":[{"embeddable":true,"href":"https:\/\/www.europesays.com\/lv\/wp-json\/wp\/v2\/users\/2"}],"replies":[{"embeddable":true,"href":"https:\/\/www.europesays.com\/lv\/wp-json\/wp\/v2\/comments?post=101579"}],"version-history":[{"count":0,"href":"https:\/\/www.europesays.com\/lv\/wp-json\/wp\/v2\/posts\/101579\/revisions"}],"wp:featuredmedia":[{"embeddable":true,"href":"https:\/\/www.europesays.com\/lv\/wp-json\/wp\/v2\/media\/101580"}],"wp:attachment":[{"href":"https:\/\/www.europesays.com\/lv\/wp-json\/wp\/v2\/media?parent=101579"}],"wp:term":[{"taxonomy":"category","embeddable":true,"href":"https:\/\/www.europesays.com\/lv\/wp-json\/wp\/v2\/categories?post=101579"},{"taxonomy":"post_tag","embeddable":true,"href":"https:\/\/www.europesays.com\/lv\/wp-json\/wp\/v2\/tags?post=101579"}],"curies":[{"name":"wp","href":"https:\/\/api.w.org\/{rel}","templated":true}]}}