{"id":101592,"date":"2026-01-12T05:24:07","date_gmt":"2026-01-12T05:24:07","guid":{"rendered":"https:\/\/www.europesays.com\/lv\/101592\/"},"modified":"2026-01-12T05:24:07","modified_gmt":"2026-01-12T05:24:07","slug":"zemaka-gaisa-temperatura-pagajusaja-nedela-registreta-rucava-stende-un-dobele-1188-lv","status":"publish","type":"post","link":"https:\/\/www.europesays.com\/lv\/101592\/","title":{"rendered":"Zem\u0101k\u0101 gaisa temperat\u016bra pag\u0101ju\u0161aj\u0101 ned\u0113\u013c\u0101 re\u0123istr\u0113ta Rucav\u0101, Stend\u0113 un Dobel\u0113 &#8211; 1188.lv"},"content":{"rendered":"<ol>\n<li><a href=\"https:\/\/news.google.com\/rss\/articles\/CBMisAFBVV95cUxNdEFBRVVaa1AxcmJOdVlLcmZ4WWttVDZBeHBVQzRwRTVmcU1xSjZBWnlnbVk5alZOU0hGSXA0ZVdBYTN6NWU4TnRobDZVX3EwclV2bVBEbFByamxCZzg2X0VPOWdSel82QklpT0QyNDdIMU14TU53TkZfWFhPRklNM1FyOEhCaTJPM1pMaU93WGhDUlhVeER2eG9nS3JzQXhGNEVzNWlMeUltbDNVVFRVcw?oc=5\" target=\"_blank\" rel=\"nofollow noopener\">Zem\u0101k\u0101 gaisa temperat\u016bra pag\u0101ju\u0161aj\u0101 ned\u0113\u013c\u0101 re\u0123istr\u0113ta Rucav\u0101, Stend\u0113 un Dobel\u0113<\/a>&nbsp;&nbsp;1188.lv<\/li>\n<li><a href=\"https:\/\/news.google.com\/rss\/articles\/CBMilwFBVV95cUxNN0dNSVZWUk4yU2FUTzB0dEwyQzQwdTdVeUNXV3Q0U3FYa2VhWHEydjQ2WndfZ3g4MTNIY1ZFWU8tOXQ5SEdJWnB2NlZPUTh3M3pEV0NGd0owZVhCUG9sa291aU1wWVNWTGVOTGNRUExTcnBadzhpUFRzQUNsMVUySGhZa3VZck53MldsN01qZjVwT2lxQVVB?oc=5\" target=\"_blank\" rel=\"nofollow noopener\">Kurzem\u0113 re\u0123istr\u0113ta \u0161\u012bs ned\u0113\u013cas zem\u0101k\u0101 gaisa temperat\u016bra<\/a>&nbsp;&nbsp;Jauns.lv<\/li>\n<li><a href=\"https:\/\/news.google.com\/rss\/articles\/CBMikwFBVV95cUxQWDJFZXU2MmlCVFN4aXZDMENvOUwwLUdkdlVNZUJCNXlqSl85MjdpNHcwOXRYdmVrbklsZ1VZZDNITk5xNjNiSjUtNU9MZi10Q2xfdVBINFdEUGY1N0JRMDhNd3JhVkhKUTcwcU45RHJjdE9sUThuTWM3SVFYVjVCalRHVDNnNDB2aWY0VkQxbWlmdG8?oc=5\" target=\"_blank\" rel=\"nofollow noopener\">Gaisa temperat\u016bra nosl\u012bd\u0113jusi l\u012bdz -19 gr\u0101diem<\/a>&nbsp;&nbsp;Ventas Balss<\/li>\n<li><a href=\"https:\/\/news.google.com\/rss\/articles\/CBMiyAFBVV95cUxPUE1hTFhfZ3lrWlllM0dCQ0ktSWlWZnRTMHpWcTJUemhOMFJmOWVqaEtFeUVOQ0ZHLXF2LTRDY0tIWWVSOXlZN3J1WktqQWhqQlhvNWltWEk4SFktb1R2bzlsWDNUWTkyOW4ySE9WVE9EMi0xZW4zMzBtUkxvaXlnVTllYmd2ZXc1VURmemJrMEs2bkdNbnlydXc3ZjFmNEJPMmdZWTlMa0tiZDMwX2pXbnlsbWxaYnBabWk3eEpFNWFLVFB2TGxjag?oc=5\" target=\"_blank\" rel=\"nofollow noopener\">Kurzem\u0113 re\u0123istr\u0113ta \u0161\u012bs ned\u0113\u013cas zem\u0101k\u0101 gaisa temperat\u016bra l\u012bdz -16 gr\u0101diem<\/a>&nbsp;&nbsp;lente.lv<\/li>\n<li><a href=\"https:\/\/news.google.com\/rss\/articles\/CBMimAFBVV95cUxPaGg4cFdsS0FEOHM2ZEgzRHhFd1liQkZ2MHFkcGlMVFM2Q1pZclpmUDlFOTg1QWR0TnFwLUYwaml3ZVVQQm5UR3BEd0p6ZlF2OU9MTHRwRDBNTjAzMUk2ZUVTb3JhVHBoQ1R2Q2JKSGM1NW9USkxfUHA5ZjhRREJKQlFDNUVLN1A0aDFoMDd3R2tZZndFQm8tWA?oc=5\" target=\"_blank\" rel=\"nofollow noopener\">Da\u017eviet Kurzem\u0113 gaisa temperat\u016bra nosl\u012bd\u0113jusi l\u012bdz -19 gr\u0101diem<\/a>&nbsp;&nbsp;1188.lv<\/li>\n<\/ol>\n","protected":false},"excerpt":{"rendered":"Zem\u0101k\u0101 gaisa temperat\u016bra pag\u0101ju\u0161aj\u0101 ned\u0113\u013c\u0101 re\u0123istr\u0113ta Rucav\u0101, Stend\u0113 un Dobel\u0113&nbsp;&nbsp;1188.lv Kurzem\u0113 re\u0123istr\u0113ta \u0161\u012bs ned\u0113\u013cas zem\u0101k\u0101 gaisa temperat\u016bra&nbsp;&nbsp;Jauns.lv Gaisa&hellip;\n","protected":false},"author":2,"featured_media":101593,"comment_status":"","ping_status":"","sticky":false,"template":"","format":"standard","meta":{"footnotes":""},"categories":[12],"tags":[129,1395,3333,23,28,29,32,33,22,30,31,35,39,38,36,37,34,40,20,26,27,3334,3179,3335,3180,24,25,21],"class_list":{"0":"post-101592","1":"post","2":"type-post","3":"status-publish","4":"format-standard","5":"has-post-thumbnail","7":"category-latvija","8":"tag-__typenameadvicekeyword","9":"tag-id408","10":"tag-id563","11":"tag-aktualitates","12":"tag-breaking-news","13":"tag-breakingnews","14":"tag-featured-news","15":"tag-featurednews","16":"tag-headlines","17":"tag-latest-news","18":"tag-latestnews","19":"tag-latvia","20":"tag-latvian","21":"tag-latviesu","22":"tag-latviesu-valoda","23":"tag-latviesuvaloda","24":"tag-latvija","25":"tag-lv","26":"tag-news","27":"tag-popularakas-zinas","28":"tag-popularakaszinas","29":"tag-sluglaika-zina","30":"tag-slugweather","31":"tag-titlelaika-zina","32":"tag-titleweather","33":"tag-top-stories","34":"tag-topstories","35":"tag-zinas"},"share_on_mastodon":{"url":"https:\/\/pubeurope.com\/@lv\/115880464698007666","error":""},"_links":{"self":[{"href":"https:\/\/www.europesays.com\/lv\/wp-json\/wp\/v2\/posts\/101592","targetHints":{"allow":["GET"]}}],"collection":[{"href":"https:\/\/www.europesays.com\/lv\/wp-json\/wp\/v2\/posts"}],"about":[{"href":"https:\/\/www.europesays.com\/lv\/wp-json\/wp\/v2\/types\/post"}],"author":[{"embeddable":true,"href":"https:\/\/www.europesays.com\/lv\/wp-json\/wp\/v2\/users\/2"}],"replies":[{"embeddable":true,"href":"https:\/\/www.europesays.com\/lv\/wp-json\/wp\/v2\/comments?post=101592"}],"version-history":[{"count":0,"href":"https:\/\/www.europesays.com\/lv\/wp-json\/wp\/v2\/posts\/101592\/revisions"}],"wp:featuredmedia":[{"embeddable":true,"href":"https:\/\/www.europesays.com\/lv\/wp-json\/wp\/v2\/media\/101593"}],"wp:attachment":[{"href":"https:\/\/www.europesays.com\/lv\/wp-json\/wp\/v2\/media?parent=101592"}],"wp:term":[{"taxonomy":"category","embeddable":true,"href":"https:\/\/www.europesays.com\/lv\/wp-json\/wp\/v2\/categories?post=101592"},{"taxonomy":"post_tag","embeddable":true,"href":"https:\/\/www.europesays.com\/lv\/wp-json\/wp\/v2\/tags?post=101592"}],"curies":[{"name":"wp","href":"https:\/\/api.w.org\/{rel}","templated":true}]}}