{"id":101597,"date":"2026-01-12T05:30:08","date_gmt":"2026-01-12T05:30:08","guid":{"rendered":"https:\/\/www.europesays.com\/lv\/101597\/"},"modified":"2026-01-12T05:30:08","modified_gmt":"2026-01-12T05:30:08","slug":"sniegs-un-minusi-kadu-laiku-sonedel-prognoze-sinoptiki-delfi","status":"publish","type":"post","link":"https:\/\/www.europesays.com\/lv\/101597\/","title":{"rendered":"Sniegs un m\u012bnusi. K\u0101du laiku \u0161oned\u0113\u013c prognoz\u0113 sinopti\u0137i &#8211; Delfi"},"content":{"rendered":"<ol>\n<li><a href=\"https:\/\/news.google.com\/rss\/articles\/CBMisgFBVV95cUxPaVJsMHlOdDFlbU9fSHpKb1RoLVd0YU16T0o5Q2loTDZSaEhxTnpCUGxCREtSQjlWdnBuYUtpdGJjTXg5UkxoTm1oTkJxVzNfUm1yeEZEaWpKNzJMWnhpSEllMXhQNnNVYXMyMXNZSlVraHNWVlE3ZEhILUdJUWdZa043U1N2QzRBYjNGU253LTdrM0lNSVl6cDNSRENWT1lHb1F4N0tHaGZyM0ctekFISVhB?oc=5\" target=\"_blank\" rel=\"nofollow noopener\">Sniegs un m\u012bnusi. K\u0101du laiku \u0161oned\u0113\u013c prognoz\u0113 sinopti\u0137i<\/a>&nbsp;&nbsp;Delfi<\/li>\n<li><a href=\"https:\/\/news.google.com\/rss\/articles\/CBMirgFBVV95cUxOWGhIVzBmOGZucGFyTmhlTlBfXzh3LVZjamhma1Z5QXN1d28yVHExMm5nd0M0QTVYQ2VtdWo5OXpyT2RrZkZmWTNySVNmQzJZdldpWUx4YXZWZkNjRHEtbkw4X3prUUgxbFd1UE5LYm1iVC1TOEpnenJiRGNWalp3MmprUmwtVjJaYXR6V1UzUVI3M3JXX1ktYVlqSXc2Y0V4bl83UTl1Y0w4WHJMd0E?oc=5\" target=\"_blank\" rel=\"nofollow noopener\">Ziemas tv\u0113riens pastiprin\u0101s: nakt\u012b gaid\u0101ms sniegs un sals l\u012bdz -20 gr\u0101diem<\/a>&nbsp;&nbsp;Jauns.lv<\/li>\n<li><a href=\"https:\/\/news.google.com\/rss\/articles\/CBMiowFBVV95cUxNTzNnQm1NMm5ONUoyT1d4UlNiMF95RkpvNG9lemlIeXVMOHc4NkdCUDhHS2NmRDFSUEVvWlVEazdhekpZUWlZamhtV0JFcjBDV0RmVnBjOXNpaGZKb0RDUTdEOUxuNDY4VWxLWW5MTW9FZV9SUGJVeDdsemt4VjZneDhQdFhmcXlOZERpVE5Id3VJUWpKTkY2bFgtM2ljSEZNOVVV?oc=5\" target=\"_blank\" rel=\"nofollow noopener\">\u0160\u012b ned\u0113\u013ca Latvij\u0101, visticam\u0101k, b\u016bs aukst\u0101k\u0101 kop\u0161 aizp\u0113rn\u0101 gada janv\u0101ra<\/a>&nbsp;&nbsp;TVNET &#8211; Laika zi\u0146as<\/li>\n<li><a href=\"https:\/\/news.google.com\/rss\/articles\/CBMiogFBVV95cUxQUjdNc1ZRWEY4NmNLdnBvbzlMa3pFaHpTblU3VS1CZ2tIUjRRUGRZdjh2UmhucHM0dnhEM1ljNzJGTGNzYW1mUVZGTW1jZUQzLW9ub0dLSGJuYzctMlNuNUxkcXhEMUJPeU4yNmUyLXRvODN0XzFIcmhpSW9fbVBSLW9jTk83OVpBM2dYYTUyR3BwamlUYlBUR0ZPcDhKZDlWaUE?oc=5\" target=\"_blank\" rel=\"nofollow noopener\">Sv\u0113tdien turpin\u0101s snigt, visstipr\u0101k \u2013 Kurzem\u0113<\/a>&nbsp;&nbsp;Delfi<\/li>\n<li><a href=\"https:\/\/news.google.com\/rss\/articles\/CBMipgFBVV95cUxPYVZWNllRalMxX29PQndRQnNuMFJCV3ZPb1V6dHhENmV2ZC1QZU1VN0hCNkRUdjVDSVpSbEpxaGVuVXQwbG4xdDlIQjlSSzdxbnB1V1VaX0dUdllkV0gwM0FTMXZxM1JnX2hsWWNWUy01SndqX2Z6RzhSa1ZrLUFUUUUtUk9SdTBFbmY2eFpXSHV3VDQ1aTlHQ0dVRTZvVGJQMi1yTGlB?oc=5\" target=\"_blank\" rel=\"nofollow noopener\">Ziema turpina r\u0101d\u012bt zobi\u0146us: nakt\u012b temperat\u016bra viet\u0101m var nosl\u012bd\u0113t pat l\u012bdz -20 gr\u0101diem<\/a>&nbsp;&nbsp;LA.LV<\/li>\n<\/ol>\n","protected":false},"excerpt":{"rendered":"Sniegs un m\u012bnusi. K\u0101du laiku \u0161oned\u0113\u013c prognoz\u0113 sinopti\u0137i&nbsp;&nbsp;Delfi Ziemas tv\u0113riens pastiprin\u0101s: nakt\u012b gaid\u0101ms sniegs un sals l\u012bdz -20&hellip;\n","protected":false},"author":2,"featured_media":101598,"comment_status":"","ping_status":"","sticky":false,"template":"","format":"standard","meta":{"footnotes":""},"categories":[12],"tags":[23,28,29,32,33,22,152,30,31,35,39,38,36,37,34,40,20,26,27,24,25,21],"class_list":{"0":"post-101597","1":"post","2":"type-post","3":"status-publish","4":"format-standard","5":"has-post-thumbnail","7":"category-latvija","8":"tag-aktualitates","9":"tag-breaking-news","10":"tag-breakingnews","11":"tag-featured-news","12":"tag-featurednews","13":"tag-headlines","14":"tag-laika-prognoze","15":"tag-latest-news","16":"tag-latestnews","17":"tag-latvia","18":"tag-latvian","19":"tag-latviesu","20":"tag-latviesu-valoda","21":"tag-latviesuvaloda","22":"tag-latvija","23":"tag-lv","24":"tag-news","25":"tag-popularakas-zinas","26":"tag-popularakaszinas","27":"tag-top-stories","28":"tag-topstories","29":"tag-zinas"},"share_on_mastodon":{"url":"https:\/\/pubeurope.com\/@lv\/115880488000872456","error":""},"_links":{"self":[{"href":"https:\/\/www.europesays.com\/lv\/wp-json\/wp\/v2\/posts\/101597","targetHints":{"allow":["GET"]}}],"collection":[{"href":"https:\/\/www.europesays.com\/lv\/wp-json\/wp\/v2\/posts"}],"about":[{"href":"https:\/\/www.europesays.com\/lv\/wp-json\/wp\/v2\/types\/post"}],"author":[{"embeddable":true,"href":"https:\/\/www.europesays.com\/lv\/wp-json\/wp\/v2\/users\/2"}],"replies":[{"embeddable":true,"href":"https:\/\/www.europesays.com\/lv\/wp-json\/wp\/v2\/comments?post=101597"}],"version-history":[{"count":0,"href":"https:\/\/www.europesays.com\/lv\/wp-json\/wp\/v2\/posts\/101597\/revisions"}],"wp:featuredmedia":[{"embeddable":true,"href":"https:\/\/www.europesays.com\/lv\/wp-json\/wp\/v2\/media\/101598"}],"wp:attachment":[{"href":"https:\/\/www.europesays.com\/lv\/wp-json\/wp\/v2\/media?parent=101597"}],"wp:term":[{"taxonomy":"category","embeddable":true,"href":"https:\/\/www.europesays.com\/lv\/wp-json\/wp\/v2\/categories?post=101597"},{"taxonomy":"post_tag","embeddable":true,"href":"https:\/\/www.europesays.com\/lv\/wp-json\/wp\/v2\/tags?post=101597"}],"curies":[{"name":"wp","href":"https:\/\/api.w.org\/{rel}","templated":true}]}}