{"id":101603,"date":"2026-01-12T05:35:06","date_gmt":"2026-01-12T05:35:06","guid":{"rendered":"https:\/\/www.europesays.com\/lv\/101603\/"},"modified":"2026-01-12T05:35:06","modified_gmt":"2026-01-12T05:35:06","slug":"parizes-vienosanas-bez-asv-kadas-sekas-baltijas-valstim","status":"publish","type":"post","link":"https:\/\/www.europesays.com\/lv\/101603\/","title":{"rendered":"Par\u012bzes vieno\u0161an\u0101s bez ASV: k\u0101das sekas Baltijas valst\u012bm?"},"content":{"rendered":"<p class=\"descr\">Labas gribas koal\u012bcijas 6. janv\u0101ra samit\u0101 Elizejas pil\u012b Eiropas valstu l\u012bderi ar ASV un Ukrainas deleg\u0101cij\u0101m apsprieda dro\u0161\u012bbas garantijas Ukrainai. Tr\u012bspus\u0113ju nodomu deklar\u0101ciju par daudznacion\u0101lo miera uztur\u0113\u0161anas sp\u0113ku izvieto\u0161anu Ukrainas teritorij\u0101 p\u0113c pamiera un vieno\u0161anos par dro\u0161\u012bbas garantij\u0101m parakst\u012bja Francija, Lielbrit\u0101nija un Ukraina.<\/p>\n<p>\u201cP\u0113c ticamas karadarb\u012bbas p\u0101rtrauk\u0161anas\u201d sabiedrotie \u012bstenos miera uztur\u0113\u0161anas pas\u0101kumus uz sauszemes, j\u016br\u0101 un gais\u0101. Dokumentos izkl\u0101st\u012bti pamiera uzraudz\u012bbas meh\u0101nismi ASV vad\u012bb\u0101 un da\u017e\u0101di sabiedroto nodomi Eiropas valstu karasp\u0113ka izvieto\u0161anai Ukrain\u0101 p\u0113c kara beig\u0101m, ar ASV atbalstu paredzot veikt Krievijas darb\u012bbu monitoringu, lai nov\u0113rstu ap\u0161audes, ra\u0137e\u0161u triecienus, provok\u0101cijas un gatavo\u0161anos jaunam iebrukumam. Savuk\u0101rt Eiropas valstis ap\u0146emsies sniegt atbalstu 800\u202f000 v\u012bru Ukrainas armijai, kam\u0113r Labas gribas jeb \u201cap\u0146\u0113m\u012bgo koal\u012bcijas\u201d valstu vad\u012bt\u0101ju \u201cPar\u012bzes deklar\u0101cija\u201d par dro\u0161\u012bbas garantij\u0101m Ukrainai palika bez ASV paraksta, zi\u0146oja \u201cReuters\u201d un \u201cPolitico\u201d. <\/p>\n<p>Vispirms pamiers &#8211; p\u0113c tam dro\u0161\u012bbas garantijas  <\/p>\n<p>Par\u012bzes samita rezult\u0101ti: ASV nepiekr\u012bt karasp\u0113ka izvieto\u0161anai Ukrain\u0101, iesp\u0113jama tikai \u201cap\u0146\u0113m\u012bgo koal\u012bcijas\u201d valstu sp\u0113ku kl\u0101tb\u016btne, pazi\u0146oja V\u0101cijas kanclers <a href=\"https:\/\/nra.lv\/birka\/fridrihs-mercs\/\" target=\"_blank\" rel=\"noopener nofollow\">Fr\u012bdrihs Mercs<\/a>. <\/p>\n<p>Partnervalstis, tostarp Francija un Apvienot\u0101 Karaliste, var\u0113s nos\u016bt\u012bt armiju uz Ukrainu p\u0113c karadarb\u012bbas beig\u0101m. Neviena ES valsts \u201cpa\u0161reiz\u0113j\u0101 konflikt\u0101\u201d iejaukties nepl\u0101no. \u201cVispirms pamiers, tad dro\u0161\u012bbas garantijas Ukrainai &#8211; un tikai p\u0113c tam ilgtermi\u0146a l\u012bgums ar Krieviju. Un tas nav iesp\u0113jams bez Krievijas piekri\u0161anas, no kuras m\u0113s, iesp\u0113jams, v\u0113l esam diezgan t\u0101lu,\u201d piebilda Mercs. <\/p>\n<p>ASV atteikums, nepietiekamas garantijas un Eiropas l\u012bderu stingr\u0101s ap\u0146em\u0161an\u0101s <\/p>\n<p>\u201cEsam parakst\u012bju\u0161i Par\u012bzes deklar\u0101ciju, kas atspogu\u013co kop\u012bgu Eiropas un Amerikas ap\u0146em\u0161anos sniegt dro\u0161\u012bbas garantijas Ukrainai,\u201d preses konferenc\u0113 pazi\u0146oja Polijas premjerministrs Donalds Tusks. Lielbrit\u0101nijas premjers <a href=\"https:\/\/nra.lv\/birka\/kirs-starmers\/\" target=\"_blank\" rel=\"noopener nofollow\">K\u012brs St\u0101rmers<\/a>: \u201cDokument\u0101 paredz\u0113ta karasp\u0113ka izvieto\u0161ana Ukrain\u0101, ja tiks pan\u0101kts miers (..) \u0160\u012b ir svar\u012bga m\u016bsu stingr\u0101 ap\u0146em\u0161an\u0101s Ukrainas ilgtermi\u0146a atbalstam un paver ce\u013cu tiesiskam regul\u0113jumam, lai Lielbrit\u0101nijas, Francijas un sabiedroto bru\u0146otie sp\u0113ki var\u0113tu darboties Ukrainas teritorij\u0101, nodro\u0161inot Ukrainas gaisa un j\u016bras telpas dro\u0161\u012bbu, pal\u012bdzot atjaunot armiju (..) pamiera laik\u0101 Lielbrit\u0101nijas un Francijas sp\u0113ki Ukrain\u0101 uzb\u016bv\u0113s milit\u0101r\u0101s b\u0101zes un noliktavas Ukrainas bru\u0146otajiem sp\u0113kiem.\u201d Deklar\u0101cijas \u201cUzticamas dro\u0161\u012bbas garantijas stingram un ilgsto\u0161am mieram Ukrain\u0101\u201d teksts public\u0113ts Ukrainas prezidenta Volodimira Zelenska t\u012bmek\u013ca vietn\u0113. <\/p>\n<p>Tom\u0113r ASV deklar\u0101ciju neparakst\u012bja, koment\u0113 \u201cPolitico\u201d. S\u0101kotn\u0113ji biju\u0161as cer\u012bbas par Va\u0161ingtonas atbalstu, bet pievienoj\u0101s tikai vado\u0161\u0101s \u201cap\u0146\u0113m\u012bgo koal\u012bcijas\u201d valstis, kur ASV ofici\u0101li nepiedal\u0101s. Samit\u0101 bija kl\u0101t 27 valstu p\u0101rst\u0101vji, to vid\u016b Ukrainas prezidents <a href=\"https:\/\/nra.lv\/birka\/volodimirs-zelenskis\/\" target=\"_blank\" rel=\"noopener nofollow\">Volodimirs Zelenskis<\/a>, ASV prezidenta Donalda Trampa \u012bpa\u0161ie s\u016bt\u0146i St\u012bvs Vitkofs un D\u017eareds Ku\u0161ners. Amerik\u0101\u0146u paraksta neesam\u012bba k\u013cuva par galveno Par\u012bzes samita intrigu. <\/p>\n<p>\u201cVitkofs soci\u0101lajos t\u012bklos ievietoja visp\u0101r\u012bgu ierakstu \u201cpar labajiem nodomiem\u201d un piedal\u012bj\u0101s kop\u012bg\u0101 preses konferenc\u0113 ar eiropie\u0161iem. Visdr\u012bz\u0101k Ku\u0161neram un Vitkofam vienk\u0101r\u0161i nav Trampa pilnvaru kaut ko parakst\u012bt, bet ASV valsts sekret\u0101rs <a href=\"https:\/\/nra.lv\/birka\/marko-rubio\/\" target=\"_blank\" rel=\"noopener nofollow\">Marko Rubio<\/a> piedal\u012bties nevar\u0113ja, jo aiz\u0146emts ar \u201cGrenlandes probl\u0113mu\u201d. Deklar\u0101ciju \u201cap\u0146\u0113m\u012bgo koal\u012bcijas\u201d v\u0101rd\u0101 parakst\u012bja tikai Lielbrit\u0101nijas premjers un Francijas prezidents Emanuels Makrons. Mercs atk\u0101rtoti pazi\u0146oja, ka v\u0101cu karasp\u0113ks Ukrain\u0101 izvietots netiks, bet var\u0113tu tikt izvietots k\u0101d\u0101 NATO valst\u012b Ukrainas pierobe\u017e\u0101. Ar\u012b It\u0101lijas premjere D\u017eord\u017ea Meloni apstiprin\u0101ja, ka karasp\u0113ku uz Ukrainu s\u016bt\u012bt atsak\u0101s. Makrons bilda, ka Francija var\u0113tu nos\u016bt\u012bt vair\u0101kus t\u016bksto\u0161us karav\u012bru. \u201cKoal\u012bcija\u201d kopum\u0101 v\u0113l\u0113tos nos\u016bt\u012bt l\u012bdz 30\u202f000, bet re\u0101li 15\u202f000-20\u202f000 karav\u012bru. Ac\u012bmredzot apr\u0113\u0137inos iek\u013cauts ar\u012b \u0101rpus Ukrainas izvietotais sabiedroto karasp\u0113ks,\u201d koment\u0113 \u201cTelegram\u201d kan\u0101ls \u201cartjockey\u201d. <\/p>\n<p>\u201cPolitico\u201d iztauj\u0101tie avoti diplom\u0101tiskaj\u0101s aprind\u0101s to skaidro ar ASV prezidenta administr\u0101cijas piesardz\u012bbu: Va\u0161ingtona gatava atbalst\u012bt pamiera tehnolo\u0123isko monitoringu (sensori, droni, satel\u012bti), ta\u010du nev\u0113las uz\u0146emties saist\u012bbas par kolekt\u012bvo aizsardz\u012bbu vai milit\u0101ro kl\u0101tb\u016btni &#8211; atbilsto\u0161i Trampa priek\u0161v\u0113l\u0113\u0161anu sol\u012bjumiem samazin\u0101t izdevumus \u0101rvalstu konfliktos, liel\u0101ku atbild\u012bbas nastu dele\u0123\u0113jot Eiropai. Koment\u0113jot samita rezult\u0101tus, prezidents Zelenskis deklar\u0101ciju nosauca par \u201cv\u0113sturisku\u201d, ta\u010du uzsv\u0113ra, ka bez piln\u012bgas ASV l\u012bdzdal\u012bbas garantijas neb\u016bs pietiekamas. <\/p>\n<p>Savuk\u0101rt Eiropas l\u012bderi cen\u0161as pasniegt deklar\u0101ciju k\u0101 pan\u0101kumu: Makrons run\u0101ja par \u201cjaunu Eiropas atbild\u012bbas \u0113ru\u201d, Tusks &#8211; par \u201csign\u0101lu Maskavai\u201d. Politisko procesu v\u0113rot\u0101ji ap\u0161auba deklar\u0101cijas praktisko noz\u012bmi. Dokument\u0101 nav juridiski saisto\u0161u meh\u0101nismu, kas b\u016btu l\u012bdzv\u0113rt\u012bgi NATO l\u012bguma 5. pantam &#8211; bez Amerikas atbalsta t\u0101 paliks tikai nodomu deklar\u0101cija. <\/p>\n<p>\u201cMaskava ofici\u0101li neatbild, ta\u010du kulu\u0101ros avoti Krievij\u0101 dokumentu sauc par \u201cprovok\u0101ciju\u201d un kategoriski noraida jebk\u0101du \u201c\u0101r\u0113jo sp\u0113ku\u201d izvieto\u0161anu Ukrainas teritorij\u0101,\u201d koment\u0113 \u201cTelegram\u201d kan\u0101ls \u201c\u0414\u0435\u043d\u044c \u043e\u043f\u0440\u0438\u0447\u043d\u0438\u043a\u0430\u201d. \u201cPar\u012bzes samits ir nosl\u0113dzies, bet svar\u012bg\u0101kie jaut\u0101jumi nav atrisin\u0101ti: vai \u201cap\u0146\u0113m\u012bgo koal\u012bcija\u201d k\u013c\u016bs par re\u0101lu attur\u0113\u0161anas instrumentu, vai ar\u012b Eiropa atkal non\u0101ks \u201cjaun\u0101k\u0101 partnera\u201d lom\u0101, gaidot Va\u0161ingtonas l\u0113mumus?\u201d Starptautiskie mediji samitu nov\u0113rt\u0113ja diezgan pozit\u012bvi, nor\u0101dot, ka ar\u012b ierobe\u017eota ASV dal\u012bba ir Eiropas diplom\u0101tijas pan\u0101kums. Vieno\u0161an\u0101s nosaka ASV atbild\u012bbu par pamiera monitoringu ar tehniskiem l\u012bdzek\u013ciem, bet pats svar\u012bg\u0101kais &#8211; Va\u0161ingtona uz\u0146emsies \u0161\u0137\u012br\u0113jtiesne\u0161a lomu, kas iez\u012bm\u0113 ASV \u0101rpolitisk\u0101s nost\u0101jas mai\u0146u. Tramps to iepriek\u0161 noraid\u012bja, nev\u0113loties tie\u0161u ASV iesaist\u012b\u0161anos pamiera uzraudz\u012bb\u0101 p\u0113c kara beig\u0101m. Ta\u010du, neskatoties uz \u201cpoz\u012bciju konver\u0123enci\u201d un \u201ciev\u0113rojamu izr\u0101vienu\u201d, patiesais rezult\u0101ts paties\u012bb\u0101 ir v\u0101rdi, memorandi, nodomu deklar\u0101cijas utt. Turkl\u0101t ar to visvair\u0101k neapmierin\u0101ts ir pats Tramps: laikraksts \u201cThe Financial Times\u201d zi\u0146oja, ka ASV un Ukrainas prezidenti pieprasa, lai eiropie\u0161i savas saist\u012bbas preciz\u0113tu, bet vi\u0146i to dar\u012bt nesteidzas. <\/p>\n<p>ASV miera pl\u0101na apsprie\u0161ana un Krem\u013ca atbildes Decembra s\u0101kum\u0101 Putins Kreml\u012b uz\u0146\u0113ma amerik\u0101\u0146u deleg\u0101ciju. Puses apsprieda ASV ierosin\u0101t\u0101s iniciat\u012bvas b\u016bt\u012bbu, ta\u010du kompromisu rast nesp\u0113ja. Putins apgalvoja, ka Va\u0161ingtona sadal\u012bja s\u0101kotn\u0113j\u0101 pl\u0101na 27 punktus \u010detr\u0101s paket\u0113s un ierosin\u0101ja apspriest katru no tiem atsevi\u0161\u0137i. Da\u017eas dienas v\u0113l\u0101k Berl\u012bn\u0113 notika ASV un Ukrainas p\u0101rst\u0101vju tik\u0161an\u0101s, par ko Putins tika inform\u0113ts ar sava pilnvarot\u0101 p\u0101rst\u0101vja \u201cinvest\u012bciju un ekonomisk\u0101s sadarb\u012bbas jaut\u0101jumos ar \u0101rvalst\u012bm\u201d Kirila Dmitrijeva starpniec\u012bbu. Decembra beig\u0101s Donalds Tramps Florid\u0101 tik\u0101s ar Volodimiru Zelenski un p\u0113c sarun\u0101m pazi\u0146oja, ka pan\u0101kta savstarp\u0113ja sapratne \u201c95 procentos jaut\u0101jumu\u201d. P\u0113c tam Amerikas prezidentam notika telefonsaruna ar \u201cKrem\u013ca kol\u0113\u0123i\u201d, kuras laik\u0101 Putins inform\u0113ja par \u201cUkrainas m\u0113\u0123in\u0101jumu uzbrukt vi\u0146a rezidencei Valdaj\u0101\u201d. Putina pal\u012bgs Jurijs U\u0161akovs pazi\u0146oja: sarunas laik\u0101 Balt\u0101 nama vad\u012bt\u0101js atzina, ka main\u012bjis pieeju sadarb\u012bbai ar Zelenski, savuk\u0101rt Krem\u013ca \u0100rlietu ministrs Sergejs Lavrovs preciz\u0113ja, ka Maskava \u201cp\u0113c Kijivas r\u012bc\u012bbas\u201d p\u0101rskat\u012bs sarunu poz\u012bcijas. Putina pilnvarotais Kirils Dmitrijevs \u201cap\u0146\u0113m\u012bgo koal\u012bcijas\u201d samita laik\u0101 atrad\u0101s Par\u012bz\u0113 un 7. janv\u0101r\u012b tik\u0101s ar Vitkofu un Ku\u0161neru, lai apspriestu ASV miera pl\u0101nu Ukrain\u0101, \u201catsaucoties uz inform\u0113tiem avotiem\u201d, v\u0113st\u012bja \u201cAxios\u201d. \u201cBaltais nams v\u0113las no Vladimira Putina \u201cskaidru atbildi\u201d ASV priek\u0161likumiem konflikta risin\u0101\u0161anai,\u201d teikts publik\u0101cij\u0101. P\u0113c samita Vitkofs vi\u0146am iesniedza saska\u0146oto miera pl\u0101nu. Putins atbild\u0113ja: 9. janv\u0101r\u012b Krievija ar \u201cOre\u0161\u0146ik\u201d ra\u0137et\u0113m ap\u0161aud\u012bja g\u0101zes kr\u0101tuvi net\u0101lu no \u013bvivas. <\/p>\n<p>\u201cAp\u0146\u0113m\u012bgo koal\u012bcijai\u201d j\u0101b\u016bt re\u0101lam sp\u0113kam  <\/p>\n<p>\u201cLai tiktu gal\u0101 ar Krieviju, \u201cap\u0146\u0113m\u012bgo koal\u012bcijai\u201d j\u0101b\u016bt sp\u0113c\u012bgai,\u201d biju\u0161\u0101 ASV armijas komandiera Eirop\u0101 Bena Hod\u017eesa br\u012bdin\u0101jumu cit\u0113 \u201cThe Guardian\u201d. \u201cVeiksm\u012bgai Krievijas attur\u0113\u0161anai no p\u0113ckara pamiera p\u0101rk\u0101p\u0161anas britu-fran\u010du stabiliz\u0101cijas sp\u0113kiem Ukrain\u0101 b\u016btu nepiecie\u0161ami t\u016bksto\u0161iem karav\u012bru.\u201d Hod\u017eess piebilda, ka daudznacion\u0101lajiem sp\u0113kiem j\u0101b\u016bt pietiekami sp\u0113c\u012bgiem, lai tiktu gal\u0101 ar Krem\u013ca organiz\u0113t\u0101m provok\u0101cij\u0101m. \u201cAp\u0146\u0113m\u012bgo koal\u012bcijai\u201d j\u0101b\u016bt re\u0101lam sp\u0113kam, kam \u013cauts rea\u0123\u0113t nekav\u0113joties un atbild\u0113t uz jebk\u0101diem p\u0101rk\u0101pumiem. \u201cVirsnieki front\u0113 nevar piezvan\u012bt uz Par\u012bzi vai Londonu, lai uzzin\u0101tu, k\u0101 r\u012bkoties ar k\u0101rt\u0113jo Krievijas dronu (..) Ikviens, kur\u0161 tic, ka Krievija iev\u0113ros jebk\u0101das vieno\u0161an\u0101s, nedz\u012bvo realit\u0101t\u0113 (..) Lielbrit\u0101nijas un Francijas karav\u012briem j\u0101aizst\u0101vas pret bezpilota lidapar\u0101tu un citiem uzbrukumiem, jo \u200b\u200b\u013coti iesp\u0113jams, ka Krievija nekav\u0113joties p\u0101rbaud\u012bs sabiedroto rea\u0123\u0113\u0161anas sp\u0113jas,\u201d piebilda Hod\u017eess. <\/p>\n<p>K\u0101ds ir Eiropas apr\u0113\u0137ins? \u201cDeklar\u0101cija ir eiropie\u0161u un Zelenska sarunu strat\u0113\u0123ijas kulmin\u0101cijas br\u012bdis: ja Tramps v\u0113las mieru, bet neizprot Ukrainas notikumu c\u0113lo\u0146sakar\u012bbas un Putina patiesos m\u0113r\u0137us, uzskatot, ka rezult\u0101tus var sasniegt ar klaju sp\u0113ka spiedienu un sauk\u013ciem, tad j\u0101izv\u0113las cits ce\u013c\u0161 un j\u0101pielabina &#8211; lai nevainotu Ukrainu par sarunu izg\u0101\u0161anos. Kam\u0113r koal\u012bcijas un mierizl\u012bguma pl\u0101na priek\u0161likumi iesniegti amerik\u0101\u0146iem, \u201csarunu bumba\u201d ir Putina pus\u0113, kur\u0161, protams, visas iniciat\u012bvas noraid\u012bs,\u201d koment\u0113 \u201cTelegram\u201d kan\u0101ls \u201c\u0412\u043e\u043b\u044f\/Volya\u201d. \u201cIzturoties pret ASV prezidentu Donaldu Trampu k\u0101 \u0101rpr\u0101t\u012bgo, kuram sabiedrotie spiesti nep\u0101rtraukti piekrist un m\u0101t ar galvu, turpinot k\u0101rtot lietas p\u0113c saviem ieskatiem, Ukrainai un Eiropai ir izdevies attur\u0113t Balt\u0101 nama administr\u0101ciju no patiesi nesapr\u0101t\u012bgiem so\u013ciem, piem\u0113ram, izbeigt dal\u012bbu NATO vai izvest ASV karasp\u0113ku no Eiropas, ta\u010du strat\u0113\u0123iski rezult\u0101ts, visticam\u0101k, sasniegts netiks. Tramps k\u0101rt\u0113jo reizi aizs\u016bt\u012bs Vitkofu viz\u012bt\u0113 pie Putina p\u0101rrakst\u012bt Eiropas un Ukrainas priek\u0161likumus, vainojot \u201ckoal\u012bciju\u201d un Zelenski. Vienlaikus Tramps piln\u0101 nopietn\u012bb\u0101 apsver Grenlandes aneksiju, draudot ar milit\u0101ru iejauk\u0161anos vai ekonomisku spiedienu D\u0101nijai, ieskaitot t\u0101s sabiedrotos ES un NATO.\u201d Sav\u0101 v\u0101rd\u0101 nosauktaj\u0101 soci\u0101lo mediju kont\u0101 Tramps k\u0101rt\u0113jo reizi demonstr\u0113ja sp\u0113ju rad\u012bt haosu, pazi\u0146ojot, ka \u201cm\u0113s ar NATO b\u016bsim vienm\u0113r, pat ja vi\u0146i (eiropie\u0161i?) kop\u0101 ar mums neb\u016bs\u201d, un apvainoj\u0101s uz Norv\u0113\u0123iju par nesa\u0146emto Nobela pr\u0113miju p\u0113c \u201casto\u0146iem kariem, kurus nov\u0113rsis person\u012bgi\u201d. Visticam\u0101k, ka tuv\u0101kaj\u0101 laik\u0101 Tramps piev\u0113rs\u012bsies Grenlandei, \u201cm\u0113\u0123inot iekarot D\u0101nijas teritoriju ar p\u0101rliecin\u0101\u0161anu, draudiem, lielu dar\u012bjumu pied\u0101v\u0101jumiem un spiedienu, ieskaitot D\u0101nijas sabiedrotos Eiropas Savien\u012bb\u0101 un NATO\u201d. <\/p>\n<p>Sarunu apburtais loks Sarunu dal\u012bbnieki non\u0101ku\u0161i apburt\u0101 lok\u0101: eiropie\u0161i v\u0113las, lai ASV \u201cgarant\u0113tu vi\u0146u garantijas\u201d, jo vi\u0146i pa\u0161i t\u0101s izpild\u012bt nesp\u0113j un baid\u0101s par sek\u0101m, savuk\u0101rt ASV neko papildus garant\u0113t nev\u0113las un gaida, kad garantijas tiks preciz\u0113tas, raksta \u201cartjockey\u201d. Galvenais jaut\u0101jums ir Krievijas nost\u0101ja, jo nav skaidrs, vai Putins piekrit\u012bs \u201cgal\u012bgaj\u0101m garantij\u0101m\u201d, kas j\u0101redz, bet to nav. Kremlis vienm\u0113r uzst\u0101jis, ka rietumvalstu karasp\u0113ka izvieto\u0161ana Ukrain\u0101 Maskavai ir \u201csarkan\u0101 l\u012bnija\u201d, ta\u010du, zinot Putina manipul\u0101cijas ar \u201cl\u012bnij\u0101m\u201d, tas nenoz\u012bm\u0113, ka Krievijas diktators no dar\u012bjuma atteiksies. Ja Rietumu sabiedroto karasp\u0113ks tiks izvietots relat\u012bvi neliel\u0101 skait\u0101 tikai Ukrainas rietumos, neb\u016bv\u0113jot milit\u0101r\u0101s b\u0101zes un bez smag\u0101s kaujas tehnikas, un ar ierobe\u017eotu uztur\u0113\u0161an\u0101s laiku, tad ar\u012b Kremlis var \u0161\u0101dus nosac\u012bjumus apsv\u0113rt. Ja puses patiesi v\u0113las pan\u0101kt mieru, t\u0101s atrad\u012bs kompromisus, bet ja nev\u0113las &#8211; vienm\u0113r atrad\u012bs attaisnojumus. \u0160\u012b tik\u0161an\u0101s noteikti nav p\u0113d\u0113j\u0101 &#8211; lai gan Tramps pak\u0101peniski savu nost\u0101ju m\u012bkstina, pl\u0101na joproj\u0101m nav. Sarunas var turpin\u0101ties bezgal\u012bgi, parakstot k\u0101rt\u0113jos memorandus un demonstr\u0113jot \u201ciev\u0113rojamu progresu\u201d. Makrons jau paguva izteikties, ka \u201crun\u0101s ar Putinu tuv\u0101kaj\u0101 laik\u0101 (..) Par ko vi\u0146i tur run\u0101s, joproj\u0101m nav skaidrs, ta\u010du, ja Eiropa v\u0113las pan\u0101kt mieru, tas j\u0101dara \u0101tri, pirms Tramps ie\u0146em Grenlandi, jo tas var\u0113tu iev\u0113rojami ietekm\u0113t ASV un ES nost\u0101ju Ukrainas jaut\u0101jum\u0101 un ASV garantijas\u201d, rezum\u0113 kan\u0101ls. <\/p>\n<p>Eiropai nav laika: Trampa \u0101rpolitika var izprovoc\u0113t Krievijas iebrukumu Baltijas valst\u012bs <\/p>\n<p>Eiropas valstu un \u012bpa\u0161i \u201cap\u0146\u0113m\u012bgo koal\u012bcijas&#8221; dal\u012bbvalstu nost\u0101ja Grenlandes jaut\u0101jum\u0101 var iz\u0161\u0137irt ar\u012b Krievijas un Putina turpm\u0101ko r\u012bc\u012bbu un l\u0113mumus Baltijas valstu virzien\u0101. Ja Eiropa neatbalst\u012bs D\u0101niju, Putins to uzskat\u012bs par iesp\u0113ju &#8211; \u201cza\u013co gaismu\u201d iebrukumam Igaunij\u0101, Latvij\u0101 un Lietuv\u0101. <\/p>\n<p>\u201cJa tas nenotiks un Tramps paliks bez Grenlandes, tas b\u016bs smags trieciens aliansei un var to sagraut, apgalvo NATO vad\u012bbas p\u0101rst\u0101vji. Glu\u017ei t\u0101pat k\u0101 Grenlandes aneksija,\u201d koment\u0113 \u201c\u0412\u043e\u043b\u044f\/Volya\u201d. <\/p>\n<p>\u201cAbos gad\u012bjumos ASV un Eiropas konfliktu Putins uzskat\u012bs par iesp\u0113ju iebrukumam Baltijas valst\u012bs. <\/p>\n<p>Ja Francija, Lielbrit\u0101nija, V\u0101cija, Polija, Zviedrija, Somija, It\u0101lija, \u010cehija un Baltijas valstis l\u012bdz martam nevirz\u012bsies uz priek\u0161u jaut\u0101jum\u0101 par jaunas milit\u0101r\u0101s alianses izveidi, tad Eiropa l\u012bdz vasaras s\u0101kumam atbilsto\u0161i Putina pl\u0101niem var sa\u0146emt karu. Iesp\u0113jams scen\u0101rijs, kad NATO uz iebrukumu Baltij\u0101 nerea\u0123\u0113s, jo vado\u0161\u0101s Eiropas valstis bez ASV atbalsta nolems nevis karot, bet sarun\u0101ties ar Putinu, bet apmai\u0146\u0101 pret mieru t\u0101m tiks pied\u0101v\u0101ts p\u0101rtraukt atbalstu Ukrainai. Un p\u0113c Ukrainas Putins dosies t\u0101l\u0101k. Eiropai atlicis \u013coti maz laika sarun\u0101m ar impuls\u012bvo ASV l\u012bderi,\u201d rezum\u0113 kan\u0101ls. <\/p>\n<p>\t\t\t\t\t\tinfo<\/p>\n<p>Uzzini pirmais<br \/>kas interesants noticis Latvij\u0101 un pasaul\u0113,<br \/>pievienojoties mums <a href=\"https:\/\/t.me\/neatkariga\" rel=\"nofollow\">Telegram<\/a> vai <a href=\"https:\/\/whatsapp.com\/channel\/0029VaMLFUH5K3zLU5s4wm3y\" rel=\"nofollow noopener\" target=\"_blank\">Whatsapp<\/a> kan\u0101l\u0101<\/p>\n","protected":false},"excerpt":{"rendered":"Labas gribas koal\u012bcijas 6. janv\u0101ra samit\u0101 Elizejas pil\u012b Eiropas valstu l\u012bderi ar ASV un Ukrainas deleg\u0101cij\u0101m apsprieda dro\u0161\u012bbas&hellip;\n","protected":false},"author":2,"featured_media":101604,"comment_status":"","ping_status":"","sticky":false,"template":"","format":"standard","meta":{"footnotes":""},"categories":[14],"tags":[23,57,28,29,32,33,22,30,31,35,39,38,36,37,34,40,20,26,27,24,25,54,55,56,21,58],"class_list":{"0":"post-101603","1":"post","2":"type-post","3":"status-publish","4":"format-standard","5":"has-post-thumbnail","7":"category-zinas-no-arvalstim","8":"tag-aktualitates","9":"tag-arvalstim","10":"tag-breaking-news","11":"tag-breakingnews","12":"tag-featured-news","13":"tag-featurednews","14":"tag-headlines","15":"tag-latest-news","16":"tag-latestnews","17":"tag-latvia","18":"tag-latvian","19":"tag-latviesu","20":"tag-latviesu-valoda","21":"tag-latviesuvaloda","22":"tag-latvija","23":"tag-lv","24":"tag-news","25":"tag-popularakas-zinas","26":"tag-popularakaszinas","27":"tag-top-stories","28":"tag-topstories","29":"tag-world","30":"tag-world-news","31":"tag-worldnews","32":"tag-zinas","33":"tag-zinas-no-arvalstim"},"share_on_mastodon":{"url":"https:\/\/pubeurope.com\/@lv\/115880507704255084","error":""},"_links":{"self":[{"href":"https:\/\/www.europesays.com\/lv\/wp-json\/wp\/v2\/posts\/101603","targetHints":{"allow":["GET"]}}],"collection":[{"href":"https:\/\/www.europesays.com\/lv\/wp-json\/wp\/v2\/posts"}],"about":[{"href":"https:\/\/www.europesays.com\/lv\/wp-json\/wp\/v2\/types\/post"}],"author":[{"embeddable":true,"href":"https:\/\/www.europesays.com\/lv\/wp-json\/wp\/v2\/users\/2"}],"replies":[{"embeddable":true,"href":"https:\/\/www.europesays.com\/lv\/wp-json\/wp\/v2\/comments?post=101603"}],"version-history":[{"count":0,"href":"https:\/\/www.europesays.com\/lv\/wp-json\/wp\/v2\/posts\/101603\/revisions"}],"wp:featuredmedia":[{"embeddable":true,"href":"https:\/\/www.europesays.com\/lv\/wp-json\/wp\/v2\/media\/101604"}],"wp:attachment":[{"href":"https:\/\/www.europesays.com\/lv\/wp-json\/wp\/v2\/media?parent=101603"}],"wp:term":[{"taxonomy":"category","embeddable":true,"href":"https:\/\/www.europesays.com\/lv\/wp-json\/wp\/v2\/categories?post=101603"},{"taxonomy":"post_tag","embeddable":true,"href":"https:\/\/www.europesays.com\/lv\/wp-json\/wp\/v2\/tags?post=101603"}],"curies":[{"name":"wp","href":"https:\/\/api.w.org\/{rel}","templated":true}]}}