{"id":101605,"date":"2026-01-12T05:36:09","date_gmt":"2026-01-12T05:36:09","guid":{"rendered":"https:\/\/www.europesays.com\/lv\/101605\/"},"modified":"2026-01-12T05:36:09","modified_gmt":"2026-01-12T05:36:09","slug":"gada-beigas-nesusas-nepatikamu-parsteigumu","status":"publish","type":"post","link":"https:\/\/www.europesays.com\/lv\/101605\/","title":{"rendered":"Gada beigas nesu\u0161as nepat\u012bkamu p\u0101rsteigumu"},"content":{"rendered":"<p>2024. gada beig\u0101s Latvij\u0101 re\u0123istr\u0113t\u0101 bezdarba l\u012bmenis bija 5,3% no ekonomiski akt\u012bvo iedz\u012bvot\u0101ju skaita, 2023. gada beig\u0101s &#8211; 5,7% no ekonomiski akt\u012bvo iedz\u012bvot\u0101ju skaita, 2022. gada beig\u0101s &#8211; 6,1%, 2021. gada beig\u0101s &#8211; 6,7%, 2020. gada beig\u0101s &#8211; 7,7%, 2019. gada beig\u0101s &#8211; 6,2%, 2018. gada beig\u0101s &#8211; 6,4%, bet 2017. gada beig\u0101s &#8211; 6,8% no ekonomiski akt\u012bvo iedz\u012bvot\u0101ju skaita.<\/p>\n","protected":false},"excerpt":{"rendered":"2024. gada beig\u0101s Latvij\u0101 re\u0123istr\u0113t\u0101 bezdarba l\u012bmenis bija 5,3% no ekonomiski akt\u012bvo iedz\u012bvot\u0101ju skaita, 2023. gada beig\u0101s &#8211;&hellip;\n","protected":false},"author":2,"featured_media":101606,"comment_status":"","ping_status":"","sticky":false,"template":"","format":"standard","meta":{"footnotes":""},"categories":[12],"tags":[23,28,29,32,33,22,30,31,35,39,38,36,37,34,40,20,26,27,24,25,21],"class_list":{"0":"post-101605","1":"post","2":"type-post","3":"status-publish","4":"format-standard","5":"has-post-thumbnail","7":"category-latvija","8":"tag-aktualitates","9":"tag-breaking-news","10":"tag-breakingnews","11":"tag-featured-news","12":"tag-featurednews","13":"tag-headlines","14":"tag-latest-news","15":"tag-latestnews","16":"tag-latvia","17":"tag-latvian","18":"tag-latviesu","19":"tag-latviesu-valoda","20":"tag-latviesuvaloda","21":"tag-latvija","22":"tag-lv","23":"tag-news","24":"tag-popularakas-zinas","25":"tag-popularakaszinas","26":"tag-top-stories","27":"tag-topstories","28":"tag-zinas"},"share_on_mastodon":{"url":"https:\/\/pubeurope.com\/@lv\/115880511652225196","error":""},"_links":{"self":[{"href":"https:\/\/www.europesays.com\/lv\/wp-json\/wp\/v2\/posts\/101605","targetHints":{"allow":["GET"]}}],"collection":[{"href":"https:\/\/www.europesays.com\/lv\/wp-json\/wp\/v2\/posts"}],"about":[{"href":"https:\/\/www.europesays.com\/lv\/wp-json\/wp\/v2\/types\/post"}],"author":[{"embeddable":true,"href":"https:\/\/www.europesays.com\/lv\/wp-json\/wp\/v2\/users\/2"}],"replies":[{"embeddable":true,"href":"https:\/\/www.europesays.com\/lv\/wp-json\/wp\/v2\/comments?post=101605"}],"version-history":[{"count":0,"href":"https:\/\/www.europesays.com\/lv\/wp-json\/wp\/v2\/posts\/101605\/revisions"}],"wp:featuredmedia":[{"embeddable":true,"href":"https:\/\/www.europesays.com\/lv\/wp-json\/wp\/v2\/media\/101606"}],"wp:attachment":[{"href":"https:\/\/www.europesays.com\/lv\/wp-json\/wp\/v2\/media?parent=101605"}],"wp:term":[{"taxonomy":"category","embeddable":true,"href":"https:\/\/www.europesays.com\/lv\/wp-json\/wp\/v2\/categories?post=101605"},{"taxonomy":"post_tag","embeddable":true,"href":"https:\/\/www.europesays.com\/lv\/wp-json\/wp\/v2\/tags?post=101605"}],"curies":[{"name":"wp","href":"https:\/\/api.w.org\/{rel}","templated":true}]}}