{"id":101607,"date":"2026-01-12T05:37:07","date_gmt":"2026-01-12T05:37:07","guid":{"rendered":"https:\/\/www.europesays.com\/lv\/101607\/"},"modified":"2026-01-12T05:37:07","modified_gmt":"2026-01-12T05:37:07","slug":"irana-protestos-nogalinati-vismaz-544-cilveki-tvnet","status":"publish","type":"post","link":"https:\/\/www.europesays.com\/lv\/101607\/","title":{"rendered":"Ir\u0101na protestos nogalin\u0101ti vismaz 544 cilv\u0113ki &#8211; TVNET"},"content":{"rendered":"<ol>\n<li><a href=\"https:\/\/news.google.com\/rss\/articles\/CBMif0FVX3lxTFA0clRuaFdvcXFYby1NU2RIT1o5R0l6bGk4OWhqRmFGemdKaDlpVDNJMVU5Ym9Ma1o1bV9ha2JkWmZic0p5VnAwRmxTQUQwejRDYUNGNjVXUkhfUTMxU19rMERUOFVDSUNodkhWYWJwOW9idWs3dVJTTm5qUVJueWs?oc=5\" target=\"_blank\" rel=\"nofollow noopener\">Ir\u0101na protestos nogalin\u0101ti vismaz 544 cilv\u0113ki<\/a>&nbsp;&nbsp;TVNET<\/li>\n<li><a href=\"https:\/\/news.google.com\/rss\/articles\/CBMiogFBVV95cUxQeVNoZ3FjRjRFcEdNZDBNd0NFMUtBUFhSNi1Ca19BVUpSWG5Bd2NiMFlORzBya2tqNl9FLWhkQUdBakVTbVgyS0xkNFgycE1qQk5sdmFpTXRxaFZDcGNkTFg4YWtiSnhSbVdlMDEwbTV0SHItTVcybEpMY0YtS3ZhV3Z4TTc3YUZndmdONEdVcEcyMmVZeGJ2UHRzS3lYOG1HR0E?oc=5\" target=\"_blank\" rel=\"nofollow noopener\">Protestu vilnis Ir\u0101n\u0101: simtiem nogalin\u0101ti, t\u016bksto\u0161iem aiztur\u0113ti<\/a>&nbsp;&nbsp;Jauns.lv<\/li>\n<li><a href=\"https:\/\/news.google.com\/rss\/articles\/CBMi2AFBVV95cUxQczJYbXJqMEZBcVV0NDJBLWRpWXYtRFhXOEN1ajV5VVd3QTc5WnlUS1luZE5xc3VRcE5LMVVzWU1VMGVWYkowU1FTTzJ0ZlY4Sm1QVWxOWWM1ZDJMNU5taVFEb2h2M0FwdnJ3QWFEUWJ5Vks3OUpqZ2xCOFZKRS1UQlY0OWtQdkVQWGp1ZmN2TFdTM0p4bUU0WGR2V1EtRnk2aDhEdDRWMVhUa2FkUk92VUU3ZExDM3hfQmZDQ0k0a0dteXhoYWx6WGxTRDFBSVRqYjZVZ0FGVTA?oc=5\" target=\"_blank\" rel=\"nofollow noopener\">Vardarb\u012bgajos protestos Ir\u0101n\u0101 pieaug miru\u0161o skaits; varas iest\u0101des sola pastiprin\u0101t represijas<\/a>&nbsp;&nbsp;Delfi<\/li>\n<li><a href=\"https:\/\/news.google.com\/rss\/articles\/CBMi4wFBVV95cUxPajNpV2NzN09VS1dFcHlRdzhQUkJnSHl3WXUxekVISmZpRFBwYVJ4eUZJLWwtenp2S0F0TWkxNmx6RUN1SU8tbnA5aGRhYzB3SVQtMTNLbjRTejRqbVVnSThMdXV6MWs4TU4xTURUbmJWWTF5RGVPWVpoVGhCZUxHZTdlZU14WEVrcDNYNHpRUmhteVJQVjRQTzNZN1pTV3pvMjY5cWxmQko0eHZzUlpBVnRySTJyemdzN3lZb0tCQ1BFQkV2MDRnemt5V0R1bFE1NFpXSjNTSzFTNkFxaV83Qk45MA?oc=5\" target=\"_blank\" rel=\"nofollow noopener\">Ir\u0101nas g\u0101zt\u0101 \u0161aha d\u0113ls aicina uz pla\u0161\u0101kiem protestiem; Teher\u0101nas slimn\u012bc\u0101s izsludina kr\u012bzi \/ Raksts<\/a>&nbsp;&nbsp;LSM<\/li>\n<li><a href=\"https:\/\/news.google.com\/rss\/articles\/CBMiyAFBVV95cUxOUEVWbDdLVDdLa1BGUjVlWUNNZ2xXSGlXN2UyaDI1dlFOdXg5NkxPNTk1TlNOUDhVWUdZbERmQzBBZVhLX01pUUhqaERkWi1sdGtlcGx5Z3BTbFNQQUZ2dXRzYXZtOUhiVVhhNXpsZUlUTG5YMTVYay15aU5nb2ZFbFNwcUJsVFhJdWJIZnF6aVA1NkhsNlhWWUNDRzNZb1E5ZTFmc0NGclR4V190MWxqdVoxOXEwXzRUUU8yMUFtMEFuMHV2dElfbg?oc=5\" target=\"_blank\" rel=\"nofollow noopener\">Urzula fon der Leiena aicina Ir\u0101nu atbr\u012bvot ieslodz\u012btos protest\u0113t\u0101jus un atjaunot interneta sakarus<\/a>&nbsp;&nbsp;Apollo.lv<\/li>\n<\/ol>\n","protected":false},"excerpt":{"rendered":"Ir\u0101na protestos nogalin\u0101ti vismaz 544 cilv\u0113ki&nbsp;&nbsp;TVNET Protestu vilnis Ir\u0101n\u0101: simtiem nogalin\u0101ti, t\u016bksto\u0161iem aiztur\u0113ti&nbsp;&nbsp;Jauns.lv Vardarb\u012bgajos protestos Ir\u0101n\u0101 pieaug miru\u0161o&hellip;\n","protected":false},"author":2,"featured_media":101608,"comment_status":"","ping_status":"","sticky":false,"template":"","format":"standard","meta":{"footnotes":""},"categories":[5],"tags":[23,28,29,542,32,33,22,2562,30,31,35,39,38,36,37,34,40,20,26,27,4204,23835,24,25,21],"class_list":{"0":"post-101607","1":"post","2":"type-post","3":"status-publish","4":"format-standard","5":"has-post-thumbnail","7":"category-aktualitates","8":"tag-aktualitates","9":"tag-breaking-news","10":"tag-breakingnews","11":"tag-donalds-tramps","12":"tag-featured-news","13":"tag-featurednews","14":"tag-headlines","15":"tag-irana","16":"tag-latest-news","17":"tag-latestnews","18":"tag-latvia","19":"tag-latvian","20":"tag-latviesu","21":"tag-latviesu-valoda","22":"tag-latviesuvaloda","23":"tag-latvija","24":"tag-lv","25":"tag-news","26":"tag-popularakas-zinas","27":"tag-popularakaszinas","28":"tag-protesti","29":"tag-saspilejums-asv-un-iranas-attiecibas","30":"tag-top-stories","31":"tag-topstories","32":"tag-zinas"},"share_on_mastodon":{"url":"https:\/\/pubeurope.com\/@lv\/115880515543046716","error":""},"_links":{"self":[{"href":"https:\/\/www.europesays.com\/lv\/wp-json\/wp\/v2\/posts\/101607","targetHints":{"allow":["GET"]}}],"collection":[{"href":"https:\/\/www.europesays.com\/lv\/wp-json\/wp\/v2\/posts"}],"about":[{"href":"https:\/\/www.europesays.com\/lv\/wp-json\/wp\/v2\/types\/post"}],"author":[{"embeddable":true,"href":"https:\/\/www.europesays.com\/lv\/wp-json\/wp\/v2\/users\/2"}],"replies":[{"embeddable":true,"href":"https:\/\/www.europesays.com\/lv\/wp-json\/wp\/v2\/comments?post=101607"}],"version-history":[{"count":0,"href":"https:\/\/www.europesays.com\/lv\/wp-json\/wp\/v2\/posts\/101607\/revisions"}],"wp:featuredmedia":[{"embeddable":true,"href":"https:\/\/www.europesays.com\/lv\/wp-json\/wp\/v2\/media\/101608"}],"wp:attachment":[{"href":"https:\/\/www.europesays.com\/lv\/wp-json\/wp\/v2\/media?parent=101607"}],"wp:term":[{"taxonomy":"category","embeddable":true,"href":"https:\/\/www.europesays.com\/lv\/wp-json\/wp\/v2\/categories?post=101607"},{"taxonomy":"post_tag","embeddable":true,"href":"https:\/\/www.europesays.com\/lv\/wp-json\/wp\/v2\/tags?post=101607"}],"curies":[{"name":"wp","href":"https:\/\/api.w.org\/{rel}","templated":true}]}}