{"id":101613,"date":"2026-01-12T05:42:16","date_gmt":"2026-01-12T05:42:16","guid":{"rendered":"https:\/\/www.europesays.com\/lv\/101613\/"},"modified":"2026-01-12T05:42:16","modified_gmt":"2026-01-12T05:42:16","slug":"nozimigakie-ierobezojumi-veletaju-gribai-un-tiesas-demokratijas-iespejam-latvija","status":"publish","type":"post","link":"https:\/\/www.europesays.com\/lv\/101613\/","title":{"rendered":"noz\u012bm\u012bg\u0101kie ierobe\u017eojumi v\u0113l\u0113t\u0101ju gribai un tie\u0161\u0101s demokr\u0101tijas iesp\u0113j\u0101m Latvij\u0101"},"content":{"rendered":"<p>                                                                    <img decoding=\"async\" src=\"https:\/\/www.europesays.com\/lv\/wp-content\/uploads\/2026\/01\/22233.jpg\" alt=\"Foto\" id=\"mainfoto\" \/><br \/> <br \/>\n                                    @andrislov \u00b7 11.01.2026. \u00b7 <a href=\"\/\/m.pietiek.com\/lapa.php\/raksti\/vienotibas_interesu_demokratija_nozimigakie_ierobezojumi_veletaju_gribai_un_tiesas_demokratijas_iespejam_latvija\/komentari\">Koment\u0101ri (24)<\/a><\/p>\n<p id=\"share\">Iesaki rakstu:<br \/><a href=\"https:\/\/twitter.com\/intent\/tweet?text=Iesaku: \u201eVienot\u012bbas\u201d intere\u0161u demokr\u0101tija: noz\u012bm\u012bg\u0101kie ierobe\u017eojumi v\u0113l\u0113t\u0101ju gribai un tie\u0161\u0101s demokr\u0101tijas iesp\u0113j\u0101m Latvij\u0101&amp;url=http:\/\/www.pietiek.com\/raksti\/vienotibas_interesu_demokratija_nozimigakie_ierobezojumi_veletaju_gribai_un_tiesas_demokratijas_iespejam_latvija\" rel=\"nofollow noopener\" target=\"_blank\"><img decoding=\"async\" src=\"https:\/\/www.europesays.com\/lv\/wp-content\/uploads\/2025\/12\/twt.png\" alt=\"Twitter\" border=\"0\" \/><\/a><br \/>\n                    <a href=\"https:\/\/www.facebook.com\/share.php?u=http:\/\/www.pietiek.com\/raksti\/vienotibas_interesu_demokratija_nozimigakie_ierobezojumi_veletaju_gribai_un_tiesas_demokratijas_iespejam_latvija\" rel=\"nofollow noopener\" target=\"_blank\"><img decoding=\"async\" src=\"https:\/\/www.europesays.com\/lv\/wp-content\/uploads\/2025\/12\/fcb.png\" alt=\"Facebook\" border=\"0\" \/><\/a><\/p>\n<p>                    <a href=\"http:\/\/www.pietiek.com\/raksti\/vienotibas_interesu_demokratija_nozimigakie_ierobezojumi_veletaju_gribai_un_tiesas_demokratijas_iespejam_latvija#\" onclick=\"DraugiemSay(&#039;\u201eVienot\u012bbas\u201d intere\u0161u demokr\u0101tija: noz\u012bm\u012bg\u0101kie ierobe\u017eojumi v\u0113l\u0113t\u0101ju gribai un tie\u0161\u0101s demokr\u0101tijas iesp\u0113j\u0101m Latvij\u0101&#039;, &#039;http:\/\/www.pietiek.com\/raksti\/vienotibas_interesu_demokratija_nozimigakie_ierobezojumi_veletaju_gribai_un_tiesas_demokratijas_iespejam_latvija&#039;, &#039;Pietiek.com&#039;);return false;\" title=\"draugiem.lv\" rel=\"nofollow noopener\" target=\"_blank\"><img decoding=\"async\" src=\"https:\/\/www.europesays.com\/lv\/wp-content\/uploads\/2025\/12\/drg.png\" alt=\"Draugiem.lv\" border=\"0\" \/><\/a>\n                    <\/p>\n<p><p style=\"line-height: 19.5px;\">P\u0113d\u0113jo 35 gadu laik\u0101 Latvij\u0101 \u012bstenoti \u0161\u0101di noz\u012bm\u012bg\u0101kie ierobe\u017eojumi v\u0113l\u0113t\u0101ju gribai un tie\u0161\u0101s demokr\u0101tijas iesp\u0113j\u0101m:<\/p>\n<\/p>\n<p>&#8211; 5% v\u0113l\u0113\u0161anu barjera Saeimas v\u0113l\u0113\u0161an\u0101s &#8211; samazina maz\u0101ko partiju\/veidojumu iesp\u0113jas;<\/p>\n<p>&#8211; V\u0113l\u0113t\u0101ju apvien\u012bbu aizliegums iesniegt sarakstus liel\u0101kaj\u0101s pa\u0161vald\u012bb\u0101s &#8211; tikai partijas vai partiju apvien\u012bbas;<\/p>\n<p>&#8211; Augstais parakstu slieksnis Satversmes groz\u012bjumu ierosin\u0101\u0161anai (10% no v\u0113l\u0113t\u0101ju skaita) + sare\u017e\u0123\u012bta k\u0101rt\u012bba (2012. gada izmai\u0146as padar\u012bja v\u0101k\u0161anu v\u0113l gr\u016bt\u0101ku);<\/p>\n<p>&#8211; Referenduma slieksnis \u2013 150 000;<\/p>\n<p>&#8211; Saeimas deput\u0101tu profesiju aizliegums;<\/p>\n<p>&#8211; Saeimas atsauk\u0161anas referenduma nere\u0101ls slieksnis &#8211; \u00a0vismaz 2\/3 no iepriek\u0161\u0113jo v\u0113l\u0113\u0161anu dal\u012bbniekiem (2009. gada groz\u012bjums padar\u012bja gandr\u012bz neiesp\u0113jamu);<\/p>\n<p>&#8211; Piln\u012bgs korporat\u012bvo ziedojumu aizliegums partij\u0101m un stingra priv\u0101to ziedojumu griestu noteik\u0161ana;<\/p>\n<p>&#8211; Valsts finans\u0113juma atkar\u012bba partij\u0101m (no 2010. gada b\u016btiski papla\u0161in\u0101ts, v\u0113l vair\u0101k no 2020. gada), stiprina eso\u0161\u0101s partijas, apgr\u016btina jaun\u0101m partij\u0101m iek\u013c\u016b\u0161anu Saeim\u0101;<\/p>\n<p>&#8211; Partiju dibin\u0101\u0161anas termi\u0146a ierobe\u017eojums, gadu pirms v\u0113l\u0113\u0161an\u0101m nedr\u012bkst dibin\u0101t jaunas partijas,kas var kandid\u0113t;<\/p>\n<p>&#8211; Cilv\u0113ku skaita noteik\u0161ana, lai dibin\u0101tu partiju;<\/p>\n<p>&#8211; VDD \u201ctroikas\u201d pielaide valsts un pa\u0161vald\u012bbu vad\u012bt\u0101jiem;<\/p>\n<p>&#8211; jauns ierosin\u0101jums: VARAM ministrs, nevis v\u0113l\u0113t\u0101ji noteiks pa\u0161vald\u012bbu vad\u012bt\u0101jus.<\/p>\n<p>Kopum\u0101 tendence &#8211; tie\u0161\u0101s demokr\u0101tijas meh\u0101nismi Latvij\u0101 ir vieni no stingr\u0101k ierobe\u017eotajiem Eirop\u0101. \u201eVienot\u012bbas\u201d intere\u0161u demokr\u0101tija.<\/p>\n<p>Nov\u0113rt\u0113 \u0161o rakstu:<\/p>\n<p>59<\/p>\n<p>3<\/p>\n<p>                <script async src=\"https:\/\/platform.twitter.com\/widgets.js\" charset=\"utf-8\"><\/script><\/p>\n","protected":false},"excerpt":{"rendered":"@andrislov \u00b7 11.01.2026. \u00b7 Koment\u0101ri (24) Iesaki rakstu: P\u0113d\u0113jo 35 gadu laik\u0101 Latvij\u0101 \u012bstenoti \u0161\u0101di noz\u012bm\u012bg\u0101kie ierobe\u017eojumi v\u0113l\u0113t\u0101ju&hellip;\n","protected":false},"author":2,"featured_media":101614,"comment_status":"","ping_status":"","sticky":false,"template":"","format":"standard","meta":{"footnotes":""},"categories":[12],"tags":[23,28,29,32,33,22,30,31,35,39,38,36,37,34,40,20,26,27,24,25,21],"class_list":{"0":"post-101613","1":"post","2":"type-post","3":"status-publish","4":"format-standard","5":"has-post-thumbnail","7":"category-latvija","8":"tag-aktualitates","9":"tag-breaking-news","10":"tag-breakingnews","11":"tag-featured-news","12":"tag-featurednews","13":"tag-headlines","14":"tag-latest-news","15":"tag-latestnews","16":"tag-latvia","17":"tag-latvian","18":"tag-latviesu","19":"tag-latviesu-valoda","20":"tag-latviesuvaloda","21":"tag-latvija","22":"tag-lv","23":"tag-news","24":"tag-popularakas-zinas","25":"tag-popularakaszinas","26":"tag-top-stories","27":"tag-topstories","28":"tag-zinas"},"share_on_mastodon":{"url":"https:\/\/pubeurope.com\/@lv\/115880535249947415","error":""},"_links":{"self":[{"href":"https:\/\/www.europesays.com\/lv\/wp-json\/wp\/v2\/posts\/101613","targetHints":{"allow":["GET"]}}],"collection":[{"href":"https:\/\/www.europesays.com\/lv\/wp-json\/wp\/v2\/posts"}],"about":[{"href":"https:\/\/www.europesays.com\/lv\/wp-json\/wp\/v2\/types\/post"}],"author":[{"embeddable":true,"href":"https:\/\/www.europesays.com\/lv\/wp-json\/wp\/v2\/users\/2"}],"replies":[{"embeddable":true,"href":"https:\/\/www.europesays.com\/lv\/wp-json\/wp\/v2\/comments?post=101613"}],"version-history":[{"count":0,"href":"https:\/\/www.europesays.com\/lv\/wp-json\/wp\/v2\/posts\/101613\/revisions"}],"wp:featuredmedia":[{"embeddable":true,"href":"https:\/\/www.europesays.com\/lv\/wp-json\/wp\/v2\/media\/101614"}],"wp:attachment":[{"href":"https:\/\/www.europesays.com\/lv\/wp-json\/wp\/v2\/media?parent=101613"}],"wp:term":[{"taxonomy":"category","embeddable":true,"href":"https:\/\/www.europesays.com\/lv\/wp-json\/wp\/v2\/categories?post=101613"},{"taxonomy":"post_tag","embeddable":true,"href":"https:\/\/www.europesays.com\/lv\/wp-json\/wp\/v2\/tags?post=101613"}],"curies":[{"name":"wp","href":"https:\/\/api.w.org\/{rel}","templated":true}]}}