{"id":101619,"date":"2026-01-12T05:47:06","date_gmt":"2026-01-12T05:47:06","guid":{"rendered":"https:\/\/www.europesays.com\/lv\/101619\/"},"modified":"2026-01-12T05:47:06","modified_gmt":"2026-01-12T05:47:06","slug":"video-labs-darbins-kas-padarits-ukrainas-speki-veikusi-triecienus-lukoil-naftas-ieguves-platformam-kaspijas-jura-la-lv","status":"publish","type":"post","link":"https:\/\/www.europesays.com\/lv\/101619\/","title":{"rendered":"VIDEO. Labs darbi\u0146\u0161, kas padar\u012bts! Ukrainas sp\u0113ki veiku\u0161i triecienus \u201cLukoil\u201d naftas ieguves platform\u0101m Kaspijas j\u016br\u0101 &#8211; LA.LV"},"content":{"rendered":"<ol>\n<li><a href=\"https:\/\/news.google.com\/rss\/articles\/CBMiygFBVV95cUxQakdYZVNubjdpdmJYRElaekRrMjlvTnJQUnlKQXVBZ2wxanYzX1ZHbGszVDNjWGdRTTZMZXJxUFhjX05mVTZBdUYtMVA1QVBBbTh0TXhaXzRXWEJmS1lBZ2Qyc2Y5bXJsazdXR0lQWURJSThoRmt2YmE4aXdyVDYyUDFFeUpmbjdDUGZDaEd6M0xSSlR0NHloSHotOXQzck9BNmJXTjhLT3JtYW1QWmtWNE4wb1JZbXpnX3NjbjNVN2pId25fSTdic3ZR?oc=5\" target=\"_blank\" rel=\"nofollow noopener\">VIDEO. Labs darbi\u0146\u0161, kas padar\u012bts! Ukrainas sp\u0113ki veiku\u0161i triecienus \u201cLukoil\u201d naftas ieguves platform\u0101m Kaspijas j\u016br\u0101<\/a>&nbsp;&nbsp;LA.LV<\/li>\n<li><a href=\"https:\/\/news.google.com\/rss\/articles\/CBMi3AFBVV95cUxPZlBwOG9wNGo0elBLVGp5bWF3Z3YwZjY5aHJDN19jSGJVR3RobDdoTVVaWlBSY3ptMGJyZ0RSaWRibFZ5SmZjSFdvQ3hTUVFUYVFpblF1endib1JuVXFqazNpSXlOdnFiQWF1QTF3ZWlNdkg2eUtDazE0OWEzREN5MU9IcE9mUGJRVmpsQ1hTTTlmTVJkTjNNMXk0SzhRZ3hmYS1LckhjN19Pd0NZYzZsRWdFbEJQamhrNkk3UzdLeFVjSHpFYXlISXdVbGNXUWhrLTJaUmhkVkJpRnpy?oc=5\" target=\"_blank\" rel=\"nofollow noopener\">Ukraina \u012bstenojusi vair\u0101kus veiksm\u012bgus triecienus pa Krievijas naftas noliktavu un milit\u0101rajiem objektiem<\/a>&nbsp;&nbsp;Jauns.lv<\/li>\n<li><a href=\"https:\/\/news.google.com\/rss\/articles\/CBMixgFBVV95cUxOaWNabVlmTTlXRng5T2dzbmhaQ1N3UEZTMDZ2Z1BvWGFlb3BHYlluTmNUWnpQRmpiTm0yM0NRSF9lRC1WcTNaeHRpa0dnZWRvM0plb1ViZXlPSVZoVDNUYjlGRE55OTJRQmNkYzVvbmlwRzM2YVc3YzRXbW1lRnJxd2gwTGVSWVJvOE9QWTV2MU5MSXBDQms0djMxb3VMdmdTTWkwZUlCb2NNcjFnOVd2M0lCbjB2TkpXbU5qNXBTQ0wwVmRYMXc?oc=5\" target=\"_blank\" rel=\"nofollow noopener\">Video: Ukraina veikusi triecienus &#8220;Lukoil&#8221; naftas ieguves platform\u0101m Kaspijas j\u016br\u0101<\/a>&nbsp;&nbsp;Delfi<\/li>\n<li><a href=\"https:\/\/news.google.com\/rss\/articles\/CBMiuAFBVV95cUxPaHhnYVRQeE1oT3h3N3BiekhrNVNrbmZWWFJlTTctUmxUMjl2YnpEa3FSLThRMWZLbi1Eb1ltOWV2cjRhUmFnWjZ0OEY5V0lTTFVOLWMwUmVVVXdBTHNJVkFYV0gxRGNUaXd4VGVDZC1KNnlUNDZ0aUt0Q0tXcUI4bm4wTS1zMkt0VmRJbXpQOXZobjgwLV9ub1VFa0dRd2kwSk1sY1FOYURRQWxwTFB2cDRqWjlmYlBT?oc=5\" target=\"_blank\" rel=\"nofollow noopener\">Ukraina veikusi triecienu urb\u0161anas iek\u0101rt\u0101m Kaspijas j\u016br\u0101 \/ Raksts<\/a>&nbsp;&nbsp;LSM<\/li>\n<li><a href=\"https:\/\/news.google.com\/rss\/articles\/CBMipgFBVV95cUxOTjNDSXdqMkZvQlkyTFNpdGFUVjdfWHVPUFdheXpsaS0wMjVQdjBtVTFMNGtnaXZrTllzYU0yLXp6Tkc0cEI4V3F3UVE5TERuLUFiVFpuUFV5cXE5NGNOLThmeW5NeVVOQ2stbmJyUHI0dnlhc1B4TlZ4aHQxUUZSMWZpRUVibFE0aXVNYldIRW9QVWJsMTM0dDctSEVfQnV4QUI5QjlB?oc=5\" target=\"_blank\" rel=\"nofollow noopener\">Ukraina \u012bsteno mas\u012bvu dronu uzbrukumu Voro\u0146e\u017eas pils\u0113tai Krievij\u0101; ir cietu\u0161ie<\/a>&nbsp;&nbsp;tv3.lv<\/li>\n<\/ol>\n","protected":false},"excerpt":{"rendered":"VIDEO. Labs darbi\u0146\u0161, kas padar\u012bts! Ukrainas sp\u0113ki veiku\u0161i triecienus \u201cLukoil\u201d naftas ieguves platform\u0101m Kaspijas j\u016br\u0101&nbsp;&nbsp;LA.LV Ukraina \u012bstenojusi vair\u0101kus&hellip;\n","protected":false},"author":2,"featured_media":101620,"comment_status":"","ping_status":"","sticky":false,"template":"","format":"standard","meta":{"footnotes":""},"categories":[14],"tags":[23,57,28,29,32,33,22,30,31,35,39,38,36,37,34,40,20,26,27,24,25,54,55,56,21,58],"class_list":{"0":"post-101619","1":"post","2":"type-post","3":"status-publish","4":"format-standard","5":"has-post-thumbnail","7":"category-zinas-no-arvalstim","8":"tag-aktualitates","9":"tag-arvalstim","10":"tag-breaking-news","11":"tag-breakingnews","12":"tag-featured-news","13":"tag-featurednews","14":"tag-headlines","15":"tag-latest-news","16":"tag-latestnews","17":"tag-latvia","18":"tag-latvian","19":"tag-latviesu","20":"tag-latviesu-valoda","21":"tag-latviesuvaloda","22":"tag-latvija","23":"tag-lv","24":"tag-news","25":"tag-popularakas-zinas","26":"tag-popularakaszinas","27":"tag-top-stories","28":"tag-topstories","29":"tag-world","30":"tag-world-news","31":"tag-worldnews","32":"tag-zinas","33":"tag-zinas-no-arvalstim"},"share_on_mastodon":{"url":"https:\/\/pubeurope.com\/@lv\/115880554803639497","error":""},"_links":{"self":[{"href":"https:\/\/www.europesays.com\/lv\/wp-json\/wp\/v2\/posts\/101619","targetHints":{"allow":["GET"]}}],"collection":[{"href":"https:\/\/www.europesays.com\/lv\/wp-json\/wp\/v2\/posts"}],"about":[{"href":"https:\/\/www.europesays.com\/lv\/wp-json\/wp\/v2\/types\/post"}],"author":[{"embeddable":true,"href":"https:\/\/www.europesays.com\/lv\/wp-json\/wp\/v2\/users\/2"}],"replies":[{"embeddable":true,"href":"https:\/\/www.europesays.com\/lv\/wp-json\/wp\/v2\/comments?post=101619"}],"version-history":[{"count":0,"href":"https:\/\/www.europesays.com\/lv\/wp-json\/wp\/v2\/posts\/101619\/revisions"}],"wp:featuredmedia":[{"embeddable":true,"href":"https:\/\/www.europesays.com\/lv\/wp-json\/wp\/v2\/media\/101620"}],"wp:attachment":[{"href":"https:\/\/www.europesays.com\/lv\/wp-json\/wp\/v2\/media?parent=101619"}],"wp:term":[{"taxonomy":"category","embeddable":true,"href":"https:\/\/www.europesays.com\/lv\/wp-json\/wp\/v2\/categories?post=101619"},{"taxonomy":"post_tag","embeddable":true,"href":"https:\/\/www.europesays.com\/lv\/wp-json\/wp\/v2\/tags?post=101619"}],"curies":[{"name":"wp","href":"https:\/\/api.w.org\/{rel}","templated":true}]}}