{"id":101621,"date":"2026-01-12T05:49:14","date_gmt":"2026-01-12T05:49:14","guid":{"rendered":"https:\/\/www.europesays.com\/lv\/101621\/"},"modified":"2026-01-12T05:49:14","modified_gmt":"2026-01-12T05:49:14","slug":"neparspeta-virsotne-musu-popularaja-muzika-muzikologi-par-raimondu-paulu-lr1-latvijas-radio","status":"publish","type":"post","link":"https:\/\/www.europesays.com\/lv\/101621\/","title":{"rendered":"Nep\u0101rsp\u0113ta virsotne m\u016bsu popul\u0101raj\u0101 m\u016bzik\u0101. Muzikologi par Raimondu Paulu \/ LR1 \/ \/ Latvijas Radio"},"content":{"rendered":"<p><a href=\"https:\/\/mapp.latvijasradio.lv\/shared-broadcast?b=237&amp;url=http:\/\/latvijasradio.lsm.lv\/lv\/lr1\/raidijumi\/labriit\/\" target=\"_blank\" rel=\"nofollow noopener\"><img decoding=\"async\" alt=\"Latvijas radio lietotnes logo\" src=\"https:\/\/www.europesays.com\/lv\/wp-content\/uploads\/2026\/01\/1768196954_574_LR_pod poga.png\" style=\"width: 140px; height: 38px;\"\/><\/a><\/p>\n<p>Milzu nacion\u0101la bag\u0101t\u012bba, ekskluz\u012bvs nacion\u0101lais d\u0101rgums \u2013 t\u0101 par \u0161\u012bs dienas jubil\u0101ra Raimonda Paula muzik\u0101lo devumu saka muzikologs Arnolds Kloti\u0146\u0161.<\/p>\n<p>Ar\u012b citi m\u016bzikas jomas lietprat\u0113ji Paula veikumu v\u0113rt\u0113 k\u0101 nep\u0101rsp\u0113tu virsotni m\u016bsu popul\u0101raj\u0101 m\u016bzik\u0101. Vi\u0146\u0161 ir ar\u012b \u013coti meistar\u012bgs pianists un unik\u0101la person\u012bba kopum\u0101.<\/p>\n<p>Muzikologs Arnolds Kloti\u0146\u0161 Raimonda Paula ska\u0146u pasauli raksturo k\u0101 neaptverami daudzveid\u012bgu. Vi\u0146\u0161 pats k\u0101 jauns m\u016bzikas kriti\u0137is tai s\u0101ka sekot jau pag\u0101ju\u0161\u0101 gadsimta 50.gados, kad tapa Paula vad\u012btais le\u0123end\u0101rais estr\u0101des sekstets. Ta\u010du pirmo v\u0113rt\u0113jumu periodik\u0101 Kloti\u0146\u0161 at\u013c\u0101vies tikai 60.gados par koncertu Lielaj\u0101 \u0122ild\u0113, kur\u0101 Raimonds Pauls atkl\u0101jies k\u0101 izcils, nebiju\u0161i izsmalcin\u0101ts d\u017eeza pianists.<\/p>\n<p>Savuk\u0101rt par \u012bstu apv\u0113rsumu m\u016bsu popul\u0101r\u0101s dziesmas jom\u0101 Arnolds Kloti\u0146\u0161 d\u0113v\u0113 Paula autorkoncertu s\u0113rijas 60. un 70.gados.<\/p>\n<p>Satura daudzveid\u012bbas zi\u0146\u0101 Paula dziesmas var sal\u012bdzin\u0101t ar \u0161ansonu Francij\u0101, kur ar\u012b tekstus \u0161im \u0161\u0137ietami vieglajam \u017eanram devu\u0161i liel\u0101kie fran\u010du dzejnieki \u2013 uzskata Arnolds Kloti\u0146\u0161.<\/p>\n<p>Nep\u0101rsp\u0113jama un nesasniedzama virsotne m\u016bsu popul\u0101r\u0101s m\u016bzikas kalnu gr\u0113d\u0101, t\u0101 tas ir un visticam\u0101k t\u0101 tas v\u0113l ilgu laiku paliks \u2013 t\u0101 par Raimondu Paulu saka muzikolo\u0123e, Latvijas Radio \u201dKlasika\u201d direktore Gunda Vaivode.<\/p>\n<p>Paula sp\u0113ju b\u016bt vienm\u0113r aktu\u0101lam Gunda Vaivode skaidro ar to, ka l\u012bdz\u0101s lielajam talantam vi\u0146\u0161 \u013coti prec\u012bzi saj\u016bt laiku, uz\u0137er jebkuras izmai\u0146as, kas notiek ar\u012b m\u016bsu dz\u012bv\u0113, kult\u016br\u0101, tai pa\u0161\u0101 laik\u0101 vi\u0146\u0161 vienm\u0113r saglab\u0101 ar\u012b savu pat\u012bbu.<\/p>\n<p>Muzikolo\u0123e, Latvijas Radio 2 m\u016bzikas programmu vad\u012bt\u0101ja Daiga Mazv\u0113rs\u012bte \u012bpa\u0161i uzsver vi\u0146a tit\u0101nisk\u0101s darba sp\u0113jas.<\/p>\n<p>Daiga Mazv\u0113rs\u012bte ar\u012b nor\u0101da, ka par Raimonda Paula dai\u013cradi, \u012bpa\u0161i t\u0101s dzi\u013c\u0101kajiem sl\u0101\u0146iem, piem\u0113ram, izcilo korm\u016bziku, pagaid\u0101m v\u0113l ir \u013coti maz p\u0113t\u012bjumu, kas m\u016bzikas p\u0113tniekiem paver pla\u0161u darba lauku v\u0113l uz daudziem gadiem.<\/p>\n<p>\u00a0<\/p>\n<p>Ieteikt<\/p>\n<p>    Latvijas Radio aicina izteikt savu viedokli par raid\u012bjum\u0101 dzird\u0113to un atbalsta diskusijas klaus\u012bt\u0101ju starp\u0101, tom\u0113r patur ties\u012bbas dz\u0113st koment\u0101rus, kas p\u0101rk\u0101pj cie\u0146pilnas attieksmes un \u0113tiskas r\u012bc\u012bbas robe\u017eas.<a name=\"comments\"\/><\/p>\n","protected":false},"excerpt":{"rendered":"Milzu nacion\u0101la bag\u0101t\u012bba, ekskluz\u012bvs nacion\u0101lais d\u0101rgums \u2013 t\u0101 par \u0161\u012bs dienas jubil\u0101ra Raimonda Paula muzik\u0101lo devumu saka muzikologs&hellip;\n","protected":false},"author":2,"featured_media":100208,"comment_status":"","ping_status":"","sticky":false,"template":"","format":"standard","meta":{"footnotes":""},"categories":[5],"tags":[23,28,29,32,33,22,30,31,35,39,38,36,37,34,40,20,26,27,24,25,21],"class_list":{"0":"post-101621","1":"post","2":"type-post","3":"status-publish","4":"format-standard","5":"has-post-thumbnail","7":"category-aktualitates","8":"tag-aktualitates","9":"tag-breaking-news","10":"tag-breakingnews","11":"tag-featured-news","12":"tag-featurednews","13":"tag-headlines","14":"tag-latest-news","15":"tag-latestnews","16":"tag-latvia","17":"tag-latvian","18":"tag-latviesu","19":"tag-latviesu-valoda","20":"tag-latviesuvaloda","21":"tag-latvija","22":"tag-lv","23":"tag-news","24":"tag-popularakas-zinas","25":"tag-popularakaszinas","26":"tag-top-stories","27":"tag-topstories","28":"tag-zinas"},"share_on_mastodon":{"url":"https:\/\/pubeurope.com\/@lv\/115880562702427907","error":""},"_links":{"self":[{"href":"https:\/\/www.europesays.com\/lv\/wp-json\/wp\/v2\/posts\/101621","targetHints":{"allow":["GET"]}}],"collection":[{"href":"https:\/\/www.europesays.com\/lv\/wp-json\/wp\/v2\/posts"}],"about":[{"href":"https:\/\/www.europesays.com\/lv\/wp-json\/wp\/v2\/types\/post"}],"author":[{"embeddable":true,"href":"https:\/\/www.europesays.com\/lv\/wp-json\/wp\/v2\/users\/2"}],"replies":[{"embeddable":true,"href":"https:\/\/www.europesays.com\/lv\/wp-json\/wp\/v2\/comments?post=101621"}],"version-history":[{"count":0,"href":"https:\/\/www.europesays.com\/lv\/wp-json\/wp\/v2\/posts\/101621\/revisions"}],"wp:featuredmedia":[{"embeddable":true,"href":"https:\/\/www.europesays.com\/lv\/wp-json\/wp\/v2\/media\/100208"}],"wp:attachment":[{"href":"https:\/\/www.europesays.com\/lv\/wp-json\/wp\/v2\/media?parent=101621"}],"wp:term":[{"taxonomy":"category","embeddable":true,"href":"https:\/\/www.europesays.com\/lv\/wp-json\/wp\/v2\/categories?post=101621"},{"taxonomy":"post_tag","embeddable":true,"href":"https:\/\/www.europesays.com\/lv\/wp-json\/wp\/v2\/tags?post=101621"}],"curies":[{"name":"wp","href":"https:\/\/api.w.org\/{rel}","templated":true}]}}