{"id":101624,"date":"2026-01-12T05:54:07","date_gmt":"2026-01-12T05:54:07","guid":{"rendered":"https:\/\/www.europesays.com\/lv\/101624\/"},"modified":"2026-01-12T05:54:07","modified_gmt":"2026-01-12T05:54:07","slug":"registreta-bezdarba-limenis-latvija-pagajusa-gada-beigas-bija-5","status":"publish","type":"post","link":"https:\/\/www.europesays.com\/lv\/101624\/","title":{"rendered":"Re\u0123istr\u0113t\u0101 bezdarba l\u012bmenis Latvij\u0101 pag\u0101ju\u0161\u0101 gada beig\u0101s bija 5%"},"content":{"rendered":"<p>                        <img fetchpriority=\"high\" decoding=\"async\" width=\"780\" height=\"400\" src=\"https:\/\/www.europesays.com\/lv\/wp-content\/uploads\/2026\/01\/NVA.jpg\" alt=\"\" class=\"wp-image-1089372\"  \/><\/p>\n<p>Latvij\u0101 pag\u0101ju\u0161\u0101 gada beig\u0101s re\u0123istr\u0113t\u0101 bezdarba l\u012bmenis bija 5% no ekonomiski akt\u012bvo iedz\u012bvot\u0101ju skaita, kas ir par 0,2 procentpunktiem vair\u0101k nek\u0101 novembra beig\u0101s, bet par 0,3 procentpunktiem maz\u0101k nek\u0101 2024. gada beig\u0101s, liecina Nodarbin\u0101t\u012bbas valsts a\u0123ent\u016bras (NVA) publiskot\u0101 inform\u0101cija.<\/p>\n<p>2025. gada decembra beig\u0101s NVA bija re\u0123istr\u0113ti kopum\u0101 43 672 bezdarbnieki, kas ir par 2001 vair\u0101k nek\u0101 m\u0113nesi iepriek\u0161, kad a\u0123ent\u016br\u0101 bija re\u0123istr\u0113ts 41 671 bezdarbnieks, ta\u010du par 2881 maz\u0101k nek\u0101 2024. gada beig\u0101s, kad a\u0123ent\u016br\u0101 bija re\u0123istr\u0113ti 46 553 bezdarbnieki.<\/p>\n<p>Zem\u0101kais re\u0123istr\u0113t\u0101 bezdarba l\u012bmenis 2025. gada beig\u0101s joproj\u0101m bija R\u012bgas re\u0123ion\u0101 \u2013 3,7% no ekonomiski akt\u012bvo iedz\u012bvot\u0101ju skaita, kas ir par 0,1 procentpunktu vair\u0101k nek\u0101 novembra beig\u0101s, bet augst\u0101kais re\u0123istr\u0113t\u0101 bezdarba l\u012bmenis saglab\u0101j\u0101s Latgales re\u0123ion\u0101 \u2013 10,1%, kas m\u0113ne\u0161a laik\u0101 ir k\u0101pums par 0,3 procentpunktiem.<\/p>\n<p>Decembr\u012b starp re\u0123ioniem re\u0123istr\u0113t\u0101 bezdarba l\u012bmenis visstrauj\u0101k audzis Kurzem\u0113 \u2013 par 0,5 procentpunktiem, m\u0113ne\u0161a beig\u0101s sasniedzot 5,5% no ekonomiski akt\u012bvo iedz\u012bvot\u0101ju skaita.<\/p>\n<p>Zemgal\u0113 re\u0123istr\u0113t\u0101 bezdarba l\u012bmenis decembra beig\u0101s bija 4,9% no ekonomiski akt\u012bvo iedz\u012bvot\u0101ju skaita, kas ir par 0,4 procentpunktiem vair\u0101k nek\u0101 m\u0113nesi iepriek\u0161, bet Vidzem\u0113 \u2013 4,6%, kas sal\u012bdzin\u0101jum\u0101 ar novembra beig\u0101m ir pieaugums par 0,3 procentpunktiem.<\/p>\n<p>Gada laik\u0101 re\u0123istr\u0113t\u0101 bezdarba l\u012bmenis pieaudzis tikai Kurzem\u0113 \u2013 par 0,1 procentpunktu, savuk\u0101rt visstrauj\u0101k re\u0123istr\u0113t\u0101 bezdarba l\u012bmenis samazin\u0101jies Vidzem\u0113 \u2013 par 0,8 procentpunktiem.<\/p>\n<p>Zemgal\u0113 re\u0123istr\u0113t\u0101 bezdarba l\u012bmenis gada laik\u0101 ir sarucis par 0,3 procentpunktiem, bet R\u012bgas re\u0123ion\u0101 un ar\u012b Latgal\u0113 samazin\u0101jums bijis par 0,2 procentpunktiem.<\/p>\n<p>2024. gada beig\u0101s Latvij\u0101 re\u0123istr\u0113t\u0101 bezdarba l\u012bmenis bija 5,3% no ekonomiski akt\u012bvo iedz\u012bvot\u0101ju skaita, 2023. gada beig\u0101s \u2013 5,7% no ekonomiski akt\u012bvo iedz\u012bvot\u0101ju skaita, 2022. gada beig\u0101s \u2013 6,1%, 2021. gada beig\u0101s \u2013 6,7%, 2020. gada beig\u0101s \u2013 7,7%, 2019. gada beig\u0101s \u2013 6,2%, 2018. gada beig\u0101s \u2013 6,4%, bet 2017. gada beig\u0101s \u2013 6,8% no ekonomiski akt\u012bvo iedz\u012bvot\u0101ju skaita.<\/p>\n<p><img loading=\"lazy\" decoding=\"async\" width=\"791\" height=\"1024\" src=\"https:\/\/www.europesays.com\/lv\/wp-content\/uploads\/2026\/01\/Screenshot-2026-01-12-at-07-16-40-Latvija-Zinas-LETA-791x1024.png\" alt=\"\" class=\"wp-image-1089373\"  \/>                    <\/p>\n","protected":false},"excerpt":{"rendered":"Latvij\u0101 pag\u0101ju\u0161\u0101 gada beig\u0101s re\u0123istr\u0113t\u0101 bezdarba l\u012bmenis bija 5% no ekonomiski akt\u012bvo iedz\u012bvot\u0101ju skaita, kas ir par 0,2&hellip;\n","protected":false},"author":2,"featured_media":101625,"comment_status":"","ping_status":"","sticky":false,"template":"","format":"standard","meta":{"footnotes":""},"categories":[12],"tags":[23,28,29,32,33,22,30,31,35,39,38,36,37,34,40,20,26,27,24,25,21],"class_list":{"0":"post-101624","1":"post","2":"type-post","3":"status-publish","4":"format-standard","5":"has-post-thumbnail","7":"category-latvija","8":"tag-aktualitates","9":"tag-breaking-news","10":"tag-breakingnews","11":"tag-featured-news","12":"tag-featurednews","13":"tag-headlines","14":"tag-latest-news","15":"tag-latestnews","16":"tag-latvia","17":"tag-latvian","18":"tag-latviesu","19":"tag-latviesu-valoda","20":"tag-latviesuvaloda","21":"tag-latvija","22":"tag-lv","23":"tag-news","24":"tag-popularakas-zinas","25":"tag-popularakaszinas","26":"tag-top-stories","27":"tag-topstories","28":"tag-zinas"},"share_on_mastodon":{"url":"https:\/\/pubeurope.com\/@lv\/115880582384974174","error":""},"_links":{"self":[{"href":"https:\/\/www.europesays.com\/lv\/wp-json\/wp\/v2\/posts\/101624","targetHints":{"allow":["GET"]}}],"collection":[{"href":"https:\/\/www.europesays.com\/lv\/wp-json\/wp\/v2\/posts"}],"about":[{"href":"https:\/\/www.europesays.com\/lv\/wp-json\/wp\/v2\/types\/post"}],"author":[{"embeddable":true,"href":"https:\/\/www.europesays.com\/lv\/wp-json\/wp\/v2\/users\/2"}],"replies":[{"embeddable":true,"href":"https:\/\/www.europesays.com\/lv\/wp-json\/wp\/v2\/comments?post=101624"}],"version-history":[{"count":0,"href":"https:\/\/www.europesays.com\/lv\/wp-json\/wp\/v2\/posts\/101624\/revisions"}],"wp:featuredmedia":[{"embeddable":true,"href":"https:\/\/www.europesays.com\/lv\/wp-json\/wp\/v2\/media\/101625"}],"wp:attachment":[{"href":"https:\/\/www.europesays.com\/lv\/wp-json\/wp\/v2\/media?parent=101624"}],"wp:term":[{"taxonomy":"category","embeddable":true,"href":"https:\/\/www.europesays.com\/lv\/wp-json\/wp\/v2\/categories?post=101624"},{"taxonomy":"post_tag","embeddable":true,"href":"https:\/\/www.europesays.com\/lv\/wp-json\/wp\/v2\/tags?post=101624"}],"curies":[{"name":"wp","href":"https:\/\/api.w.org\/{rel}","templated":true}]}}