{"id":101626,"date":"2026-01-12T05:55:13","date_gmt":"2026-01-12T05:55:13","guid":{"rendered":"https:\/\/www.europesays.com\/lv\/101626\/"},"modified":"2026-01-12T05:55:13","modified_gmt":"2026-01-12T05:55:13","slug":"bendikai-iedzisana-cetras-kludas-netrauce-pakapties-uz-augsu-ziemas-sports-sportacentrs-com","status":"publish","type":"post","link":"https:\/\/www.europesays.com\/lv\/101626\/","title":{"rendered":"Bendikai iedz\u012b\u0161an\u0101 \u010detras k\u013c\u016bdas netrauc\u0113 pak\u0101pties uz aug\u0161u \u2013 Ziemas sports \u2013 Sportacentrs.com"},"content":{"rendered":"<p>Latvijas sportiste \u0161au\u0161an\u0101 pie\u013c\u0101va \u010detras k\u013c\u016bdas un fini\u0161a l\u012bniju \u0161\u0137\u0113rsoja 36. viet\u0101, l\u012bderei zaud\u0113jot tr\u012bs min\u016btes un 59,1 sekundi. Iedz\u012b\u0161anas sacens\u012bbas Bendika s\u0101ka 50. viet\u0101.<\/p>\n<p>Konkuren\u0161u netrauc\u0113ta k\u0101 pirm\u0101 fini\u0161u sasniedza Elv\u012bra \u0112berja, kura triumf\u0113ja ar\u012b sprinta sacens\u012bb\u0101s. Sudraba godalga somietei Suvi Minkinenai, kura kaimi\u0146valsts sportistei zaud\u0113ja 16,6 sekundes. Ar\u012b vi\u0146a iedz\u012b\u0161an\u0101 un sprint\u0101 izc\u012bn\u012bja identiskas poz\u012bcijas. Savuk\u0101rt bronzas godalga tika Hannai \u0112berjai. Vi\u0146a m\u0101sai zaud\u0113ja min\u016bti un 4,5 sekundes.<\/p>\n<p>Bendika pirmaj\u0101 apl\u012b uzr\u0101d\u012bja 11. lab\u0101ko laiku un pirmaj\u0101 ugunsl\u012bnij\u0101 nepie\u013c\u0101va k\u013c\u016bdas. Tas vi\u0146ai \u013c\u0101va pak\u0101pties uz 29. poz\u012bciju. Tiesa, p\u0113c pirm\u0101s \u0161au\u0161anas Bendikas temps sl\u0113pojum\u0101 iev\u0113rojami krit\u0101s, jo otraj\u0101 apl\u012b vi\u0146as laiks bija tikai 45. \u0101tr\u0101kais.<\/p>\n<p>Otraj\u0101 \u0161autuv\u0113 sekoja ar\u012b pirm\u0101 k\u013c\u016bda, kas lika atk\u0101pties uz 38. vietu. L\u012bdz tre\u0161ajam pieg\u0101jienam \u0161autuv\u0113 Bendika pak\u0101p\u0101s par poz\u012bciju, bet divreiz \u0161aut gu\u013cus bez k\u013c\u016bd\u0101m vi\u0146ai neizdev\u0101s. Neskatoties uz vienu soda apli, Bendika ar\u012b p\u0113c tre\u0161\u0101s \u0161au\u0161anas ierindoj\u0101s 37. viet\u0101.<\/p>\n<p>Ceturtaj\u0101 \u0161au\u0161an\u0101 Bendika pie\u013c\u0101va divas k\u013c\u016bdas un atkrita uz 41. vietu, bet iedz\u012b\u0161anas p\u0113d\u0113j\u0101 apl\u012b vien\u012bg\u0101 Latvijas p\u0101rst\u0101ve iesl\u0113dza n\u0101kamo \u2033p\u0101rnesumu\u2033 un sl\u0113pojum\u0101 uzr\u0101d\u012bja tre\u0161o lab\u0101ko laiku.<\/p>\n<p>\u0160\u012bs sezonas iedz\u012b\u0161anas sacens\u012bbu rang\u0101 Bendika ie\u0146em 62. vietu, bet kop\u0113j\u0101 reiting\u0101 \u2013 42. poz\u012bciju.<\/p>\n<tr>VSportisteValstsV. start\u0101\u0160au\u0161anaLaiks<\/tr>\n<tr class=\"even\">\n<td>1.<\/td>\n<td>Elv\u012bra \u0112berja<\/td>\n<td>Zviedrija<\/td>\n<td>1.<\/td>\n<td class=\"ralign\">0-1-0-0<\/td>\n<td class=\"ralign\">31:28.5<\/td>\n<\/tr>\n<tr class=\"odd\">\n<td>2.<\/td>\n<td>Suvi Minkinena<\/td>\n<td>Somija<\/td>\n<td>2.<\/td>\n<td class=\"ralign\">0-1-0-0<\/td>\n<td class=\"ralign\">+16.6<\/td>\n<\/tr>\n<tr class=\"even\">\n<td>3.<\/td>\n<td>Hanna \u0112berja<\/td>\n<td>Zviedrija<\/td>\n<td>13.<\/td>\n<td class=\"ralign\">1-0-1-0<\/td>\n<td class=\"ralign\">1:04.5<\/td>\n<\/tr>\n<tr class=\"odd\">\n<td>4.<\/td>\n<td>\u017dulija Simona<\/td>\n<td>Francija<\/td>\n<td>3.<\/td>\n<td class=\"ralign\">0-1-0-2<\/td>\n<td class=\"ralign\">+1:15.5<\/td>\n<\/tr>\n<tr class=\"even\">\n<td>5.<\/td>\n<td>Franciska Proisa<\/td>\n<td>V\u0101cija<\/td>\n<td>5.<\/td>\n<td class=\"ralign\">0-1-1-0<\/td>\n<td class=\"ralign\">+1:20.7<\/td>\n<\/tr>\n<tr class=\"odd\">\n<td\/>\n<td\/>\n<td\/>\n<td\/>\n<td class=\"ralign\"\/>\n<td class=\"ralign\"\/><\/tr>\n<tr class=\"even\">\n<td>36.<\/td>\n<td>Baiba Bendika<\/td>\n<td>Latvija<\/td>\n<td>50.<\/td>\n<td class=\"ralign\">0-1-1-2<\/td>\n<td class=\"ralign\">+3:59.1<\/td>\n<\/tr>\n","protected":false},"excerpt":{"rendered":"Latvijas sportiste \u0161au\u0161an\u0101 pie\u013c\u0101va \u010detras k\u013c\u016bdas un fini\u0161a l\u012bniju \u0161\u0137\u0113rsoja 36. viet\u0101, l\u012bderei zaud\u0113jot tr\u012bs min\u016btes un 59,1&hellip;\n","protected":false},"author":2,"featured_media":101627,"comment_status":"","ping_status":"","sticky":false,"template":"","format":"standard","meta":{"footnotes":""},"categories":[5],"tags":[23,28,29,32,33,22,30,31,35,39,38,36,37,34,40,20,26,27,24,25,620,21],"class_list":{"0":"post-101626","1":"post","2":"type-post","3":"status-publish","4":"format-standard","5":"has-post-thumbnail","7":"category-aktualitates","8":"tag-aktualitates","9":"tag-breaking-news","10":"tag-breakingnews","11":"tag-featured-news","12":"tag-featurednews","13":"tag-headlines","14":"tag-latest-news","15":"tag-latestnews","16":"tag-latvia","17":"tag-latvian","18":"tag-latviesu","19":"tag-latviesu-valoda","20":"tag-latviesuvaloda","21":"tag-latvija","22":"tag-lv","23":"tag-news","24":"tag-popularakas-zinas","25":"tag-popularakaszinas","26":"tag-top-stories","27":"tag-topstories","28":"tag-ziemas-sports","29":"tag-zinas"},"share_on_mastodon":{"url":"https:\/\/pubeurope.com\/@lv\/115880586253453926","error":""},"_links":{"self":[{"href":"https:\/\/www.europesays.com\/lv\/wp-json\/wp\/v2\/posts\/101626","targetHints":{"allow":["GET"]}}],"collection":[{"href":"https:\/\/www.europesays.com\/lv\/wp-json\/wp\/v2\/posts"}],"about":[{"href":"https:\/\/www.europesays.com\/lv\/wp-json\/wp\/v2\/types\/post"}],"author":[{"embeddable":true,"href":"https:\/\/www.europesays.com\/lv\/wp-json\/wp\/v2\/users\/2"}],"replies":[{"embeddable":true,"href":"https:\/\/www.europesays.com\/lv\/wp-json\/wp\/v2\/comments?post=101626"}],"version-history":[{"count":0,"href":"https:\/\/www.europesays.com\/lv\/wp-json\/wp\/v2\/posts\/101626\/revisions"}],"wp:featuredmedia":[{"embeddable":true,"href":"https:\/\/www.europesays.com\/lv\/wp-json\/wp\/v2\/media\/101627"}],"wp:attachment":[{"href":"https:\/\/www.europesays.com\/lv\/wp-json\/wp\/v2\/media?parent=101626"}],"wp:term":[{"taxonomy":"category","embeddable":true,"href":"https:\/\/www.europesays.com\/lv\/wp-json\/wp\/v2\/categories?post=101626"},{"taxonomy":"post_tag","embeddable":true,"href":"https:\/\/www.europesays.com\/lv\/wp-json\/wp\/v2\/tags?post=101626"}],"curies":[{"name":"wp","href":"https:\/\/api.w.org\/{rel}","templated":true}]}}