{"id":101630,"date":"2026-01-12T06:05:06","date_gmt":"2026-01-12T06:05:06","guid":{"rendered":"https:\/\/www.europesays.com\/lv\/101630\/"},"modified":"2026-01-12T06:05:06","modified_gmt":"2026-01-12T06:05:06","slug":"tuvakajas-dienas-sals-vel-turpinasies-bet-nedelas-otraja-puse-klus-siltak","status":"publish","type":"post","link":"https:\/\/www.europesays.com\/lv\/101630\/","title":{"rendered":"Tuv\u0101kaj\u0101s dien\u0101s sals v\u0113l turpin\u0101sies, bet ned\u0113\u013cas otraj\u0101 pus\u0113 k\u013c\u016bs silt\u0101k"},"content":{"rendered":"<p>Pirmdien debesis b\u016bs p\u0101rsvar\u0101 m\u0101ko\u0146ainas, tom\u0113r viet\u0101m skaidrosies. Da\u017eviet gaid\u0101ms sniegs, nakts laik\u0101 snig\u0161ana b\u016bs intens\u012bv\u0101ka \u2013 atsevi\u0161\u0137\u0101s Kurzemes teritorij\u0101s sniega sega palielin\u0101sies par diviem l\u012bdz \u010detriem centimentriem. P\u016bt\u012bs l\u0113ns l\u012bdz m\u0113rens zieme\u013cu puses v\u0113j\u0161, kas dienas gait\u0101 pak\u0101peniski pierims. Nakt\u012b gaisa temperat\u016bra pazemin\u0101sies l\u012bdz \u201310\u2026\u201315 gr\u0101diem, bet Kurzem\u0113 \u20135\u2026\u201310 gr\u0101diem. Viet\u0101s, kur debesis skaidrosies, temperat\u016bra var b\u016bt v\u0113l par da\u017eiem gr\u0101diem zem\u0101ka. Dien\u0101 gaisa temperat\u016bra saglab\u0101sies -4\u2026\u20139 gr\u0101du robe\u017e\u0101s.<\/p>\n<p>Otrdien un tre\u0161dien debesis br\u012b\u017eiem skaidrosies un uzsp\u012bd\u0113s saule, k\u0101 ar\u012b nokri\u0161\u0146u daudzums iev\u0113rojami mazin\u0101sies \u2013 tikai otrdien viet\u0101m austrumu rajonos gaid\u0101ms neliels sniegs. Nakt\u012b uz otrdienu da\u017eviet Kurzem\u0113, p\u016b\u0161ot l\u0113nam v\u0113jam, veidosies migla, kas apgr\u016btin\u0101s redzam\u012bbu. Tre\u0161dien dienas laik\u0101 pastiprin\u0101sies dienvidaustrumu, austrumu v\u0113j\u0161, k\u013c\u016bstot br\u0101zmains \u2013 Kurzemes piekrast\u0113 tas sasniegs 15 metrus sekund\u0113. Nakt\u012bs gaisa temperat\u016bra pazemin\u0101sies l\u012bdz \u201311\u2026\u201316 gr\u0101diem, bet l\u012b\u010da piekrast\u0113 \u20135\u2026\u201310 gr\u0101diem.<\/p>\n<p>Dien\u0101s termometra stabi\u0146\u0161 liel\u0101kaj\u0101 Latvijas teritorijas da\u013c\u0101 pak\u0101psies l\u012bdz \u20135\u2026\u201310 gr\u0101diem, Kurzemes l\u012b\u010da piekrast\u0113 par k\u0101du gr\u0101du silt\u0101k.<\/p>\n<p>Ned\u0113\u013cas otraj\u0101 pus\u0113, pastiprinoties zema spiediena ieplakas ietekmei, valsts teritorij\u0101 palielin\u0101sies nokri\u0161\u0146u daudzums \u2013 vis\u0101 Latvij\u0101 gaid\u0101ms sniegs, piekrast\u0113 viet\u0101m ar\u012b slapj\u0161 sniegs. Br\u012bvdien\u0101s, paaugstinoties spiedienam, nokri\u0161\u0146u b\u016bs maz\u0101k, ta\u010du viet\u0101m b\u016bs nov\u0113rojamas jau ar\u012b lietus l\u0101ses. No ned\u0113\u013cas otr\u0101s puses sals pak\u0101peniski atk\u0101psies \u2013 j\u016bras piekrast\u0113 termometra stabi\u0146\u0161 jau pak\u0101psies virs 0 gr\u0101du atz\u012bmes.<\/p>\n<p class=\"tv3-fw-500\">Zi\u0146o par k\u013c\u016bdu rakst\u0101<\/p>\n<p class=\"d-md-block d-none\">Iez\u012bm\u0113 k\u013c\u016bdaino tekstu un spied Ctrl+Enter.<\/p>\n<p class=\"d-md-none d-block\">Iez\u012bm\u0113 k\u013c\u016bdaino tekstu un zi\u0146o par to!<\/p>\n","protected":false},"excerpt":{"rendered":"Pirmdien debesis b\u016bs p\u0101rsvar\u0101 m\u0101ko\u0146ainas, tom\u0113r viet\u0101m skaidrosies. Da\u017eviet gaid\u0101ms sniegs, nakts laik\u0101 snig\u0161ana b\u016bs intens\u012bv\u0101ka \u2013 atsevi\u0161\u0137\u0101s&hellip;\n","protected":false},"author":2,"featured_media":101631,"comment_status":"","ping_status":"","sticky":false,"template":"","format":"standard","meta":{"footnotes":""},"categories":[12],"tags":[23,28,29,32,33,22,24753,30,31,35,39,38,36,37,34,40,20,26,27,24,25,21],"class_list":{"0":"post-101630","1":"post","2":"type-post","3":"status-publish","4":"format-standard","5":"has-post-thumbnail","7":"category-latvija","8":"tag-aktualitates","9":"tag-breaking-news","10":"tag-breakingnews","11":"tag-featured-news","12":"tag-featurednews","13":"tag-headlines","14":"tag-laika-prognozelaika-zinasziema","15":"tag-latest-news","16":"tag-latestnews","17":"tag-latvia","18":"tag-latvian","19":"tag-latviesu","20":"tag-latviesu-valoda","21":"tag-latviesuvaloda","22":"tag-latvija","23":"tag-lv","24":"tag-news","25":"tag-popularakas-zinas","26":"tag-popularakaszinas","27":"tag-top-stories","28":"tag-topstories","29":"tag-zinas"},"share_on_mastodon":{"url":"https:\/\/pubeurope.com\/@lv\/115880625740441583","error":""},"_links":{"self":[{"href":"https:\/\/www.europesays.com\/lv\/wp-json\/wp\/v2\/posts\/101630","targetHints":{"allow":["GET"]}}],"collection":[{"href":"https:\/\/www.europesays.com\/lv\/wp-json\/wp\/v2\/posts"}],"about":[{"href":"https:\/\/www.europesays.com\/lv\/wp-json\/wp\/v2\/types\/post"}],"author":[{"embeddable":true,"href":"https:\/\/www.europesays.com\/lv\/wp-json\/wp\/v2\/users\/2"}],"replies":[{"embeddable":true,"href":"https:\/\/www.europesays.com\/lv\/wp-json\/wp\/v2\/comments?post=101630"}],"version-history":[{"count":0,"href":"https:\/\/www.europesays.com\/lv\/wp-json\/wp\/v2\/posts\/101630\/revisions"}],"wp:featuredmedia":[{"embeddable":true,"href":"https:\/\/www.europesays.com\/lv\/wp-json\/wp\/v2\/media\/101631"}],"wp:attachment":[{"href":"https:\/\/www.europesays.com\/lv\/wp-json\/wp\/v2\/media?parent=101630"}],"wp:term":[{"taxonomy":"category","embeddable":true,"href":"https:\/\/www.europesays.com\/lv\/wp-json\/wp\/v2\/categories?post=101630"},{"taxonomy":"post_tag","embeddable":true,"href":"https:\/\/www.europesays.com\/lv\/wp-json\/wp\/v2\/tags?post=101630"}],"curies":[{"name":"wp","href":"https:\/\/api.w.org\/{rel}","templated":true}]}}