{"id":101654,"date":"2026-01-12T06:29:08","date_gmt":"2026-01-12T06:29:08","guid":{"rendered":"https:\/\/www.europesays.com\/lv\/101654\/"},"modified":"2026-01-12T06:29:08","modified_gmt":"2026-01-12T06:29:08","slug":"apledojums-un-sniegs-ietekme-satiksmi-uz-valsts-autoceliem-1188-lv","status":"publish","type":"post","link":"https:\/\/www.europesays.com\/lv\/101654\/","title":{"rendered":"Apledojums un sniegs ietekm\u0113 satiksmi uz valsts autoce\u013ciem &#8211; 1188.lv"},"content":{"rendered":"<ol>\n<li><a href=\"https:\/\/news.google.com\/rss\/articles\/CBMilAFBVV95cUxOd3RQUk8wNTlLZFpldWVtMDJ3VXpZczZxYURoMWhfMWkyRjdZa1MxRnNYQm1Gek1OVFp3eGQ1UnloYUQtSXJ4SElaRkpEWHR2V2xMZDhQdDRSQU54RXo3UnFhRWdYTnRyZU1rSDd1eUNRUVFQVWNJdGxyN012M1A2d05nZ2dUckNYZWpxQjRlNDJPUDBO?oc=5\" target=\"_blank\" rel=\"nofollow noopener\">Apledojums un sniegs ietekm\u0113 satiksmi uz valsts autoce\u013ciem<\/a>&nbsp;&nbsp;1188.lv<\/li>\n<li><a href=\"https:\/\/news.google.com\/rss\/articles\/CBMirAFBVV95cUxQc25yODB0VHBzOEhjXzMxLVZzck9hUUZuQ25Hdmt6T1hQRFZoakI5X2c0U1p6WFVYUFBnQmllZEtiaTlXV05qVTVodGNUTGliYnc5N2tobzJnSWswWmRzVUhva2tCOGdHSVZUY3YxY25KLXNQZmNOSkhmZ3NsQk4zbkZvanhvRE5wNkNIc1hVYXRuOHFUNmZQYnFhX2hENkxCR1I2TGdJdlgxdV9a?oc=5\" target=\"_blank\" rel=\"nofollow noopener\">Sniegs un ledus apgr\u016btina brauk\u0161anu vis\u0101 Latvij\u0101 \/ Raksts<\/a>&nbsp;&nbsp;LSM<\/li>\n<li><a href=\"https:\/\/news.google.com\/rss\/articles\/CBMi3gFBVV95cUxQU1VqbXY4ZzVTZ210UW40b3lpNFBROWtvWUlOeWlwTFkzUUhpQWdMR0ZiZS04dGZTSXh6M3lQbTZKckFGMjZ0TVNSTnExc1NkdjU1UW16ZHRhWWVMYUM3cjc4MW5kMy1fNDluc3VZVFRPSnNIODBfYVJQSGhaWGI4Q05NZmtGUkp6QTVuYXA1bEo5TDVqS2wtSGI1cWJrRjJMem1XREd6TjNKZHo5UVRpMFNIRVNFZXdMSU16NWdsNlE4NE9ZTm1WQWxjbzFIdXctYVJtWlZ3cS02REdKcEE?oc=5\" target=\"_blank\" rel=\"nofollow noopener\">Sestdienas pusdienlaik\u0101 uz valsts galvenajiem autoce\u013ciem joproj\u0101m saglab\u0101jas apgr\u016btin\u0101ti brauk\u0161anas apst\u0101k\u013ci<\/a>&nbsp;&nbsp;Jauns.lv<\/li>\n<li><a href=\"https:\/\/news.google.com\/rss\/articles\/CBMipAFBVV95cUxOc2RDVE5lM2JEeE9aazBkNkI1V2RYYkdJMEZhRFU1Z1luOVdhN0t6U0NVV0ptR0w5ZjczV0dqWE5KNWVmZW1LRlotNGwxZFdxOHF3Uk1sWG5pRVFLelhjbVRlRWFZLUVjQUJoejdxc3BvYUoyS183bVFhODdSRHNHeHdwZFpWUTdzTUNmR1ZNTzFwS3lVc1hvLUVjNzRiOUhJNFpxdA?oc=5\" target=\"_blank\" rel=\"nofollow noopener\">Ar\u012b pirmdienas r\u012bt\u0101 sniegs un apledojums apgr\u016btina brauk\u0161anu vis\u0101 Latvij\u0101<\/a>&nbsp;&nbsp;TVNET<\/li>\n<li><a href=\"https:\/\/news.google.com\/rss\/articles\/CBMirAFBVV95cUxNNXpUazIxa3h6Qi1henBqSEhDS2VkdHgzM2QyUjg0UFNWeHYtYzFDRnoxNVVSQjFjZFpiZVE3NDZRWHBqaV9NdXlJdWNydzZaOWtLdV92TFRuYVVYNjZpdUxNTHRubVd4Z24yZUtBeGdraFg0Z3N6TWxXMm9tSy1raktRQjV5SF8xQ3ZROFlsMWxONVFIc21YMndXdXdaU2RYaHk3MXE2dGNhSHVR?oc=5\" target=\"_blank\" rel=\"nofollow noopener\">Video: Daudzviet Kurzem\u0113 un Zemgal\u0113 putenis pamat\u012bgi apgr\u016btina brauk\u0161anu (plkst.14.10)<\/a>&nbsp;&nbsp;Delfi<\/li>\n<\/ol>\n","protected":false},"excerpt":{"rendered":"Apledojums un sniegs ietekm\u0113 satiksmi uz valsts autoce\u013ciem&nbsp;&nbsp;1188.lv Sniegs un ledus apgr\u016btina brauk\u0161anu vis\u0101 Latvij\u0101 \/ Raksts&nbsp;&nbsp;LSM Sestdienas&hellip;\n","protected":false},"author":2,"featured_media":101655,"comment_status":"","ping_status":"","sticky":false,"template":"","format":"standard","meta":{"footnotes":""},"categories":[12],"tags":[129,4274,14891,3296,23,28,29,32,33,22,30,31,35,39,38,36,37,34,40,20,26,27,3297,4275,14892,3298,4276,14893,24,25,21],"class_list":{"0":"post-101654","1":"post","2":"type-post","3":"status-publish","4":"format-standard","5":"has-post-thumbnail","7":"category-latvija","8":"tag-__typenameadvicekeyword","9":"tag-id558","10":"tag-id564","11":"tag-id645","12":"tag-aktualitates","13":"tag-breaking-news","14":"tag-breakingnews","15":"tag-featured-news","16":"tag-featurednews","17":"tag-headlines","18":"tag-latest-news","19":"tag-latestnews","20":"tag-latvia","21":"tag-latvian","22":"tag-latviesu","23":"tag-latviesu-valoda","24":"tag-latviesuvaloda","25":"tag-latvija","26":"tag-lv","27":"tag-news","28":"tag-popularakas-zinas","29":"tag-popularakaszinas","30":"tag-slugautomasinas","31":"tag-slugcelu-satiksme","32":"tag-slugziema","33":"tag-titleautomasinas","34":"tag-titlecelu-satiksme","35":"tag-titleziema","36":"tag-top-stories","37":"tag-topstories","38":"tag-zinas"},"share_on_mastodon":{"url":"https:\/\/pubeurope.com\/@lv\/115880720002182380","error":""},"_links":{"self":[{"href":"https:\/\/www.europesays.com\/lv\/wp-json\/wp\/v2\/posts\/101654","targetHints":{"allow":["GET"]}}],"collection":[{"href":"https:\/\/www.europesays.com\/lv\/wp-json\/wp\/v2\/posts"}],"about":[{"href":"https:\/\/www.europesays.com\/lv\/wp-json\/wp\/v2\/types\/post"}],"author":[{"embeddable":true,"href":"https:\/\/www.europesays.com\/lv\/wp-json\/wp\/v2\/users\/2"}],"replies":[{"embeddable":true,"href":"https:\/\/www.europesays.com\/lv\/wp-json\/wp\/v2\/comments?post=101654"}],"version-history":[{"count":0,"href":"https:\/\/www.europesays.com\/lv\/wp-json\/wp\/v2\/posts\/101654\/revisions"}],"wp:featuredmedia":[{"embeddable":true,"href":"https:\/\/www.europesays.com\/lv\/wp-json\/wp\/v2\/media\/101655"}],"wp:attachment":[{"href":"https:\/\/www.europesays.com\/lv\/wp-json\/wp\/v2\/media?parent=101654"}],"wp:term":[{"taxonomy":"category","embeddable":true,"href":"https:\/\/www.europesays.com\/lv\/wp-json\/wp\/v2\/categories?post=101654"},{"taxonomy":"post_tag","embeddable":true,"href":"https:\/\/www.europesays.com\/lv\/wp-json\/wp\/v2\/tags?post=101654"}],"curies":[{"name":"wp","href":"https:\/\/api.w.org\/{rel}","templated":true}]}}