{"id":101664,"date":"2026-01-12T06:35:10","date_gmt":"2026-01-12T06:35:10","guid":{"rendered":"https:\/\/www.europesays.com\/lv\/101664\/"},"modified":"2026-01-12T06:35:10","modified_gmt":"2026-01-12T06:35:10","slug":"klusie-liecinieki-%e2%9f%a9-pareizticigais-monstrs-jomas-ielas-gala","status":"publish","type":"post","link":"https:\/\/www.europesays.com\/lv\/101664\/","title":{"rendered":"KLUSIE LIECINIEKI \u27e9 Pareiztic\u012bgais monstrs Jomas ielas gal\u0101"},"content":{"rendered":"<p>Katrs, kur\u0161 p\u0113d\u0113jos gados sp\u0113jis dz\u012bvs, \u201cGucci\u201d p\u0113rnaj\u0101 kolekcij\u0101 neiet\u0113rpies un matrjo\u0161ku som\u0101 neieb\u0101zis, noiet visu Jomas ielu J\u016brmal\u0101, zin\u0101s: t\u0101s spic\u0113 jeb, pareiz\u0101k, s\u0101kum\u0101 slejas kr\u0101sains milzu nams ar vair\u0101kiem kupoliem un pareiztic\u012bgo krustiem. Tom\u0113r ne katrs zin\u0101s, ka t\u0101 viet\u0101 reiz bija daudz pietic\u012bg\u0101ka bazn\u012bca, kas pat ar visu Dieva v\u0101rdu nesp\u0113ja st\u0101v\u0113t pret\u012b padomju buldozeram.<\/p>\n","protected":false},"excerpt":{"rendered":"Katrs, kur\u0161 p\u0113d\u0113jos gados sp\u0113jis dz\u012bvs, \u201cGucci\u201d p\u0113rnaj\u0101 kolekcij\u0101 neiet\u0113rpies un matrjo\u0161ku som\u0101 neieb\u0101zis, noiet visu Jomas ielu&hellip;\n","protected":false},"author":2,"featured_media":101665,"comment_status":"","ping_status":"","sticky":false,"template":"","format":"standard","meta":{"footnotes":""},"categories":[12],"tags":[23,453,3034,28,29,32,33,22,114,22395,30,31,35,39,38,36,37,34,7580,40,20,26,27,3124,8514,24,25,297,293,21],"class_list":{"0":"post-101664","1":"post","2":"type-post","3":"status-publish","4":"format-standard","5":"has-post-thumbnail","7":"category-latvija","8":"tag-aktualitates","9":"tag-arhitektura","10":"tag-baznica","11":"tag-breaking-news","12":"tag-breakingnews","13":"tag-featured-news","14":"tag-featurednews","15":"tag-headlines","16":"tag-jurmala","17":"tag-kristietiba","18":"tag-latest-news","19":"tag-latestnews","20":"tag-latvia","21":"tag-latvian","22":"tag-latviesu","23":"tag-latviesu-valoda","24":"tag-latviesuvaloda","25":"tag-latvija","26":"tag-latvijas-vesture","27":"tag-lv","28":"tag-news","29":"tag-popularakas-zinas","30":"tag-popularakaszinas","31":"tag-religija","32":"tag-rolands-virks","33":"tag-top-stories","34":"tag-topstories","35":"tag-tvnet-planeta","36":"tag-vesture","37":"tag-zinas"},"share_on_mastodon":{"url":"https:\/\/pubeurope.com\/@lv\/115880743588771011","error":""},"_links":{"self":[{"href":"https:\/\/www.europesays.com\/lv\/wp-json\/wp\/v2\/posts\/101664","targetHints":{"allow":["GET"]}}],"collection":[{"href":"https:\/\/www.europesays.com\/lv\/wp-json\/wp\/v2\/posts"}],"about":[{"href":"https:\/\/www.europesays.com\/lv\/wp-json\/wp\/v2\/types\/post"}],"author":[{"embeddable":true,"href":"https:\/\/www.europesays.com\/lv\/wp-json\/wp\/v2\/users\/2"}],"replies":[{"embeddable":true,"href":"https:\/\/www.europesays.com\/lv\/wp-json\/wp\/v2\/comments?post=101664"}],"version-history":[{"count":0,"href":"https:\/\/www.europesays.com\/lv\/wp-json\/wp\/v2\/posts\/101664\/revisions"}],"wp:featuredmedia":[{"embeddable":true,"href":"https:\/\/www.europesays.com\/lv\/wp-json\/wp\/v2\/media\/101665"}],"wp:attachment":[{"href":"https:\/\/www.europesays.com\/lv\/wp-json\/wp\/v2\/media?parent=101664"}],"wp:term":[{"taxonomy":"category","embeddable":true,"href":"https:\/\/www.europesays.com\/lv\/wp-json\/wp\/v2\/categories?post=101664"},{"taxonomy":"post_tag","embeddable":true,"href":"https:\/\/www.europesays.com\/lv\/wp-json\/wp\/v2\/tags?post=101664"}],"curies":[{"name":"wp","href":"https:\/\/api.w.org\/{rel}","templated":true}]}}