{"id":101678,"date":"2026-01-12T06:45:07","date_gmt":"2026-01-12T06:45:07","guid":{"rendered":"https:\/\/www.europesays.com\/lv\/101678\/"},"modified":"2026-01-12T06:45:07","modified_gmt":"2026-01-12T06:45:07","slug":"37-uznemeju-kiberdrosibu-savos-uznemumos-uzskata-par-augstu-1188-lv","status":"publish","type":"post","link":"https:\/\/www.europesays.com\/lv\/101678\/","title":{"rendered":"37% uz\u0146\u0113m\u0113ju kiberdro\u0161\u012bbu savos uz\u0146\u0113mumos uzskata par augstu &#8211; 1188.lv"},"content":{"rendered":"<ol>\n<li><a href=\"https:\/\/news.google.com\/rss\/articles\/CBMilgFBVV95cUxNcFhPU2FWNWU4V1RGeG5pMGtmZDNmb0lOS0hON2NuSUM5LWJ0OWY3OG1FdUdBYUJFUXNFZDJ4S3gtSkNudHhyS3A4Y2NJaUxGRkstaTlPUFdGLUJtdk43VXhQT0x4b0xrSnI0RERka3RWVWRldFN0dERQTE81TUNoNEFNdlZ2bjBDVzZzdWZpVy1IU2JWVFE?oc=5\" target=\"_blank\" rel=\"nofollow noopener\">37% uz\u0146\u0113m\u0113ju kiberdro\u0161\u012bbu savos uz\u0146\u0113mumos uzskata par augstu<\/a>&nbsp;&nbsp;1188.lv<\/li>\n<li><a href=\"https:\/\/news.google.com\/rss\/articles\/CBMivgFBVV95cUxNeWRFczJZeENUcVRrU050MlQxTGl1VXRyamNYcTZnaW1hMEFxNnBXUnpzZ0VqU2EwV0RFWWI3amdSVWdxaThSRzJ3QkZ0MzVkUDNtSlRzNlVUb0xUWERFWHVJemFybk8ySXN5VEVicE12RFdPWEpzVXlZbEl5RTQ1VUVNMnFJTTZYWUdpRk5hX3VSN1B4M3pqUGJucTNFdU5DQ08tQTJrYXdEUy1kM3hMTnhyM3lrd25DRWlBbTd3?oc=5\" target=\"_blank\" rel=\"nofollow noopener\">Uz\u0146\u0113mumi aicin\u0101ti pieteikties &#8220;Kickstart&#8221; kiberdro\u0161\u012bbas treni\u0146am R\u012bg\u0101<\/a>&nbsp;&nbsp;Delfi<\/li>\n<li><a href=\"https:\/\/news.google.com\/rss\/articles\/CBMiwgFBVV95cUxQUUZTbFlxczhNY21LclJQRWNBQUpNZUZDcExKT3lzdXdNVjNtbUVfU0s3RDkzcHIyMG9IMURvdlY3LVM1eHI5Q1ZvTzYyQVRYTEQ5R1lGNHpweTBYdkhjdEhraldzdS1nUmNrb0JHWlZYS3FPd2FsdU42cHNaWG9WWWVWSW9SWXhHWjM2SGNuX1htTDB4QThyV01ubGVaUzFPd1NVZVpwclpsT0ZQeVh6VUJkYmJiQm1IMjI3cGZwa09pQQ?oc=5\" target=\"_blank\" rel=\"nofollow noopener\">P\u0113t\u012bjums: Katram otrajam Latvijas uz\u0146\u0113mumam kiberdro\u0161\u012bba ir zem\u0101 vai viduv\u0113j\u0101 l\u012bmen\u012b<\/a>&nbsp;&nbsp;lente.lv<\/li>\n<li><a href=\"https:\/\/news.google.com\/rss\/articles\/CBMiqwFBVV95cUxNOFVhNjdzOVBUZVYzV1ZsTy1xS3FZaHBVbEFXQkNUeWZnb2xnZ0EwRkwxTGZEb1lWTG1BRGQyOGxzWDZaWGo3Nkx0ZmZoSnhNSzV2NWtDVHQ0VEswVUEyVlRGejl0TGdfMDBaZXFKZVd4SUtkSTlFNE9qWWFDZUFiXzdtc1FSeEZUUVd6NjJZTTk0ZkJ6RnNKekxGQW5oSjJBZGNlQjVOUy1ETEk?oc=5\" target=\"_blank\" rel=\"nofollow noopener\">Katram otrajam Latvijas uz\u0146\u0113mumam kiberdro\u0161\u012bba ir zem\u0101 vai viduv\u0113j\u0101 l\u012bmen\u012b<\/a>&nbsp;&nbsp;Labs of Latvia<\/li>\n<li><a href=\"https:\/\/news.google.com\/rss\/articles\/CBMi5gFBVV95cUxObFFpOExvaDNnQ05kWnk4bDI2OC1oX1ZzMGFEWm5RcTBLR3BDa2I1TE41Wm9kQVZvUkx0djNjS3plSDh5VldkU2NFSlFOVFlad2xESXhSOG1Yb1lNSmVBS3lhNUdwSmwwRHRmNEdCWHhUSDEtZDdvQzJLVGRaWGtvcFBQMUt6V0lhTm1hY0dqZm9PZXJXZm9QTWRscGVKcUNfNFdOQnZoZ1pRMmlfNGpYMVMxUFc3S1dYR3VOdFJtbjFGSU5yWmFEbWdrNGJUYjBockVhcENzOUw0cWRLdW8zWWFEU1V2dw?oc=5\" target=\"_blank\" rel=\"nofollow noopener\">Katram otrajam Latvijas uz\u0146\u0113mumam kiberdro\u0161\u012bba ir zem\u0101 vai viduv\u0113j\u0101 l\u012bmen\u012b, liecina aptauja<\/a>&nbsp;&nbsp;Delfi<\/li>\n<\/ol>\n","protected":false},"excerpt":{"rendered":"37% uz\u0146\u0113m\u0113ju kiberdro\u0161\u012bbu savos uz\u0146\u0113mumos uzskata par augstu&nbsp;&nbsp;1188.lv Uz\u0146\u0113mumi aicin\u0101ti pieteikties &#8220;Kickstart&#8221; kiberdro\u0161\u012bbas treni\u0146am R\u012bg\u0101&nbsp;&nbsp;Delfi P\u0113t\u012bjums: Katram otrajam&hellip;\n","protected":false},"author":2,"featured_media":101679,"comment_status":"","ping_status":"","sticky":false,"template":"","format":"standard","meta":{"footnotes":""},"categories":[16],"tags":[129,24757,77,76,35,39,38,36,37,34,40,24758,24759],"class_list":{"0":"post-101678","1":"post","2":"type-post","3":"status-publish","4":"format-standard","5":"has-post-thumbnail","7":"category-bizness","8":"tag-__typenameadvicekeyword","9":"tag-id1252","10":"tag-bizness","11":"tag-business","12":"tag-latvia","13":"tag-latvian","14":"tag-latviesu","15":"tag-latviesu-valoda","16":"tag-latviesuvaloda","17":"tag-latvija","18":"tag-lv","19":"tag-slugkiberdrosiba","20":"tag-titlekiberdrosiba"},"share_on_mastodon":{"url":"https:\/\/pubeurope.com\/@lv\/115880783003194644","error":""},"_links":{"self":[{"href":"https:\/\/www.europesays.com\/lv\/wp-json\/wp\/v2\/posts\/101678","targetHints":{"allow":["GET"]}}],"collection":[{"href":"https:\/\/www.europesays.com\/lv\/wp-json\/wp\/v2\/posts"}],"about":[{"href":"https:\/\/www.europesays.com\/lv\/wp-json\/wp\/v2\/types\/post"}],"author":[{"embeddable":true,"href":"https:\/\/www.europesays.com\/lv\/wp-json\/wp\/v2\/users\/2"}],"replies":[{"embeddable":true,"href":"https:\/\/www.europesays.com\/lv\/wp-json\/wp\/v2\/comments?post=101678"}],"version-history":[{"count":0,"href":"https:\/\/www.europesays.com\/lv\/wp-json\/wp\/v2\/posts\/101678\/revisions"}],"wp:featuredmedia":[{"embeddable":true,"href":"https:\/\/www.europesays.com\/lv\/wp-json\/wp\/v2\/media\/101679"}],"wp:attachment":[{"href":"https:\/\/www.europesays.com\/lv\/wp-json\/wp\/v2\/media?parent=101678"}],"wp:term":[{"taxonomy":"category","embeddable":true,"href":"https:\/\/www.europesays.com\/lv\/wp-json\/wp\/v2\/categories?post=101678"},{"taxonomy":"post_tag","embeddable":true,"href":"https:\/\/www.europesays.com\/lv\/wp-json\/wp\/v2\/tags?post=101678"}],"curies":[{"name":"wp","href":"https:\/\/api.w.org\/{rel}","templated":true}]}}