{"id":101719,"date":"2026-01-12T07:23:12","date_gmt":"2026-01-12T07:23:12","guid":{"rendered":"https:\/\/www.europesays.com\/lv\/101719\/"},"modified":"2026-01-12T07:23:12","modified_gmt":"2026-01-12T07:23:12","slug":"foto-%e2%9f%a9-svetdien-lacenei-ilzitei-25-gadu-jubilejas-svinibas","status":"publish","type":"post","link":"https:\/\/www.europesays.com\/lv\/101719\/","title":{"rendered":"FOTO \u27e9 Sv\u0113tdien L\u0101cenei Ilz\u012btei 25 gadu jubilejas svin\u012bbas"},"content":{"rendered":"<p>L\u0101cenei dzim\u0161anas dien\u0101 plkst. 12 bija \u012bpa\u0161s sv\u0113tku cienasts, bet sv\u0113tku viesus jeb L\u012bgatnes dabas taku apmekl\u0113t\u0101jus cien\u0101ja ar siltu zupu un t\u0113ju.<\/p>\n<p>Vis\u0101m Ilz\u0113m un person\u0101m, kas dzimu\u0161as 11. janv\u0101r\u012b, \u0161odien ieeja L\u012bgatnes dabas tak\u0101s bija ar 50% atlaidi.<\/p>\n<p>Par godu Ilz\u012btes jubilejai tiek organiz\u0113ts ar\u012b z\u012bm\u0113jumu konkurss &#8220;Daudz laimes, l\u0101cenei Ilz\u012btei!&#8221;, kur\u0101 aicin\u0101ti piedal\u012bties skol\u0113ni vecum\u0101 no septi\u0146iem l\u012bdz 12 gadiem.<\/p>\n<p>Skol\u0113nu z\u012bm\u0113tie apsveikumi j\u0101s\u016bta uz Dabas aizsardz\u012bbas p\u0101rvaldi l\u012bdz 18. janv\u0101rim, savuk\u0101rt 21. janv\u0101r\u012b izlozes k\u0101rt\u012bb\u0101 noteiks \u010detrus balvu ieguv\u0113jus. Viens uzvar\u0113t\u0101js sa\u0146ems bezmaksas klases vai \u0123imenes apmekl\u0113jumu L\u012bgatnes dabas tak\u0101s, bet v\u0113l tr\u012bs uzvar\u0113t\u0101ji sa\u0146ems L\u012bgatnes dabas taku gr\u0101matu &#8220;Mana adrese &#8211; Me\u017es&#8221;.<\/p>\n<p>Reinika atg\u0101din\u0101ja, ka sabiedr\u012bba ar lielu interesi sekojusi l\u012bdzi Ilz\u012btes dz\u012bvei jau kop\u0161 vi\u0146as dzim\u0161anas. <a href=\"https:\/\/www.apollo.lv\/term\/848821\/lacene\" class=\"topicLink\" target=\"_blank\" rel=\"nofollow noopener\">L\u0101cene<\/a> piedal\u012bjusies dokument\u0101laj\u0101s un m\u0101kslas film\u0101s, iem\u016b\u017ein\u0101ta dabas fotogr\u0101fu darbos un ik dienu priec\u0113 L\u012bgatnes dabas taku apmekl\u0113t\u0101jus.<\/p>\n","protected":false},"excerpt":{"rendered":"L\u0101cenei dzim\u0161anas dien\u0101 plkst. 12 bija \u012bpa\u0161s sv\u0113tku cienasts, bet sv\u0113tku viesus jeb L\u012bgatnes dabas taku apmekl\u0113t\u0101jus cien\u0101ja&hellip;\n","protected":false},"author":2,"featured_media":101720,"comment_status":"","ping_status":"","sticky":false,"template":"","format":"standard","meta":{"footnotes":""},"categories":[12],"tags":[23,28,29,32,33,22,24769,24768,30,31,35,39,38,36,37,34,24313,40,20,26,27,24,25,21],"class_list":{"0":"post-101719","1":"post","2":"type-post","3":"status-publish","4":"format-standard","5":"has-post-thumbnail","7":"category-latvija","8":"tag-aktualitates","9":"tag-breaking-news","10":"tag-breakingnews","11":"tag-featured-news","12":"tag-featurednews","13":"tag-headlines","14":"tag-lacene","15":"tag-lacene-ilzite","16":"tag-latest-news","17":"tag-latestnews","18":"tag-latvia","19":"tag-latvian","20":"tag-latviesu","21":"tag-latviesu-valoda","22":"tag-latviesuvaloda","23":"tag-latvija","24":"tag-ligatnes-dabas-takas","25":"tag-lv","26":"tag-news","27":"tag-popularakas-zinas","28":"tag-popularakaszinas","29":"tag-top-stories","30":"tag-topstories","31":"tag-zinas"},"share_on_mastodon":{"url":"https:\/\/pubeurope.com\/@lv\/115880932422614516","error":""},"_links":{"self":[{"href":"https:\/\/www.europesays.com\/lv\/wp-json\/wp\/v2\/posts\/101719","targetHints":{"allow":["GET"]}}],"collection":[{"href":"https:\/\/www.europesays.com\/lv\/wp-json\/wp\/v2\/posts"}],"about":[{"href":"https:\/\/www.europesays.com\/lv\/wp-json\/wp\/v2\/types\/post"}],"author":[{"embeddable":true,"href":"https:\/\/www.europesays.com\/lv\/wp-json\/wp\/v2\/users\/2"}],"replies":[{"embeddable":true,"href":"https:\/\/www.europesays.com\/lv\/wp-json\/wp\/v2\/comments?post=101719"}],"version-history":[{"count":0,"href":"https:\/\/www.europesays.com\/lv\/wp-json\/wp\/v2\/posts\/101719\/revisions"}],"wp:featuredmedia":[{"embeddable":true,"href":"https:\/\/www.europesays.com\/lv\/wp-json\/wp\/v2\/media\/101720"}],"wp:attachment":[{"href":"https:\/\/www.europesays.com\/lv\/wp-json\/wp\/v2\/media?parent=101719"}],"wp:term":[{"taxonomy":"category","embeddable":true,"href":"https:\/\/www.europesays.com\/lv\/wp-json\/wp\/v2\/categories?post=101719"},{"taxonomy":"post_tag","embeddable":true,"href":"https:\/\/www.europesays.com\/lv\/wp-json\/wp\/v2\/tags?post=101719"}],"curies":[{"name":"wp","href":"https:\/\/api.w.org\/{rel}","templated":true}]}}