{"id":101724,"date":"2026-01-12T07:26:08","date_gmt":"2026-01-12T07:26:08","guid":{"rendered":"https:\/\/www.europesays.com\/lv\/101724\/"},"modified":"2026-01-12T07:26:08","modified_gmt":"2026-01-12T07:26:08","slug":"muziba-devusies-latvijas-basketbola-legenda-uljana-semjonova-lente-lv","status":"publish","type":"post","link":"https:\/\/www.europesays.com\/lv\/101724\/","title":{"rendered":"M\u016b\u017e\u012bb\u0101 devusies Latvijas basketbola le\u0123enda U\u013cjana Semjonova\u00a0\u2014\u00a0Lente.lv"},"content":{"rendered":"<p>M\u016b\u017e\u012bb\u0101 aizsaukta viena no visu laiku izcil\u0101kaj\u0101m basketbolist\u0113m \u2013 U\u013cjana Semjonova<\/p>\n<p>Ceturtdien, 2026. gada 8. janv\u0101r\u012b, 73 gadu vecum\u0101 m\u016b\u017e\u012bb\u0101 aizg\u0101jusi le\u0123end\u0101r\u0101 Latvijas un pasaules basketbola zvaigzne U\u013cjana Semjonova. \u0160o skumjo v\u0113sti apstiprin\u0101jusi Latvijas Basketbola savien\u012bba (LBS), v\u0113sta port\u0101ls NRA. Semjonova bija ne tikai izcila sportiste, bet ar\u012b cilv\u0113ks, kas ar lepnumu nesa Latvijas v\u0101rdu pasaul\u0113 un iedvesmoja vair\u0101kas paaudzes.<\/p>\n<p>K\u0101 inform\u0113 port\u0101ls NRA, U\u013cjana Semjonova (\u012bstaj\u0101 v\u0101rd\u0101 Iulijaka Semjonova) dzimusi 1952. gada 9. mart\u0101 Lietuvas pils\u0113t\u0101 Zarasos. Vi\u0146as dz\u012bve un karjera ir cie\u0161i saist\u012bta ar Latviju, kur vi\u0146a s\u0101ka savas basketbolistes gaitas 13 gadu vecum\u0101. Jau 1965. gad\u0101 vi\u0146a tika aicin\u0101ta uz R\u012bgu, lai m\u0101c\u012btos jaunie\u0161u sporta skol\u0101.<\/p>\n<p>Basketbola karjera un neaizst\u0101jamie sasniegumi<\/p>\n<p>U\u013cjana Semjonova bija R\u012bgas \u201cTTT\u201d komandas l\u012bdere no 1968. l\u012bdz 1987. gadam, k\u013c\u016bstot par 11 reizes Eiropas \u010dempionvien\u012bbu kausa ieguv\u0113ju un 15 reizes Padomju Savien\u012bbas \u010dempioni. Vi\u0146as augums, kas ofici\u0101li tika nor\u0101d\u012bts k\u0101 210 cm, bet da\u017eviet min\u0113ts pat 213 cm, kop\u0101 ar lielisko fizisko sagatavot\u012bbu, nosl\u012bp\u0113to tehniku un dzi\u013co basketbola izpratni, padar\u012bja vi\u0146u par neaizst\u0101jamu un nep\u0101rsp\u0113jamu sp\u0113l\u0113t\u0101ju.<\/p>\n<p>Sp\u0113l\u0113jot Padomju Savien\u012bbas izlas\u0113, Semjonova k\u013cuva par divk\u0101rt\u0113ju olimpisko \u010dempioni (1976., 1980. g.), tr\u012bs reizes izc\u012bn\u012bja pasaules \u010dempiones titulu (1971., 1975., 1983. g.) un desmit reizes k\u013cuva par Eiropas \u010dempioni (no 1968. l\u012bdz 1985. gadam). Vi\u0146a ir viena no sp\u0113l\u0113t\u0101j\u0101m ar visvair\u0101k izc\u012bn\u012btaj\u0101m meda\u013c\u0101m sporta v\u0113stur\u0113, savas karjeras laik\u0101 ieguvusi ap 45 meda\u013c\u0101m.<\/p>\n<p>Atzin\u012bba un slava pasaules m\u0113rog\u0101<\/p>\n<p>U\u013cjanas Semjonovas sasniegumi basketbol\u0101 tika nov\u0113rt\u0113ti pasaules l\u012bmen\u012b. 1993. gad\u0101 vi\u0146a k\u013cuva par pirmo Eiropas basketbolisti, kas tika uz\u0146emta Pasaules basketbola slavas z\u0101l\u0113 Springf\u012bld\u0101, ASV. 1999. gad\u0101 vi\u0146as v\u0101rds tika ierakst\u012bts Sievie\u0161u basketbola slavas z\u0101l\u0113 Noksvil\u0101, bet 2007. gad\u0101 \u2013 FIBA Slavas z\u0101l\u0113. Vi\u0146a tika atz\u012bta par Latvijas lab\u0101ko basketbolisti 20. gadsimt\u0101 un sa\u0146\u0113musi Latvijas sporta Gada balvu \u201cPar m\u016b\u017ea ieguld\u012bjumu sport\u0101\u201d.<\/p>\n<p>Dz\u012bves p\u0113d\u0113jie gadi un mantojums<\/p>\n<p>P\u0113c sportistes karjeras beig\u0101m U\u013cjana Semjonova akt\u012bvi darboj\u0101s sabiedriskaj\u0101 dz\u012bv\u0113, vadot Latvijas Olimpie\u0161u soci\u0101lo fondu un organiz\u0113jot pal\u012bdz\u012bbu sporta veter\u0101niem. Lai gan p\u0113d\u0113jos gados Semjonova sask\u0101r\u0101s ar nopietn\u0101m vesel\u012bbas probl\u0113m\u0101m, tostarp k\u0101jas amput\u0101ciju, vi\u0146a nekad nezaud\u0113ja optimismu un interesi par sporta noris\u0113m.<\/p>\n<p>Latvijas sporta sabiedr\u012bba un augst\u0101k\u0101s amatpersonas pau\u017e dzi\u013cu l\u012bdzj\u016bt\u012bbu Semjonovas tuviniekiem, draugiem un visai Latvijas sporta saimei. Valsts prezidents Edgars Rink\u0113vi\u010ds uzsv\u0113ris, ka Latviju piemekl\u0113jis v\u0113l viens milz\u012bgs zaud\u0113jums, raksturojot Semjonovu k\u0101 \u201cOlimpisko, pasaules un Eiropas basketbola zelta meiteni, \u013coti sirsn\u012bgu un atsauc\u012bgu cilv\u0113ku\u201d. Premjerministre Evika Sili\u0146a atz\u012bm\u0113jusi, ka Semjonovas talants un neatlaid\u012bba iedvesmoju\u0161as vair\u0101kas paaudzes tic\u0113t saviem sp\u0113kiem un valstij.<\/p>\n<p>U\u013cjanas Semjonovas aizie\u0161ana ir milz\u012bgs zaud\u0113jums Latvijas sportam, ta\u010du vi\u0146as le\u0123end\u0101rais v\u0101rds un sasniegumi vienm\u0113r paliks ierakst\u012bti Latvijas sporta v\u0113stur\u0113 k\u0101 piem\u0113rs izcil\u012bbai un neatlaid\u012bgam darbam.<\/p>\n","protected":false},"excerpt":{"rendered":"M\u016b\u017e\u012bb\u0101 aizsaukta viena no visu laiku izcil\u0101kaj\u0101m basketbolist\u0113m \u2013 U\u013cjana Semjonova Ceturtdien, 2026. gada 8. janv\u0101r\u012b, 73 gadu&hellip;\n","protected":false},"author":2,"featured_media":101725,"comment_status":"","ping_status":"","sticky":false,"template":"","format":"standard","meta":{"footnotes":""},"categories":[17],"tags":[35,39,38,36,37,34,7194,1314,40,22381,67,2150,11634],"class_list":{"0":"post-101724","1":"post","2":"type-post","3":"status-publish","4":"format-standard","5":"has-post-thumbnail","7":"category-sports","8":"tag-latvia","9":"tag-latvian","10":"tag-latviesu","11":"tag-latviesu-valoda","12":"tag-latviesuvaloda","13":"tag-latvija","14":"tag-latvijas-basketbola-savieniba","15":"tag-latvijas-basketbols","16":"tag-lv","17":"tag-sporta-legenda","18":"tag-sports","19":"tag-ttt-riga","20":"tag-uljana-semjonova"},"share_on_mastodon":{"url":"https:\/\/pubeurope.com\/@lv\/115880944110392141","error":""},"_links":{"self":[{"href":"https:\/\/www.europesays.com\/lv\/wp-json\/wp\/v2\/posts\/101724","targetHints":{"allow":["GET"]}}],"collection":[{"href":"https:\/\/www.europesays.com\/lv\/wp-json\/wp\/v2\/posts"}],"about":[{"href":"https:\/\/www.europesays.com\/lv\/wp-json\/wp\/v2\/types\/post"}],"author":[{"embeddable":true,"href":"https:\/\/www.europesays.com\/lv\/wp-json\/wp\/v2\/users\/2"}],"replies":[{"embeddable":true,"href":"https:\/\/www.europesays.com\/lv\/wp-json\/wp\/v2\/comments?post=101724"}],"version-history":[{"count":0,"href":"https:\/\/www.europesays.com\/lv\/wp-json\/wp\/v2\/posts\/101724\/revisions"}],"wp:featuredmedia":[{"embeddable":true,"href":"https:\/\/www.europesays.com\/lv\/wp-json\/wp\/v2\/media\/101725"}],"wp:attachment":[{"href":"https:\/\/www.europesays.com\/lv\/wp-json\/wp\/v2\/media?parent=101724"}],"wp:term":[{"taxonomy":"category","embeddable":true,"href":"https:\/\/www.europesays.com\/lv\/wp-json\/wp\/v2\/categories?post=101724"},{"taxonomy":"post_tag","embeddable":true,"href":"https:\/\/www.europesays.com\/lv\/wp-json\/wp\/v2\/tags?post=101724"}],"curies":[{"name":"wp","href":"https:\/\/api.w.org\/{rel}","templated":true}]}}