{"id":101726,"date":"2026-01-12T07:34:08","date_gmt":"2026-01-12T07:34:08","guid":{"rendered":"https:\/\/www.europesays.com\/lv\/101726\/"},"modified":"2026-01-12T07:34:08","modified_gmt":"2026-01-12T07:34:08","slug":"101-gada-vecuma-muziba-devies-atmodas-laika-personiba-zinatnieks-janis-danoss","status":"publish","type":"post","link":"https:\/\/www.europesays.com\/lv\/101726\/","title":{"rendered":"101 gada vecum\u0101 m\u016b\u017e\u012bb\u0101 devies atmodas laika person\u012bba, zin\u0101tnieks J\u0101nis Danoss"},"content":{"rendered":"<p class=\"lead\">\n                                Sv\u0113tdien, 11. janv\u0101r\u012b, 101 gada vecum\u0101 m\u016b\u017e\u012bb\u0101 aizg\u0101jis latvie\u0161u zin\u0101tnieks un atmodas laika sabiedriskais akt\u012bvists J\u0101nis Danoss, soci\u0101lajos medijos apliecin\u0101jusi vi\u0146a mazmeita Una Rozenbauma.\n                            <\/p>\n<p>J\u0101nis Danoss dzimis 1924. gada 18. j\u016blij\u0101.<\/p>\n<p>Vi\u0146\u0161 bija viens no 1988. gada Tautu foruma aicin\u0101juma parakst\u012bt\u0101jiem, bet Atmodas laik\u0101 darboj\u0101s k\u0101 Latvijas Tautas frontes referents. \u0160aj\u0101 status\u0101 Danoss bija iesaist\u012bts ar\u012b vienas no liel\u0101kaj\u0101m latvie\u0161u tautas manifest\u0101cij\u0101m organiz\u0113\u0161an\u0101 1988. gada 7. oktobr\u012b. V\u0113l\u0101k vi\u0146\u0161 ar\u012b dibin\u0101ja Latvijas Liber\u0101lo partiju.<\/p>\n<p>Danosa dz\u012bve aptv\u0113ra vair\u0101kus Latvijas v\u0113stures posmus un bija bag\u0101ta gan ar zin\u0101tnisku darbu, gan person\u012bgiem piedz\u012bvojumiem. Vi\u0146\u0161 bija daudzpus\u012bga person\u012bba ar pla\u0161u intere\u0161u loku \u2013 no dabaszin\u0101tn\u0113m l\u012bdz alp\u012bnismam, no valodniec\u012bbas l\u012bdz filozofisk\u0101m p\u0101rdom\u0101m par cilv\u0113ka uztveri un dom\u0101\u0161anu.<\/p>\n<p>Dz\u012bves laik\u0101 Danoss apguva vair\u0101kas valodas, las\u012bja milz\u012bgu daudzumu gr\u0101matu un<\/p>\n<blockquote>\n<p>dom\u0101ja j\u0113dzienos, nevis v\u0101rdos.<\/p>\n<\/blockquote>\n<p>Vi\u0146a dz\u012bvesveidu raksturoja kust\u012bba, m\u0113ren\u012bba un discipl\u012bna \u2013 alkoholu vi\u0146\u0161 bija atmetis jau pirms piecdesmit gadiem, iev\u0113roja sabalans\u0113tu uzturu un augstu v\u0113rt\u0113ja dabiskumu.<\/p>\n<p>\u0122imene vi\u0146a dz\u012bv\u0113 ie\u0146\u0113ma \u012bpa\u0161u vietu \u2013 J\u0101nim Danosam bija septi\u0146i b\u0113rni, vair\u0101k nek\u0101 divdesmit mazb\u0113rnu un ar\u012b mazmazb\u0113rni, izkais\u012bti da\u017e\u0101d\u0101s pasaules valst\u012bs. Par savu liel\u0101ko veiksmi vi\u0146\u0161 uzskat\u012bja sievu Zintu, ar kuru kop\u0101 pavad\u012bja gandr\u012bz pusi m\u016b\u017ea.<\/p>\n<p>J\u0101nis Danoss paliks atmi\u0146\u0101 k\u0101 spilgta, pretrun\u012bga un drosm\u012bgi atkl\u0101ta person\u012bba, kuras intelektu\u0101lais nemiers un dz\u012bves apet\u012bte neaps\u012bka pat simtgades slieksn\u012b.<\/p>\n<p class=\"paragraph-muted\">Izv\u0113lies savu soct\u012bklu platformu, lai sekotu LASI.LV: <a href=\"https:\/\/www.facebook.com\/portals.lasi.lv\" target=\"_blank\" rel=\"noopener noreferrer nofollow\">Facebook<\/a>, <a href=\"https:\/\/twitter.com\/lasilvportals\" target=\"_blank\" rel=\"noopener noreferrer nofollow\">X<\/a>, <a href=\"https:\/\/bsky.app\/profile\/lasilv.bsky.social\" target=\"_blank\" rel=\"noopener noreferrer nofollow\">Bluesky<\/a>, <a href=\"https:\/\/www.draugiem.lv\/lasilv\/?pg=4\" target=\"_blank\" rel=\"noopener noreferrer nofollow\">Draugiem<\/a>, <a href=\"https:\/\/www.threads.com\/@lasilv_zinas\" rel=\"nofollow noopener\" target=\"_blank\">Threads<\/a> vai ar\u012b <a href=\"https:\/\/www.instagram.com\/lasilv_zinas\/\" target=\"_blank\" rel=\"noopener noreferrer nofollow\">Instagram<\/a>. Pievienojies m\u016bsu las\u012bt\u0101ju pulkam, lai sa\u0146emtu \u012bpa\u0161i tev atlas\u012btu noder\u012bgu, praktisku un aktu\u0101lu saturu.\u00a0<\/p>\n<p style=\"margin-left:auto;\">Pieraksties LASI.LV redaktora v\u0113stkopai <a href=\"https:\/\/lasi.lv\/vestkopa\/lasi-lv-galvena-redaktora-vestkopa\" rel=\"nofollow noopener\" target=\"_blank\">\u0161eit<\/a>.<\/p>\n<p>Pieraksties v\u0113stkopai un divas reizes ned\u0113\u013c\u0101 sa\u0146em padzi\u013cin\u0101tu LASI.LV galven\u0101 redaktora aktu\u0101lo zi\u0146u, kompetentu viedok\u013cu un interesant\u0101ko interviju apkopojumu.<\/p>\n<p>Ko tu sa\u0146emsi:<\/p>\n<ul>\n<li>Daudzveid\u012bgus koment\u0101rus un kompetentus Latvijas Mediju \u017eurn\u0101listu un autoru viedok\u013cus par aktu\u0101lo<\/li>\n<li>Ekspertu koment\u0101rus par da\u017e\u0101diem praktiskiem, noder\u012bgiem tematiem<\/li>\n<li>Aizraujo\u0161us materi\u0101lus par v\u0113sturi, psiholo\u0123iju, kult\u016bru<\/li>\n<li>Gata \u0160\u013c\u016bkas karikat\u016bru<\/li>\n<li>Tav\u0101 e-pasta kast\u012bt\u0113 katru ceturtdienu<\/li>\n<\/ul>\n<p style=\"margin-left:auto;\">\u00a0<\/p>\n<p><script async src=\"https:\/\/platform.twitter.com\/widgets.js\" charset=\"utf-8\"><\/script><script async src=\"\/\/www.instagram.com\/embed.js\"><\/script><\/p>\n","protected":false},"excerpt":{"rendered":"Sv\u0113tdien, 11. janv\u0101r\u012b, 101 gada vecum\u0101 m\u016b\u017e\u012bb\u0101 aizg\u0101jis latvie\u0161u zin\u0101tnieks un atmodas laika sabiedriskais akt\u012bvists J\u0101nis Danoss, soci\u0101lajos&hellip;\n","protected":false},"author":2,"featured_media":101727,"comment_status":"","ping_status":"","sticky":false,"template":"","format":"standard","meta":{"footnotes":""},"categories":[12],"tags":[23,28,29,32,33,22,30,31,35,39,38,36,37,34,40,20,26,27,24,25,21],"class_list":{"0":"post-101726","1":"post","2":"type-post","3":"status-publish","4":"format-standard","5":"has-post-thumbnail","7":"category-latvija","8":"tag-aktualitates","9":"tag-breaking-news","10":"tag-breakingnews","11":"tag-featured-news","12":"tag-featurednews","13":"tag-headlines","14":"tag-latest-news","15":"tag-latestnews","16":"tag-latvia","17":"tag-latvian","18":"tag-latviesu","19":"tag-latviesu-valoda","20":"tag-latviesuvaloda","21":"tag-latvija","22":"tag-lv","23":"tag-news","24":"tag-popularakas-zinas","25":"tag-popularakaszinas","26":"tag-top-stories","27":"tag-topstories","28":"tag-zinas"},"share_on_mastodon":{"url":"https:\/\/pubeurope.com\/@lv\/115880975602555624","error":""},"_links":{"self":[{"href":"https:\/\/www.europesays.com\/lv\/wp-json\/wp\/v2\/posts\/101726","targetHints":{"allow":["GET"]}}],"collection":[{"href":"https:\/\/www.europesays.com\/lv\/wp-json\/wp\/v2\/posts"}],"about":[{"href":"https:\/\/www.europesays.com\/lv\/wp-json\/wp\/v2\/types\/post"}],"author":[{"embeddable":true,"href":"https:\/\/www.europesays.com\/lv\/wp-json\/wp\/v2\/users\/2"}],"replies":[{"embeddable":true,"href":"https:\/\/www.europesays.com\/lv\/wp-json\/wp\/v2\/comments?post=101726"}],"version-history":[{"count":0,"href":"https:\/\/www.europesays.com\/lv\/wp-json\/wp\/v2\/posts\/101726\/revisions"}],"wp:featuredmedia":[{"embeddable":true,"href":"https:\/\/www.europesays.com\/lv\/wp-json\/wp\/v2\/media\/101727"}],"wp:attachment":[{"href":"https:\/\/www.europesays.com\/lv\/wp-json\/wp\/v2\/media?parent=101726"}],"wp:term":[{"taxonomy":"category","embeddable":true,"href":"https:\/\/www.europesays.com\/lv\/wp-json\/wp\/v2\/categories?post=101726"},{"taxonomy":"post_tag","embeddable":true,"href":"https:\/\/www.europesays.com\/lv\/wp-json\/wp\/v2\/tags?post=101726"}],"curies":[{"name":"wp","href":"https:\/\/api.w.org\/{rel}","templated":true}]}}