{"id":101734,"date":"2026-01-12T07:41:06","date_gmt":"2026-01-12T07:41:06","guid":{"rendered":"https:\/\/www.europesays.com\/lv\/101734\/"},"modified":"2026-01-12T07:41:06","modified_gmt":"2026-01-12T07:41:06","slug":"australijas-parlamentu-atsauc-no-brivdienam-balsosanai-par-ierocu-likumu-pastiprinasanu-raksts","status":"publish","type":"post","link":"https:\/\/www.europesays.com\/lv\/101734\/","title":{"rendered":"Austr\u0101lijas parlamentu atsauc no br\u012bvdien\u0101m balso\u0161anai par iero\u010du likumu pastiprin\u0101\u0161anu \/ Raksts"},"content":{"rendered":"<p>Austr\u0101lijas premjerministrs Entonijs Alban\u012bzs atsauks parlamenta deput\u0101tus no br\u012bvdien\u0101m divas ned\u0113\u013cas agr\u0101k, lai balsotu par likumprojektiem, kas pastiprin\u0101tu iero\u010du kontroli un c\u012b\u0146u pret naida runu, pirmdien pazi\u0146ojusi vald\u012bba.<\/p>\n<p>Likumprojekti ir reakcija uz 14. decembr\u012b notiku\u0161o ap\u0161audi Sidnejas Bondi pludmal\u0113, kur ebreju Hanukas sv\u0113tku laik\u0101 tika nogalin\u0101ti 15 cilv\u0113ki.<\/p>\n<p>Alban\u012bzs pazi\u0146oja, ka sasauks abu parlamenta pal\u0101tu s\u0113di no 19. l\u012bdz 20. janv\u0101rim, lai pie\u0146emtu jaunos likumprojektus un izteiktu l\u012bdzj\u016bt\u012bbu upuriem. Bija paredz\u0113ts, ka parlamenta deput\u0101ti atgriez\u012bsies no br\u012bvdien\u0101m tikai 3. febru\u0101r\u012b.<\/p>\n<blockquote>\n<p>&#8220;Teroristiem Bondi pludmal\u0113 bija pr\u0101tos naids, bet rok\u0101s iero\u010di,&#8221; nor\u0101d\u012bja Alban\u012bzs, piebilstot, ka jaunie likumprojekti risin\u0101s abas probl\u0113mas.<\/p>\n<\/blockquote>\n<p>Paredz\u0113ts ieviest jaunus likump\u0101rk\u0101pumus, kas attieksies uz naida sludin\u0101t\u0101jiem, barg\u0101kus sodus par naida noziegumiem, papla\u0161in\u0101t neat\u013cauto simbolu aizliegumu un izveidot jaunu aizliegto naida grupu sarakstu. Tas \u013cautu iek\u0161lietu ministram atteikt vai anul\u0113t v\u012bzas cilv\u0113kiem, kas pl\u0101no izplat\u012bt naidu, nor\u0101d\u012bja premjerministrs.<\/p>\n<p>Likumprojekti ar\u012b \u013caus s\u0101kt \u0161aujamiero\u010du atpirk\u0161anas sh\u0113mu, kas b\u016bs pla\u0161\u0101k\u0101 kop\u0161 1996. gada, kad ap\u0161aud\u0113 Portartur\u0101 tika nogalin\u0101ti 35 cilv\u0113ki.<\/p>\n<p>Pl\u0101nots ieviest ar\u012b stingr\u0101kas p\u0101rbaudes iero\u010du at\u013cauju sa\u0146em\u0161anai.<\/p>\n<p>Pag\u0101ju\u0161aj\u0101 ned\u0113\u013c\u0101 vald\u012bba pazi\u0146oja, ka ap\u0161audes izmekl\u0113\u0161anai Bondi pludmal\u0113 izveidota karalisk\u0101 komisija. T\u0101 ir augst\u0101k\u0101 l\u012bme\u0146a izmekl\u0113\u0161ana, kur\u0101 tiks p\u0113t\u012bts viss, kas saist\u012bts ar \u0161o incidentu, s\u0101kot no izl\u016bko\u0161anas neveiksm\u0113m l\u012bdz antisem\u012btisma izplat\u012bbai Austr\u0101lij\u0101.<\/p>\n<p>KONTEKSTS:<\/p>\n<p>Austr\u0101lij\u0101, Sidnejas Bondi pludmal\u0113, sv\u0113tdien, 14. decembr\u012b, divi uzbruc\u0113ji\u00a0<a data-id=\"626313\" data-type=\"article\" href=\"https:\/\/www.lsm.lv\/raksts\/zinas\/arzemes\/14.12.2025-australija-diviem-uzbrucejiem-apsaudot-ebreju-svetku-pasakumu-15-nogalinati-un-29-ievainoti.a626313\/\" class=\"lsm-link\" rel=\"nofollow noopener\" target=\"_blank\">ap\u0161aud\u012bja ebreju Hanukas sv\u0113tku pas\u0101kumu<\/a>, nogalinot 15 un ievainojot 40 cilv\u0113kus. Ap\u0161audi vien\u0101 no iecien\u012bt\u0101kaj\u0101m t\u016bristu viet\u0101m\u00a0<a data-id=\"626381\" data-type=\"article\" href=\"https:\/\/www.lsm.lv\/raksts\/zinas\/arzemes\/15.12.2025-apsaudi-ebreju-svetku-pasakuma-sidneja-sarikoja-tevs-un-dels-rosina-stingrak-regulet-ierocu-apriti.a626381\/?utm_source=lsm&amp;utm_medium=theme&amp;utm_campaign=theme\" class=\"lsm-link\" rel=\"nofollow noopener\" target=\"_blank\">sar\u012bkoja<\/a>\u00a0Indijas pilsonis Sad\u017eids Akrams un vi\u0146a d\u0113ls Nav\u012bds Akrams.\u00a0<\/p>\n<p>Sad\u017eidu Akramu notikuma viet\u0101 no\u0161\u0101va policija, bet Nav\u012bdu Akramu ievainoja. Varasiest\u0101des ap\u0161audi klasific\u0113ja k\u0101 terorisma aktu.\u00a0<\/p>\n<p>                    Valodas k\u013c\u016bda rakst\u0101?<\/p>\n<p class=\"d-none d-md-block\">Iez\u012bm\u0113jiet tekstu un spiediet Ctrl+Enter, lai nos\u016bt\u012btu labojamo teksta fragmentu redaktoram! Par faktu k\u013c\u016bd\u0101m l\u016bdzam zi\u0146ot e-past\u0101 <a href=\"https:\/\/www.lsm.lv\/cdn-cgi\/l\/email-protection\" class=\"__cf_email__\" data-cfemail=\"4f3d2a2b2e242c26252e0f233c22612339\" rel=\"nofollow noopener\" target=\"_blank\">[email\u00a0protected]<\/a>.<\/p>\n<p class=\"d-md-none\">Iez\u012bm\u0113jiet tekstu un spiediet uz Zi\u0146ot par k\u013c\u016bdu pogas, lai nos\u016bt\u012btu labojamo teksta fragmentu redaktoram!<\/p>\n<p>\n                    Zi\u0146ot par k\u013c\u016bdu\n                <\/p>\n","protected":false},"excerpt":{"rendered":"Austr\u0101lijas premjerministrs Entonijs Alban\u012bzs atsauks parlamenta deput\u0101tus no br\u012bvdien\u0101m divas ned\u0113\u013cas agr\u0101k, lai balsotu par likumprojektiem, kas pastiprin\u0101tu&hellip;\n","protected":false},"author":2,"featured_media":101735,"comment_status":"","ping_status":"","sticky":false,"template":"","format":"standard","meta":{"footnotes":""},"categories":[5],"tags":[23,28,29,32,33,22,30,31,35,39,38,36,37,34,40,20,26,27,24,25,21],"class_list":{"0":"post-101734","1":"post","2":"type-post","3":"status-publish","4":"format-standard","5":"has-post-thumbnail","7":"category-aktualitates","8":"tag-aktualitates","9":"tag-breaking-news","10":"tag-breakingnews","11":"tag-featured-news","12":"tag-featurednews","13":"tag-headlines","14":"tag-latest-news","15":"tag-latestnews","16":"tag-latvia","17":"tag-latvian","18":"tag-latviesu","19":"tag-latviesu-valoda","20":"tag-latviesuvaloda","21":"tag-latvija","22":"tag-lv","23":"tag-news","24":"tag-popularakas-zinas","25":"tag-popularakaszinas","26":"tag-top-stories","27":"tag-topstories","28":"tag-zinas"},"share_on_mastodon":{"url":"https:\/\/pubeurope.com\/@lv\/115881003119996275","error":""},"_links":{"self":[{"href":"https:\/\/www.europesays.com\/lv\/wp-json\/wp\/v2\/posts\/101734","targetHints":{"allow":["GET"]}}],"collection":[{"href":"https:\/\/www.europesays.com\/lv\/wp-json\/wp\/v2\/posts"}],"about":[{"href":"https:\/\/www.europesays.com\/lv\/wp-json\/wp\/v2\/types\/post"}],"author":[{"embeddable":true,"href":"https:\/\/www.europesays.com\/lv\/wp-json\/wp\/v2\/users\/2"}],"replies":[{"embeddable":true,"href":"https:\/\/www.europesays.com\/lv\/wp-json\/wp\/v2\/comments?post=101734"}],"version-history":[{"count":0,"href":"https:\/\/www.europesays.com\/lv\/wp-json\/wp\/v2\/posts\/101734\/revisions"}],"wp:featuredmedia":[{"embeddable":true,"href":"https:\/\/www.europesays.com\/lv\/wp-json\/wp\/v2\/media\/101735"}],"wp:attachment":[{"href":"https:\/\/www.europesays.com\/lv\/wp-json\/wp\/v2\/media?parent=101734"}],"wp:term":[{"taxonomy":"category","embeddable":true,"href":"https:\/\/www.europesays.com\/lv\/wp-json\/wp\/v2\/categories?post=101734"},{"taxonomy":"post_tag","embeddable":true,"href":"https:\/\/www.europesays.com\/lv\/wp-json\/wp\/v2\/tags?post=101734"}],"curies":[{"name":"wp","href":"https:\/\/api.w.org\/{rel}","templated":true}]}}