{"id":101742,"date":"2026-01-12T07:46:07","date_gmt":"2026-01-12T07:46:07","guid":{"rendered":"https:\/\/www.europesays.com\/lv\/101742\/"},"modified":"2026-01-12T07:46:07","modified_gmt":"2026-01-12T07:46:07","slug":"ziemelkorejas-galvaspilseta-paradas-arvien-vairak-debesskrapju-raksts","status":"publish","type":"post","link":"https:\/\/www.europesays.com\/lv\/101742\/","title":{"rendered":"Zieme\u013ckorejas galvaspils\u0113t\u0101 par\u0101d\u0101s arvien vair\u0101k debesskr\u0101pju \/ Raksts"},"content":{"rendered":"<p>\u0100rvalstniekiem sl\u0113gt\u0101 Zieme\u013ckoreja pirmk\u0101rt saist\u0101s ar nabadz\u012bbu un t\u0101s kodoliero\u010du un ra\u0137e\u0161u programm\u0101m. Tom\u0113r p\u0113d\u0113jo gadu laik\u0101 t\u0101s galvaspils\u0113t\u0101 Phenjan\u0101 s\u0101kta debesskr\u0101pju b\u016bvniec\u012bba.\u00a0<\/p>\n<p style=\"margin-left:0cm; margin-right:0cm\">&#8220;Tagad augst\u0101kie daudzdz\u012bvok\u013cu nami galvaspils\u0113t\u0101 ir 80\u00a0st\u0101vu debesskr\u0101pis Songvas iel\u0101, kas atrodas pie t\u0101s austrumu v\u0101rtiem, un 80\u00a0st\u0101vu debesskr\u0101pis D\u017eonvi iel\u0101, kas atrodas pie galvaspils\u0113tas zieme\u013cu v\u0101rtiem,&#8221; st\u0101sta Paktusanas Arhitekt\u016bras instit\u016bta viceprezidents Ri Hjons \u010cols.\u00a0<\/p>\n<p style=\"margin-left:0cm; margin-right:0cm\">Papla\u0161in\u0101\u0161anas projekta gait\u0101 pils\u0113t\u0101 uzb\u016bv\u0113tas ar\u012b nedaudz zem\u0101kas \u2013 60\u00a0un 40 st\u0101vu \u0113kas, kur\u0101s atrad\u012bsies dz\u012bvok\u013ci. Amatpersonas uzsver, ka visos \u0161ajos namos dz\u012bvos parastie str\u0101dnieki, ta\u010du skaidrs, ka \u0161eit m\u0101jvietu atrad\u012bs ar\u012b ietekm\u012bgi armijas un partijas nomenklat\u016bras p\u0101rst\u0101vji.\u00a0<\/p>\n<p style=\"margin-left:0cm; margin-right:0cm\">\u0100rvalstu eksperti ar\u012b atg\u0101dina, ka priv\u0101t\u0101s automa\u0161\u012bnas Zieme\u013ckorej\u0101 ir luksusa lieta, un nav skaidrs, vai sabiedriskais transports sp\u0113s nodro\u0161in\u0101t jauno rajonu iedz\u012bvot\u0101ju br\u012bvu p\u0101rvieto\u0161anos.\u00a0<\/p>\n<p style=\"margin-left:0cm; margin-right:0cm\">Piemineklis nepareizai pl\u0101no\u0161anai un amb\u012bcij\u0101m ir joproj\u0101m pils\u0113t\u0101 augst\u0101k\u0101 \u0113ka \u2013 nepabeigt\u0101 viesn\u012bcas \u0113ka pils\u0113tas centr\u0101. T\u0101s b\u016bvniec\u012bba s\u0101k\u0101s pag\u0101ju\u0161\u0101 gadsimta asto\u0146desmitajos gados, bet p\u0113d\u0113jos gados betona \u010daula p\u0101rkl\u0101ta ar stiklu un tiek izmantota gaismas \u0161oviem.<\/p>\n<p>                    Valodas k\u013c\u016bda rakst\u0101?<\/p>\n<p class=\"d-none d-md-block\">Iez\u012bm\u0113jiet tekstu un spiediet Ctrl+Enter, lai nos\u016bt\u012btu labojamo teksta fragmentu redaktoram! Par faktu k\u013c\u016bd\u0101m l\u016bdzam zi\u0146ot e-past\u0101 <a href=\"https:\/\/www.lsm.lv\/cdn-cgi\/l\/email-protection\" class=\"__cf_email__\" data-cfemail=\"b5c7d0d1d4ded6dcdfd4f5d9c6d89bd9c3\" rel=\"nofollow noopener\" target=\"_blank\">[email\u00a0protected]<\/a>.<\/p>\n<p class=\"d-md-none\">Iez\u012bm\u0113jiet tekstu un spiediet uz Zi\u0146ot par k\u013c\u016bdu pogas, lai nos\u016bt\u012btu labojamo teksta fragmentu redaktoram!<\/p>\n<p>\n                    Zi\u0146ot par k\u013c\u016bdu\n                <\/p>\n","protected":false},"excerpt":{"rendered":"\u0100rvalstniekiem sl\u0113gt\u0101 Zieme\u013ckoreja pirmk\u0101rt saist\u0101s ar nabadz\u012bbu un t\u0101s kodoliero\u010du un ra\u0137e\u0161u programm\u0101m. Tom\u0113r p\u0113d\u0113jo gadu laik\u0101 t\u0101s&hellip;\n","protected":false},"author":2,"featured_media":101743,"comment_status":"","ping_status":"","sticky":false,"template":"","format":"standard","meta":{"footnotes":""},"categories":[12],"tags":[23,28,29,32,33,22,30,31,35,39,38,36,37,34,40,20,26,27,24,25,21],"class_list":{"0":"post-101742","1":"post","2":"type-post","3":"status-publish","4":"format-standard","5":"has-post-thumbnail","7":"category-latvija","8":"tag-aktualitates","9":"tag-breaking-news","10":"tag-breakingnews","11":"tag-featured-news","12":"tag-featurednews","13":"tag-headlines","14":"tag-latest-news","15":"tag-latestnews","16":"tag-latvia","17":"tag-latvian","18":"tag-latviesu","19":"tag-latviesu-valoda","20":"tag-latviesuvaloda","21":"tag-latvija","22":"tag-lv","23":"tag-news","24":"tag-popularakas-zinas","25":"tag-popularakaszinas","26":"tag-top-stories","27":"tag-topstories","28":"tag-zinas"},"share_on_mastodon":{"url":"https:\/\/pubeurope.com\/@lv\/115881022969408585","error":""},"_links":{"self":[{"href":"https:\/\/www.europesays.com\/lv\/wp-json\/wp\/v2\/posts\/101742","targetHints":{"allow":["GET"]}}],"collection":[{"href":"https:\/\/www.europesays.com\/lv\/wp-json\/wp\/v2\/posts"}],"about":[{"href":"https:\/\/www.europesays.com\/lv\/wp-json\/wp\/v2\/types\/post"}],"author":[{"embeddable":true,"href":"https:\/\/www.europesays.com\/lv\/wp-json\/wp\/v2\/users\/2"}],"replies":[{"embeddable":true,"href":"https:\/\/www.europesays.com\/lv\/wp-json\/wp\/v2\/comments?post=101742"}],"version-history":[{"count":0,"href":"https:\/\/www.europesays.com\/lv\/wp-json\/wp\/v2\/posts\/101742\/revisions"}],"wp:featuredmedia":[{"embeddable":true,"href":"https:\/\/www.europesays.com\/lv\/wp-json\/wp\/v2\/media\/101743"}],"wp:attachment":[{"href":"https:\/\/www.europesays.com\/lv\/wp-json\/wp\/v2\/media?parent=101742"}],"wp:term":[{"taxonomy":"category","embeddable":true,"href":"https:\/\/www.europesays.com\/lv\/wp-json\/wp\/v2\/categories?post=101742"},{"taxonomy":"post_tag","embeddable":true,"href":"https:\/\/www.europesays.com\/lv\/wp-json\/wp\/v2\/tags?post=101742"}],"curies":[{"name":"wp","href":"https:\/\/api.w.org\/{rel}","templated":true}]}}