{"id":101762,"date":"2026-01-12T08:10:07","date_gmt":"2026-01-12T08:10:07","guid":{"rendered":"https:\/\/www.europesays.com\/lv\/101762\/"},"modified":"2026-01-12T08:10:07","modified_gmt":"2026-01-12T08:10:07","slug":"marsruta-tallina-tartu-riga-tiek-uzsakta-regulara-vilcienu-satiksme","status":"publish","type":"post","link":"https:\/\/www.europesays.com\/lv\/101762\/","title":{"rendered":"Mar\u0161rut\u0101 Tallina \u2013 Tartu \u2013 R\u012bga tiek uzs\u0101kta regul\u0101ra vilcienu satiksme"},"content":{"rendered":"<p>Vienlaikus saglab\u0101sies ar\u012b savienojums Tallina-Tartu-R\u012bga-Vi\u013c\u0146a un papildu savienojums ar p\u0101rs\u0113\u0161anos l\u012bnij\u0101 Tallina-Tartu-R\u012bga no piektdienas l\u012bdz sv\u0113tdienai.<\/p>\n<p>&#8220;Elron&#8221; izpilddirektors Lauri Betlems a\u0123ent\u016brai LETA iepriek\u0161 sac\u012bja, ka &#8220;Elron&#8221; l\u012bdz gada beig\u0101m pl\u0101no nodro\u0161in\u0101t divus reisus dien\u0101 mar\u0161rut\u0101 starp Tartu un R\u012bgu. Uz\u0146\u0113muma m\u0113r\u0137is ir nodro\u0161in\u0101t divus reisus dien\u0101 &#8211; vienu no r\u012bta un vienu vakar\u0101.<\/p>\n<p>Jau zi\u0146ots, ka 2025. gada janv\u0101r\u012b Latvijas, Lietuvas un Igaunijas pasa\u017eieru vilcienu operatori PV, &#8220;LTG Link&#8221; un &#8220;Elron&#8221; s\u0101ka \u012bstenot vilcienu savienojumu mar\u0161rut\u0101 Tallina-Tartu-R\u012bga-Vi\u013c\u0146a. Vair\u0101k nek\u0101 desmit stundu ilgaj\u0101 braucien\u0101 pasa\u017eierim ir j\u0101p\u0101rs\u0113\u017eas Valg\u0101.<\/p>\n<p>Pag\u0101ju\u0161\u0101 gada septembr\u012b mar\u0161rut\u0101 Tallina-Tartu-R\u012bga papildu vilciens ar p\u0101rs\u0113\u0161anos s\u0101ka kurs\u0113t no piektdienas l\u012bdz sv\u0113tdienai. \u0160o vilcienu starp Tallinu un Valgu nodro\u0161ina &#8220;Elron&#8221;, bet posmu starp Valgu un R\u012bgu &#8211; PV.<\/p>\n<p>Lietuvas valsts dzelzce\u013ca grupas &#8220;Lietuvos gele\u017einkeliai&#8221; pasa\u017eieru p\u0101rvad\u0101jumu meitasuz\u0146\u0113mums &#8220;LTG Link&#8221; vilciena reisus starp R\u012bgu un Vi\u013c\u0146u s\u0101ka 2023. gada decembra beig\u0101s.<\/p>\n<p>Sarunas par visu tr\u012bs Baltijas valstu galvaspils\u0113tu savieno\u0161anu ar pasa\u017eieru vilcienu mar\u0161rutiem aktualiz\u0113j\u0101s 2021. gada septembr\u012b, kad, atz\u012bm\u0113jot Eiropas dzelzce\u013ca gadu, no Tallinas caur R\u012bgu uz Vi\u013c\u0146u dev\u0101s Baltijas valstu ekspresis. Taj\u0101 satik\u0101s t\u0101 laika ministri, Baltijas valstu dzelzce\u013ca nozares un Eiropas Komisijas p\u0101rst\u0101vji, k\u0101 ar\u012b dzelzce\u013ca projekta &#8220;Rail Baltica&#8221; ievies\u0113ji.<\/p>\n","protected":false},"excerpt":{"rendered":"Vienlaikus saglab\u0101sies ar\u012b savienojums Tallina-Tartu-R\u012bga-Vi\u013c\u0146a un papildu savienojums ar p\u0101rs\u0113\u0161anos l\u012bnij\u0101 Tallina-Tartu-R\u012bga no piektdienas l\u012bdz sv\u0113tdienai. &#8220;Elron&#8221; izpilddirektors&hellip;\n","protected":false},"author":2,"featured_media":101763,"comment_status":"","ping_status":"","sticky":false,"template":"","format":"standard","meta":{"footnotes":""},"categories":[12],"tags":[23,28,29,16251,32,33,22,30,31,35,39,38,36,37,34,40,20,5207,26,27,24,25,4882,2020,21],"class_list":{"0":"post-101762","1":"post","2":"type-post","3":"status-publish","4":"format-standard","5":"has-post-thumbnail","7":"category-latvija","8":"tag-aktualitates","9":"tag-breaking-news","10":"tag-breakingnews","11":"tag-elron","12":"tag-featured-news","13":"tag-featurednews","14":"tag-headlines","15":"tag-latest-news","16":"tag-latestnews","17":"tag-latvia","18":"tag-latvian","19":"tag-latviesu","20":"tag-latviesu-valoda","21":"tag-latviesuvaloda","22":"tag-latvija","23":"tag-lv","24":"tag-news","25":"tag-pasazieru-parvadajumi","26":"tag-popularakas-zinas","27":"tag-popularakaszinas","28":"tag-top-stories","29":"tag-topstories","30":"tag-transports-un-logistika","31":"tag-vilciens","32":"tag-zinas"},"share_on_mastodon":{"url":"https:\/\/pubeurope.com\/@lv\/115881117179041483","error":""},"_links":{"self":[{"href":"https:\/\/www.europesays.com\/lv\/wp-json\/wp\/v2\/posts\/101762","targetHints":{"allow":["GET"]}}],"collection":[{"href":"https:\/\/www.europesays.com\/lv\/wp-json\/wp\/v2\/posts"}],"about":[{"href":"https:\/\/www.europesays.com\/lv\/wp-json\/wp\/v2\/types\/post"}],"author":[{"embeddable":true,"href":"https:\/\/www.europesays.com\/lv\/wp-json\/wp\/v2\/users\/2"}],"replies":[{"embeddable":true,"href":"https:\/\/www.europesays.com\/lv\/wp-json\/wp\/v2\/comments?post=101762"}],"version-history":[{"count":0,"href":"https:\/\/www.europesays.com\/lv\/wp-json\/wp\/v2\/posts\/101762\/revisions"}],"wp:featuredmedia":[{"embeddable":true,"href":"https:\/\/www.europesays.com\/lv\/wp-json\/wp\/v2\/media\/101763"}],"wp:attachment":[{"href":"https:\/\/www.europesays.com\/lv\/wp-json\/wp\/v2\/media?parent=101762"}],"wp:term":[{"taxonomy":"category","embeddable":true,"href":"https:\/\/www.europesays.com\/lv\/wp-json\/wp\/v2\/categories?post=101762"},{"taxonomy":"post_tag","embeddable":true,"href":"https:\/\/www.europesays.com\/lv\/wp-json\/wp\/v2\/tags?post=101762"}],"curies":[{"name":"wp","href":"https:\/\/api.w.org\/{rel}","templated":true}]}}