{"id":10177,"date":"2025-10-02T05:12:08","date_gmt":"2025-10-02T05:12:08","guid":{"rendered":"https:\/\/www.europesays.com\/lv\/10177\/"},"modified":"2025-10-02T05:12:08","modified_gmt":"2025-10-02T05:12:08","slug":"izraela-apturejusi-vairakus-gazas-palidzibas-flotiles-kugus","status":"publish","type":"post","link":"https:\/\/www.europesays.com\/lv\/10177\/","title":{"rendered":"Izra\u0113la aptur\u0113jusi vair\u0101kus Gazas pal\u012bdz\u012bbas flotiles ku\u0123us"},"content":{"rendered":"<p>&#8220;Tie\u0161raides straum\u0113\u0161ana un sakari ar vair\u0101kiem citiem ku\u0123iem ir p\u0101rtr\u016bku\u0161i,&#8221; piebilda flotile sav\u0101 pazi\u0146ojum\u0101.<\/p>\n<p>Sp\u0101nija un <a href=\"https:\/\/www.tvnet.lv\/term\/555428\/italija\" class=\"topicLink\" target=\"_blank\" rel=\"nofollow noopener\">It\u0101lija<\/a>, kuru j\u016bras sp\u0113ki bija eskort\u0113ju\u0161i \u0161o flotili, bija aicin\u0101ju\u0161i t\u0101s ku\u0123us apst\u0101ties pirms iebrauk\u0161anas Izra\u0113las izsludin\u0101taj\u0101 aizliegtaj\u0101 zon\u0101 pie Gazas joslas.<\/p>\n<p>Akt\u012bvisti pazi\u0146oja, ka Sp\u0101nijas un It\u0101lijas sp\u0113ku l\u0113mums neiebraukt \u0161aj\u0101 zon\u0101 esot m\u0113\u0123in\u0101jums &#8220;sabot\u0113t&#8221; vi\u0146u centienus.<\/p>\n<p>P\u0113c piest\u0101\u0161anas Tunisij\u0101 uz 10 dien\u0101m, kur organizatori zi\u0146oja par diviem dronu uzbrukumiem, flotile ats\u0101ka ce\u013cu 15.septembr\u012b.<\/p>\n<p>It\u0101lij\u0101 izce\u013cas protesti pret flotiles aptur\u0113\u0161anu<\/p>\n<p>It\u0101lij\u0101 tre\u0161dienas vakar\u0101 izc\u0113l\u0101s protesti pret Izra\u0113las veikto Gazas pal\u012bdz\u012bbas flotiles aptur\u0113\u0161anu.<\/p>\n<p>Rom\u0101 tre\u0161dienas vakar\u0101 desmitiem demonstrantu sapulc\u0113j\u0101s pie galven\u0101s dzelzce\u013ca stacijas. Varas iest\u0101des piesardz\u012bbas apsv\u0113rumu d\u0113\u013c uz laiku sl\u0113dza piek\u013cuvi \u0161ai stacijai un sl\u0113dza net\u0101lu eso\u0161o metro staciju.<\/p>\n<p>Laikraksts &#8220;La Repubblica&#8221; zi\u0146oja, ka protest\u0113t\u0101ju grupa dev\u0101s g\u0101jien\u0101 uz premjerministres D\u017eord\u017eas Meloni biroju, aps\u016bdzot vi\u0146as lab\u0113jo vald\u012bbu par nesolidariz\u0113\u0161anos ar flotiles akt\u012bvistiem. Da\u017ei skand\u0113ja, ka vald\u012bbai esot &#8220;asinis uz rok\u0101m&#8221;.<\/p>\n<p>Neapoles pils\u0113t\u0101 vair\u0101ki protest\u0113t\u0101ji blo\u0137\u0113ja galven\u0101s dzelzce\u013ca stacijas sliedes, piespie\u017eot aptur\u0113t vilcienu satiksmi, v\u0113st\u012bja zi\u0146u a\u0123ent\u016bra ANSA.<\/p>\n<p>Tika zi\u0146ots ar\u012b par demonstr\u0101cij\u0101m Mil\u0101n\u0101 un Tur\u012bn\u0101.<\/p>\n<p>It\u0101lijas liel\u0101k\u0101 arodbiedr\u012bba CGIL izsludin\u0101ja \u0123ener\u0101lstreiku piektdien. T\u0101 raksturoja \u0161o streiku k\u0101 atbildi uz flotiles aptur\u0113\u0161anu, soci\u0101lo mediju platform\u0101 &#8220;X&#8221; rakstot, ka Meloni vald\u012bba &#8220;pametusi it\u0101\u013cu str\u0101dniekus starptautiskajos \u016bde\u0146os&#8221;.<\/p>\n","protected":false},"excerpt":{"rendered":"&#8220;Tie\u0161raides straum\u0113\u0161ana un sakari ar vair\u0101kiem citiem ku\u0123iem ir p\u0101rtr\u016bku\u0161i,&#8221; piebilda flotile sav\u0101 pazi\u0146ojum\u0101. Sp\u0101nija un It\u0101lija, kuru&hellip;\n","protected":false},"author":2,"featured_media":10178,"comment_status":"","ping_status":"","sticky":false,"template":"","format":"standard","meta":{"footnotes":""},"categories":[14],"tags":[23,57,28,29,32,33,1274,3906,22,2316,493,30,31,35,39,38,36,37,34,40,20,26,27,24,25,54,55,56,21,58],"class_list":{"0":"post-10177","1":"post","2":"type-post","3":"status-publish","4":"format-standard","5":"has-post-thumbnail","7":"category-zinas-no-arvalstim","8":"tag-aktualitates","9":"tag-arvalstim","10":"tag-breaking-news","11":"tag-breakingnews","12":"tag-featured-news","13":"tag-featurednews","14":"tag-gazas-josla","15":"tag-greta-tunberga","16":"tag-headlines","17":"tag-italija","18":"tag-izraela","19":"tag-latest-news","20":"tag-latestnews","21":"tag-latvia","22":"tag-latvian","23":"tag-latviesu","24":"tag-latviesu-valoda","25":"tag-latviesuvaloda","26":"tag-latvija","27":"tag-lv","28":"tag-news","29":"tag-popularakas-zinas","30":"tag-popularakaszinas","31":"tag-top-stories","32":"tag-topstories","33":"tag-world","34":"tag-world-news","35":"tag-worldnews","36":"tag-zinas","37":"tag-zinas-no-arvalstim"},"share_on_mastodon":{"url":"","error":""},"_links":{"self":[{"href":"https:\/\/www.europesays.com\/lv\/wp-json\/wp\/v2\/posts\/10177","targetHints":{"allow":["GET"]}}],"collection":[{"href":"https:\/\/www.europesays.com\/lv\/wp-json\/wp\/v2\/posts"}],"about":[{"href":"https:\/\/www.europesays.com\/lv\/wp-json\/wp\/v2\/types\/post"}],"author":[{"embeddable":true,"href":"https:\/\/www.europesays.com\/lv\/wp-json\/wp\/v2\/users\/2"}],"replies":[{"embeddable":true,"href":"https:\/\/www.europesays.com\/lv\/wp-json\/wp\/v2\/comments?post=10177"}],"version-history":[{"count":0,"href":"https:\/\/www.europesays.com\/lv\/wp-json\/wp\/v2\/posts\/10177\/revisions"}],"wp:featuredmedia":[{"embeddable":true,"href":"https:\/\/www.europesays.com\/lv\/wp-json\/wp\/v2\/media\/10178"}],"wp:attachment":[{"href":"https:\/\/www.europesays.com\/lv\/wp-json\/wp\/v2\/media?parent=10177"}],"wp:term":[{"taxonomy":"category","embeddable":true,"href":"https:\/\/www.europesays.com\/lv\/wp-json\/wp\/v2\/categories?post=10177"},{"taxonomy":"post_tag","embeddable":true,"href":"https:\/\/www.europesays.com\/lv\/wp-json\/wp\/v2\/tags?post=10177"}],"curies":[{"name":"wp","href":"https:\/\/api.w.org\/{rel}","templated":true}]}}