{"id":101773,"date":"2026-01-12T08:16:15","date_gmt":"2026-01-12T08:16:15","guid":{"rendered":"https:\/\/www.europesays.com\/lv\/101773\/"},"modified":"2026-01-12T08:16:15","modified_gmt":"2026-01-12T08:16:15","slug":"aluksnes-centra-steidzami-uzsakti-avarijas-remontdarbi-jankalna-ielas-siltumtiklos-lente-lv","status":"publish","type":"post","link":"https:\/\/www.europesays.com\/lv\/101773\/","title":{"rendered":"Al\u016bksnes centr\u0101 steidzami uzs\u0101kti av\u0101rijas remontdarbi J\u0101\u0146kalna ielas siltumt\u012bklos\u00a0\u2014\u00a0Lente.lv"},"content":{"rendered":"<p>Siltumt\u012bklu av\u0101rija J\u0101\u0146kalna iel\u0101<\/p>\n<p>SIA \u201cAl\u016bksnes ener\u0123ija\u201d \u0161odien, 11. janv\u0101r\u012b, uzs\u0101kusi steidzamus av\u0101rijas remontdarbus ma\u0123istr\u0101laj\u0101 siltumt\u012bklu posm\u0101 J\u0101\u0146kalna iel\u0101 Al\u016bksn\u0113. Remontdarbi tiek veikti posm\u0101 no Hel\u0113nas ielas l\u012bdz Glika ielas krustojumam, un pagaid\u0101m prec\u012bza av\u0101rijas vieta tiek preciz\u0113ta, ta\u010du s\u0101kotn\u0113j\u0101 inform\u0101cija nor\u0101da uz J\u0101\u0146kalna ielu 6. K\u0101 inform\u0113 port\u0101ls jauns.lv, \u0161\u0101da r\u012bc\u012bba ir nepiecie\u0161ama, lai nodro\u0161in\u0101tu dro\u0161u un nep\u0101rtrauktu siltumapg\u0101di E. Glika Al\u016bksnes Valsts \u0123imn\u0101zijai un t\u0101s intern\u0101tam, \u012bpa\u0161i \u0146emot v\u0113r\u0101 prognoz\u0113tos meteorolo\u0123iskos apst\u0101k\u013cus.<\/p>\n<p>Satiksmes ierobe\u017eojumi un darbu gaita<\/p>\n<p>Av\u0101rijas remontdarbu d\u0113\u013c J\u0101\u0146kalna ielas min\u0113tais posms ir sl\u0113gts satiksmei. \u0160ie pagaidu ierobe\u017eojumi paredz\u0113ti laika period\u0101 no 8. l\u012bdz 23. janv\u0101rim. Uz\u0146\u0113mums \u201cAl\u016bksnes ener\u0123ija\u201d str\u0101d\u0101 pie situ\u0101cijas risin\u0101\u0161anas, lai p\u0113c iesp\u0113jas \u0101tr\u0101k atjaunotu norm\u0101lu siltumapg\u0101di un satiksmes pl\u016bsmu pils\u0113tas centr\u0101.<\/p>\n<p>SIA \u201cAl\u016bksnes ener\u0123ija\u201d \u2013 uz\u0146\u0113muma loma un darb\u012bba<\/p>\n<p>SIA \u201cAl\u016bksnes ener\u0123ija\u201d ir atbild\u012bgs par siltumener\u0123ijas ra\u017eo\u0161anu un pieg\u0101di Al\u016bksnes pils\u0113t\u0101 un novad\u0101. Uz\u0146\u0113muma pamatdarb\u012bba ietver siltumener\u0123ijas ra\u017eo\u0161anu, realiz\u0101ciju un p\u0101rdo\u0161anu, apkalpojot vair\u0101kas katlu m\u0101jas Al\u016bksn\u0113 un novad\u0101. Uz\u0146\u0113mums ar\u012b akt\u012bvi iesaist\u0101s Eiropas Savien\u012bbas fondu projektos, piem\u0113ram, \u012bstenojot siltumtra\u0161u rekonstrukciju un uzlabojot energoefektivit\u0101ti. Neskatoties uz \u0161obr\u012bd aktu\u0101lo av\u0101rijas situ\u0101ciju, \u201cAl\u016bksnes ener\u0123ija\u201d nodro\u0161ina diennakts av\u0101rijas dienestu, lai operat\u012bvi rea\u0123\u0113tu uz neparedz\u0113t\u0101m probl\u0113m\u0101m siltumapg\u0101des sist\u0113m\u0101s.<\/p>\n<p>Iepriek\u0161\u0113j\u0101s situ\u0101cijas un turpm\u0101kie pl\u0101ni<\/p>\n<p>Lai gan \u0161is ir steidzams remonts, tas nav vien\u012bgais gad\u012bjums, kad \u201cAl\u016bksnes ener\u0123ija\u201d saskaras ar siltumtra\u0161u probl\u0113m\u0101m. Iepriek\u0161, piem\u0113ram, 2025. gada oktobr\u012b, tika inform\u0113ts par siltumener\u0123ijas pieg\u0101des p\u0101rtraukumu cit\u0101 Al\u016bksnes iel\u0101 saist\u012bb\u0101 ar av\u0101rijas situ\u0101ciju. Uz\u0146\u0113mums regul\u0101ri inform\u0113 par savu darb\u012bbu un pl\u0101niem, tai skait\u0101 par tarifu izmai\u0146\u0101m un infrastrukt\u016bras att\u012bst\u012bbas projektiem. Svar\u012bgi atz\u012bm\u0113t, ka av\u0101rijas remontdarbi J\u0101\u0146kalna iel\u0101 tika pabeigti un satiksme atjaunota 9. janv\u0101r\u012b, ta\u010du papildu darbi tiks veikti, iest\u0101joties silt\u0101kiem laikapst\u0101k\u013ciem. Tas liecina par nep\u0101rtrauktu darbu pie infrastrukt\u016bras uzlabo\u0161anas.<\/p>\n","protected":false},"excerpt":{"rendered":"Siltumt\u012bklu av\u0101rija J\u0101\u0146kalna iel\u0101 SIA \u201cAl\u016bksnes ener\u0123ija\u201d \u0161odien, 11. janv\u0101r\u012b, uzs\u0101kusi steidzamus av\u0101rijas remontdarbus ma\u0123istr\u0101laj\u0101 siltumt\u012bklu posm\u0101 J\u0101\u0146kalna&hellip;\n","protected":false},"author":2,"featured_media":101774,"comment_status":"","ping_status":"","sticky":false,"template":"","format":"standard","meta":{"footnotes":""},"categories":[12],"tags":[23,1056,2849,28,29,32,33,22,24776,30,31,35,39,38,36,37,34,40,20,26,27,5184,24775,24,25,21],"class_list":{"0":"post-101773","1":"post","2":"type-post","3":"status-publish","4":"format-standard","5":"has-post-thumbnail","7":"category-latvija","8":"tag-aktualitates","9":"tag-aluksne","10":"tag-avarija","11":"tag-breaking-news","12":"tag-breakingnews","13":"tag-featured-news","14":"tag-featurednews","15":"tag-headlines","16":"tag-jankalna-iela","17":"tag-latest-news","18":"tag-latestnews","19":"tag-latvia","20":"tag-latvian","21":"tag-latviesu","22":"tag-latviesu-valoda","23":"tag-latviesuvaloda","24":"tag-latvija","25":"tag-lv","26":"tag-news","27":"tag-popularakas-zinas","28":"tag-popularakaszinas","29":"tag-remontdarbi","30":"tag-siltumtikli","31":"tag-top-stories","32":"tag-topstories","33":"tag-zinas"},"share_on_mastodon":{"url":"https:\/\/pubeurope.com\/@lv\/115881140822739471","error":""},"_links":{"self":[{"href":"https:\/\/www.europesays.com\/lv\/wp-json\/wp\/v2\/posts\/101773","targetHints":{"allow":["GET"]}}],"collection":[{"href":"https:\/\/www.europesays.com\/lv\/wp-json\/wp\/v2\/posts"}],"about":[{"href":"https:\/\/www.europesays.com\/lv\/wp-json\/wp\/v2\/types\/post"}],"author":[{"embeddable":true,"href":"https:\/\/www.europesays.com\/lv\/wp-json\/wp\/v2\/users\/2"}],"replies":[{"embeddable":true,"href":"https:\/\/www.europesays.com\/lv\/wp-json\/wp\/v2\/comments?post=101773"}],"version-history":[{"count":0,"href":"https:\/\/www.europesays.com\/lv\/wp-json\/wp\/v2\/posts\/101773\/revisions"}],"wp:featuredmedia":[{"embeddable":true,"href":"https:\/\/www.europesays.com\/lv\/wp-json\/wp\/v2\/media\/101774"}],"wp:attachment":[{"href":"https:\/\/www.europesays.com\/lv\/wp-json\/wp\/v2\/media?parent=101773"}],"wp:term":[{"taxonomy":"category","embeddable":true,"href":"https:\/\/www.europesays.com\/lv\/wp-json\/wp\/v2\/categories?post=101773"},{"taxonomy":"post_tag","embeddable":true,"href":"https:\/\/www.europesays.com\/lv\/wp-json\/wp\/v2\/tags?post=101773"}],"curies":[{"name":"wp","href":"https:\/\/api.w.org\/{rel}","templated":true}]}}