{"id":101807,"date":"2026-01-12T08:34:07","date_gmt":"2026-01-12T08:34:07","guid":{"rendered":"https:\/\/www.europesays.com\/lv\/101807\/"},"modified":"2026-01-12T08:34:07","modified_gmt":"2026-01-12T08:34:07","slug":"policija-plata-rokas-bet-cietusa-klust-par-sekmigu-izmekletaju","status":"publish","type":"post","link":"https:\/\/www.europesays.com\/lv\/101807\/","title":{"rendered":"policija pl\u0101ta rokas, bet cietu\u0161\u0101 k\u013c\u016bst par sekm\u012bgu izmekl\u0113t\u0101ju"},"content":{"rendered":"<p>Lai gan nozagt\u0101 telefona aptuven\u0101 atra\u0161an\u0101s vieta bija redzama aplik\u0101cij\u0101, ta\u010du <a href=\"https:\/\/www.apollo.lv\/term\/565901\/policija\" class=\"topicLink\" target=\"_blank\" rel=\"nofollow noopener\">policija<\/a> atteikusies ierosin\u0101t krimin\u0101lprocesu par telefona iesp\u0113jamo z\u0101dz\u012bbu, jo notiku\u0161aj\u0101 neesot saskat\u0101ms noziedz\u012bga nodar\u012bjuma sast\u0101vs.<\/p>\n<p>Vienlaikus <a href=\"https:\/\/www.apollo.lv\/term\/555407\/valsts-policija\" class=\"topicLink\" target=\"_blank\" rel=\"nofollow noopener\">Valsts policija<\/a> raid\u012bjumam uzsv\u0113ra \u2013 fakts, ka par iesp\u0113jamu z\u0101dz\u012bbu nav uzs\u0101kts krimin\u0101lprocess, nenoz\u012bm\u0113, ka telefons netiek mekl\u0113ts. Ja, atkl\u0101jot k\u0101du noziedz\u012bgu nodar\u012bjumu, tas tiktu atrasts, inform\u0101ciju ievietotu Valsts policijas m\u0101jaslap\u0101 un par atradumu pazi\u0146otu ar\u012b \u012bpa\u0161niecei.<\/p>\n<p>Nozagtais telefons p\u0113c gar\u0101 ce\u013cojuma &#8220;nob\u0101z\u0113j\u0101s&#8221; psihiatriskaj\u0101 slimn\u012bc\u0101 R\u012bg\u0101. V\u0113l\u0101k \u0101rstniec\u012bbas iest\u0101de pal\u012bdz\u0113jusi telefona mekl\u0113\u0161an\u0101 \u2013 tas tika atrasts pie k\u0101das pacientes ak\u016btaj\u0101 noda\u013c\u0101, v\u0113sta raid\u012bjums.<\/p>\n<p>Pla\u0161\u0101k &#8220;4.studijas&#8221; si\u017eet\u0101:<\/p>\n<p>Valsts policija skaidro, ka telefona <a href=\"https:\/\/www.apollo.lv\/term\/564984\/zadzibas\" class=\"topicLink\" target=\"_blank\" rel=\"nofollow noopener\">z\u0101dz\u012bbas<\/a> gad\u012bjum\u0101 nekav\u0113joties ir j\u0101zvana 112 vai j\u0101raksta iesniegums.<\/p>\n","protected":false},"excerpt":{"rendered":"Lai gan nozagt\u0101 telefona aptuven\u0101 atra\u0161an\u0101s vieta bija redzama aplik\u0101cij\u0101, ta\u010du policija atteikusies ierosin\u0101t krimin\u0101lprocesu par telefona iesp\u0113jamo&hellip;\n","protected":false},"author":2,"featured_media":101808,"comment_status":"","ping_status":"","sticky":false,"template":"","format":"standard","meta":{"footnotes":""},"categories":[12],"tags":[7804,23,28,29,32,33,22,30,31,35,39,38,36,37,34,40,20,163,26,27,172,24,25,138,581,190,189,21],"class_list":{"0":"post-101807","1":"post","2":"type-post","3":"status-publish","4":"format-standard","5":"has-post-thumbnail","7":"category-latvija","8":"tag-4-studija","9":"tag-aktualitates","10":"tag-breaking-news","11":"tag-breakingnews","12":"tag-featured-news","13":"tag-featurednews","14":"tag-headlines","15":"tag-latest-news","16":"tag-latestnews","17":"tag-latvia","18":"tag-latvian","19":"tag-latviesu","20":"tag-latviesu-valoda","21":"tag-latviesuvaloda","22":"tag-latvija","23":"tag-lv","24":"tag-news","25":"tag-policija","26":"tag-popularakas-zinas","27":"tag-popularakaszinas","28":"tag-riga","29":"tag-top-stories","30":"tag-topstories","31":"tag-valsts-policija","32":"tag-vecriga","33":"tag-zadziba","34":"tag-zadzibas","35":"tag-zinas"},"share_on_mastodon":{"url":"https:\/\/pubeurope.com\/@lv\/115881211515480197","error":""},"_links":{"self":[{"href":"https:\/\/www.europesays.com\/lv\/wp-json\/wp\/v2\/posts\/101807","targetHints":{"allow":["GET"]}}],"collection":[{"href":"https:\/\/www.europesays.com\/lv\/wp-json\/wp\/v2\/posts"}],"about":[{"href":"https:\/\/www.europesays.com\/lv\/wp-json\/wp\/v2\/types\/post"}],"author":[{"embeddable":true,"href":"https:\/\/www.europesays.com\/lv\/wp-json\/wp\/v2\/users\/2"}],"replies":[{"embeddable":true,"href":"https:\/\/www.europesays.com\/lv\/wp-json\/wp\/v2\/comments?post=101807"}],"version-history":[{"count":0,"href":"https:\/\/www.europesays.com\/lv\/wp-json\/wp\/v2\/posts\/101807\/revisions"}],"wp:featuredmedia":[{"embeddable":true,"href":"https:\/\/www.europesays.com\/lv\/wp-json\/wp\/v2\/media\/101808"}],"wp:attachment":[{"href":"https:\/\/www.europesays.com\/lv\/wp-json\/wp\/v2\/media?parent=101807"}],"wp:term":[{"taxonomy":"category","embeddable":true,"href":"https:\/\/www.europesays.com\/lv\/wp-json\/wp\/v2\/categories?post=101807"},{"taxonomy":"post_tag","embeddable":true,"href":"https:\/\/www.europesays.com\/lv\/wp-json\/wp\/v2\/tags?post=101807"}],"curies":[{"name":"wp","href":"https:\/\/api.w.org\/{rel}","templated":true}]}}