{"id":101821,"date":"2026-01-12T08:57:08","date_gmt":"2026-01-12T08:57:08","guid":{"rendered":"https:\/\/www.europesays.com\/lv\/101821\/"},"modified":"2026-01-12T08:57:08","modified_gmt":"2026-01-12T08:57:08","slug":"tramps-ja-mes-neienemsim-grenlandi-to-izdaris-viena-no-sim-divam-valstim","status":"publish","type":"post","link":"https:\/\/www.europesays.com\/lv\/101821\/","title":{"rendered":"Tramps: Ja m\u0113s neie\u0146emsim Grenlandi, to izdar\u012bs viena no \u0161\u012bm div\u0101m valst\u012bm"},"content":{"rendered":"<p>    <img decoding=\"async\" src=\"https:\/\/www.europesays.com\/lv\/wp-content\/uploads\/2026\/01\/1768208228_297_45223fdb-150e-47a4-83d0-08cbcfca377d-1024x686.jpg\" alt=\"&#10;Ilustrat\u012bvs att\u0113ls&#10;\"\/><\/p>\n<p>Ilustrat\u012bvs att\u0113ls<\/p>\n<p>Foto. pexels.com; Scanix\/LETA\n<\/p>\n<p>10:44, 12. janv\u0101ris 2026<\/p>\n<p>ASV prezidents Donalds Tramps v\u0113las, lai Grenlande k\u013c\u016btu par Amerikas Savienoto Valstu teritoriju, ta\u010du, k\u0101 zin\u0101ms, sala jau pieder D\u0101nijai, un salas iedz\u012bvot\u0101ji p\u0101rsvar\u0101 nev\u0113las b\u016bt da\u013ca no ASV. Tramps n\u0101cis klaj\u0101 ar jauniem pazi\u0146ojumiem par sav\u0101m teritori\u0101laj\u0101m amb\u012bcij\u0101m attiec\u012bb\u0101 uz Grenlandi, apstiprinot savus pl\u0101nus iekarot salu. Vi\u0146\u0161 pazi\u0146oja, ka, ja ASV neiekaros Grenlandi, to izdar\u012bs Krievija vai \u0136\u012bna, v\u0113sta \u201cUnian\u201d.<\/p>\n<p>        Las\u012bt\u0101kie<br \/>\n        <a data-imagesrc=\"{&quot;300&quot;:&quot;https:\\\/\\\/lastatic.ams3.cdn.digitaloceanspaces.com\\\/2026\\\/01\\\/pexels-cottonbro-9654725-300x200.jpg&quot;,&quot;1024&quot;:&quot;https:\\\/\\\/lastatic.ams3.cdn.digitaloceanspaces.com\\\/2026\\\/01\\\/pexels-cottonbro-9654725-1024x683.jpg&quot;,&quot;1536&quot;:&quot;https:\\\/\\\/lastatic.ams3.cdn.digitaloceanspaces.com\\\/2026\\\/01\\\/pexels-cottonbro-9654725-1536x1024.jpg&quot;,&quot;500&quot;:&quot;https:\\\/\\\/lastatic.ams3.cdn.digitaloceanspaces.com\\\/2026\\\/01\\\/pexels-cottonbro-9654725-500x333.jpg&quot;,&quot;800&quot;:&quot;https:\\\/\\\/lastatic.ams3.cdn.digitaloceanspaces.com\\\/2026\\\/01\\\/pexels-cottonbro-9654725-800x533.jpg&quot;,&quot;2560&quot;:&quot;https:\\\/\\\/lastatic.ams3.cdn.digitaloceanspaces.com\\\/2026\\\/01\\\/pexels-cottonbro-9654725-scaled.jpg&quot;}\" data-focuspoint=\"&quot;&quot;\" data-p=\"2488952\" href=\"https:\/\/www.la.lv\/astrologi-sarindojusi-zodiaka-zimes-pec-prata-spejam-pirmo-vietu-aiznem-dvini-bet-pedejo\" class=\"content-item lazy-load\" wp_automatic_readability=\"27\" rel=\"nofollow noopener\" target=\"_blank\"><\/p>\n<p>                                <img decoding=\"async\" src=\"\" alt=\"\" style=\"\" data-imageid=\"\"\/><\/p>\n<p>                                Kokteilis<\/p>\n<p>\n                                                Astrologi sarindoju\u0161i zodiaka z\u012bmes p\u0113c pr\u0101ta sp\u0113j\u0101m: pirmo vietu aiz\u0146em Dv\u012b\u0146i, bet p\u0113d\u0113jo\u2026\n                            <\/p>\n<p><\/a><a data-imagesrc=\"{&quot;300&quot;:&quot;https:\\\/\\\/lastatic.ams3.cdn.digitaloceanspaces.com\\\/2025\\\/04\\\/LET_24510420-1-300x198.jpg&quot;,&quot;768&quot;:&quot;https:\\\/\\\/lastatic.ams3.cdn.digitaloceanspaces.com\\\/2025\\\/04\\\/LET_24510420-1-768x506.jpg&quot;,&quot;200&quot;:&quot;https:\\\/\\\/lastatic.ams3.cdn.digitaloceanspaces.com\\\/2025\\\/04\\\/LET_24510420-1-200x132.jpg&quot;,&quot;400&quot;:&quot;https:\\\/\\\/lastatic.ams3.cdn.digitaloceanspaces.com\\\/2025\\\/04\\\/LET_24510420-1-400x264.jpg&quot;,&quot;500&quot;:&quot;https:\\\/\\\/lastatic.ams3.cdn.digitaloceanspaces.com\\\/2025\\\/04\\\/LET_24510420-1-500x330.jpg&quot;,&quot;800&quot;:&quot;https:\\\/\\\/lastatic.ams3.cdn.digitaloceanspaces.com\\\/2025\\\/04\\\/LET_24510420-1-800x527.jpg&quot;,&quot;1000&quot;:&quot;https:\\\/\\\/lastatic.ams3.cdn.digitaloceanspaces.com\\\/2025\\\/04\\\/LET_24510420-1.jpg&quot;}\" data-focuspoint=\"&quot;&quot;\" data-p=\"2492578\" href=\"https:\/\/www.la.lv\/gripai-sogad-ir-neparasts-simptoms-kas-ipasi-mulsina-pacientus\" class=\"content-item lazy-load\" wp_automatic_readability=\"26.5\" rel=\"nofollow noopener\" target=\"_blank\"><\/p>\n<p>                                <img decoding=\"async\" src=\"\" alt=\"\" style=\"\" data-imageid=\"\"\/><\/p>\n<p>\n                                                Gripai \u0161ogad ir neparasts simptoms, kas \u012bpa\u0161i mulsina pacientus<\/p>\n<p><\/a><a data-imagesrc=\"{&quot;300&quot;:&quot;https:\\\/\\\/lastatic.ams3.cdn.digitaloceanspaces.com\\\/2026\\\/01\\\/LET_24880109-300x201.jpg&quot;,&quot;1024&quot;:&quot;https:\\\/\\\/lastatic.ams3.cdn.digitaloceanspaces.com\\\/2026\\\/01\\\/LET_24880109-1024x684.jpg&quot;,&quot;1536&quot;:&quot;https:\\\/\\\/lastatic.ams3.cdn.digitaloceanspaces.com\\\/2026\\\/01\\\/LET_24880109-1536x1027.jpg&quot;,&quot;500&quot;:&quot;https:\\\/\\\/lastatic.ams3.cdn.digitaloceanspaces.com\\\/2026\\\/01\\\/LET_24880109-500x334.jpg&quot;,&quot;800&quot;:&quot;https:\\\/\\\/lastatic.ams3.cdn.digitaloceanspaces.com\\\/2026\\\/01\\\/LET_24880109-800x535.jpg&quot;,&quot;2560&quot;:&quot;https:\\\/\\\/lastatic.ams3.cdn.digitaloceanspaces.com\\\/2026\\\/01\\\/LET_24880109-scaled.jpg&quot;}\" data-focuspoint=\"&quot;&quot;\" data-p=\"2492591\" href=\"https:\/\/www.la.lv\/latviesi-tiek-aicinati-rit-piedalities-ipasi-sirsniga-akcija-par-godu-raimonda-paula-90-jubilejai\" class=\"content-item lazy-load\" wp_automatic_readability=\"26.5\" rel=\"nofollow noopener\" target=\"_blank\"><\/p>\n<p>                                <img decoding=\"async\" src=\"\" alt=\"\" style=\"\" data-imageid=\"\"\/><\/p>\n<p>                                Kokteilis<\/p>\n<p>\n                                                Latvie\u0161i tiek aicin\u0101ti r\u012bt piedal\u012bties \u012bpa\u0161i sirsn\u012bg\u0101 akcij\u0101 par godu Raimonda Paula 90.jubilejai\n                            <\/p>\n<p><\/a><br \/>\n        <a class=\"read-more\" href=\"https:\/\/www.la.lv\/top\" rel=\"nofollow noopener\" target=\"_blank\">Las\u012bt citas zi\u0146as<\/a><\/p>\n<p>\u201cEs ne\u013cau\u0161u, lai tas notiktu,\u201d sac\u012bja Tramps.<\/p>\n<p>Tramps piebilda, ka vi\u0146\u0161 v\u0113l\u0113tos turpin\u0101t diplom\u0101tijas ce\u013cu un pan\u0101kt vieno\u0161anos, bet vien\u0101 vai otr\u0101 veid\u0101 vi\u0146\u0161 ieg\u016b\u0161ot Grenlandi. Vi\u0146\u0161 ar\u012b pazi\u0146oja, ka \u0161\u012b ir ieg\u0101de, nevis noma un nevis \u012bstermi\u0146a \u012bpa\u0161umties\u012bbas.<\/p>\n<p>    CITI \u0160OBR\u012aD LASA<\/p>\n<p>\u201cJa m\u0113s neie\u0146emsim Grenlandi, to izdar\u012bs Krievija vai \u0136\u012bna,\u201d sac\u012bja Tramps.<\/p>\n<p>Vi\u0146\u0161 ar\u012b noniecin\u0101ja salas sp\u0113ju sevi aizst\u0101v\u0113t, sakot, ka Grenlandes aizsardz\u012bba ir k\u0101 divu su\u0146u paj\u016bgs.<\/p>\n<p>Uz jaut\u0101jumu, vai iesp\u0113jam\u0101 Grenlandes sagr\u0101b\u0161ana ietekm\u0113s NATO, ASV prezidents atzina iesp\u0113ju, ta\u010du nor\u0101d\u012bja: \u201cVi\u0146iem m\u0113s esam vajadz\u012bgi daudz vair\u0101k nek\u0101 mums vi\u0146i.\u201d<\/p>\n<p>\u201cMan pat\u012bk NATO. Es tikai pr\u0101toju \u2013 ja mums vajadz\u0113tu, vai vi\u0146i b\u016btu mums blakus? Ziniet, m\u0113s t\u0113r\u0113jam daudz naudas NATO, un es neesmu p\u0101rliecin\u0101ts, vai vi\u0146i patie\u0161\u0101m b\u016btu kl\u0101t,\u201d sac\u012bja Tramps.<\/p>\n<p>Jau iepriek\u0161 v\u0113st\u012bj\u0101m, ka Apvienot\u0101 Karaliste risina sarunas ar Eiropas sabiedrotajiem par iesp\u0113jamu milit\u0101ro sp\u0113ku izvieto\u0161anu Grenland\u0113 . \u0160\u012b so\u013ca m\u0113r\u0137is ir stiprin\u0101t Arktikas dro\u0161\u012bbu un klied\u0113t ASV prezidenta Donalda Trampa paust\u0101s ba\u017eas.<\/p>\n<p>T\u0113mas<\/p>\n<p>    SAIST\u012aTIE RAKSTI<\/p>\n","protected":false},"excerpt":{"rendered":"Ilustrat\u012bvs att\u0113ls Foto. pexels.com; Scanix\/LETA 10:44, 12. janv\u0101ris 2026 ASV prezidents Donalds Tramps v\u0113las, lai Grenlande k\u013c\u016btu par&hellip;\n","protected":false},"author":2,"featured_media":100427,"comment_status":"","ping_status":"","sticky":false,"template":"","format":"standard","meta":{"footnotes":""},"categories":[14],"tags":[23,57,28,29,32,33,22,30,31,35,39,38,36,37,34,40,20,26,27,24,25,54,55,56,21,58],"class_list":{"0":"post-101821","1":"post","2":"type-post","3":"status-publish","4":"format-standard","5":"has-post-thumbnail","7":"category-zinas-no-arvalstim","8":"tag-aktualitates","9":"tag-arvalstim","10":"tag-breaking-news","11":"tag-breakingnews","12":"tag-featured-news","13":"tag-featurednews","14":"tag-headlines","15":"tag-latest-news","16":"tag-latestnews","17":"tag-latvia","18":"tag-latvian","19":"tag-latviesu","20":"tag-latviesu-valoda","21":"tag-latviesuvaloda","22":"tag-latvija","23":"tag-lv","24":"tag-news","25":"tag-popularakas-zinas","26":"tag-popularakaszinas","27":"tag-top-stories","28":"tag-topstories","29":"tag-world","30":"tag-world-news","31":"tag-worldnews","32":"tag-zinas","33":"tag-zinas-no-arvalstim"},"share_on_mastodon":{"url":"https:\/\/pubeurope.com\/@lv\/115881302113098875","error":""},"_links":{"self":[{"href":"https:\/\/www.europesays.com\/lv\/wp-json\/wp\/v2\/posts\/101821","targetHints":{"allow":["GET"]}}],"collection":[{"href":"https:\/\/www.europesays.com\/lv\/wp-json\/wp\/v2\/posts"}],"about":[{"href":"https:\/\/www.europesays.com\/lv\/wp-json\/wp\/v2\/types\/post"}],"author":[{"embeddable":true,"href":"https:\/\/www.europesays.com\/lv\/wp-json\/wp\/v2\/users\/2"}],"replies":[{"embeddable":true,"href":"https:\/\/www.europesays.com\/lv\/wp-json\/wp\/v2\/comments?post=101821"}],"version-history":[{"count":0,"href":"https:\/\/www.europesays.com\/lv\/wp-json\/wp\/v2\/posts\/101821\/revisions"}],"wp:featuredmedia":[{"embeddable":true,"href":"https:\/\/www.europesays.com\/lv\/wp-json\/wp\/v2\/media\/100427"}],"wp:attachment":[{"href":"https:\/\/www.europesays.com\/lv\/wp-json\/wp\/v2\/media?parent=101821"}],"wp:term":[{"taxonomy":"category","embeddable":true,"href":"https:\/\/www.europesays.com\/lv\/wp-json\/wp\/v2\/categories?post=101821"},{"taxonomy":"post_tag","embeddable":true,"href":"https:\/\/www.europesays.com\/lv\/wp-json\/wp\/v2\/tags?post=101821"}],"curies":[{"name":"wp","href":"https:\/\/api.w.org\/{rel}","templated":true}]}}