{"id":101822,"date":"2026-01-12T08:58:13","date_gmt":"2026-01-12T08:58:13","guid":{"rendered":"https:\/\/www.europesays.com\/lv\/101822\/"},"modified":"2026-01-12T08:58:13","modified_gmt":"2026-01-12T08:58:13","slug":"de-facto-senata-spriedums-sarezgis-kartelu-atklasanu","status":"publish","type":"post","link":"https:\/\/www.europesays.com\/lv\/101822\/","title":{"rendered":"de facto: Sen\u0101ta spriedums sare\u017e\u0123\u012bs karte\u013cu atkl\u0101\u0161anu"},"content":{"rendered":"<p class=\"descr\">Glu\u017ei k\u0101 Ziemassv\u0113tku d\u0101vana vair\u0101k\u0101m celtniec\u012bbas komp\u0101nij\u0101m bija decembr\u012b pie\u0146emtais Augst\u0101k\u0101s tiesas spriedums b\u016bvnieku karte\u013ca liet\u0101. Sen\u0101ts atzina, ka konkurences p\u0101rk\u0101pumu izmekl\u0113\u0161an\u0101 nedr\u012bkst\u0113ja izmantot Korupcijas nov\u0113r\u0161anas un apkaro\u0161anas biroja (KNAB) slepeni ierakst\u012bt\u0101s b\u016bvfirmu \u012bpa\u0161nieku sarunas, v\u0113sta LTV raid\u012bjums \u201cde facto\u201d.<\/p>\n<p>Tagad lieta b\u016bs j\u0101izskata v\u0113lreiz, bet nu vairs neizmantojot audioierakstus k\u0101 pier\u0101d\u012bjumus. Sen\u0101ta spriedums ne tikai ietekm\u0113s konkr\u0113t\u0101s lietas t\u0101l\u0101ku izties\u0101\u0161anu, bet krietni sare\u017e\u0123\u012bs l\u012bdz\u012bgu p\u0101rk\u0101pumu izmekl\u0113\u0161anu n\u0101kotn\u0113.<\/p>\n<p>Latvijas liel\u0101k\u0101s <a href=\"https:\/\/nra.lv\/birka\/buvnieki\/\" target=\"_blank\" rel=\"noopener nofollow\">b\u016bvfirmas<\/a> un to \u012bpa\u0161nieki 2019. gada septembr\u012b sa\u0146\u0113ma dubultu sitienu. Izmekl\u0113\u0161anu par iesp\u0113jamu kuku\u013co\u0161anu b\u016bvniec\u012bbas iepirkumos bija uzs\u0101cis <a href=\"https:\/\/nra.lv\/birka\/knab\/\" target=\"_blank\" rel=\"noopener nofollow\">KNAB<\/a>, savuk\u0101rt lietu par aizliegtu tirgus sadali ierosin\u0101ja Konkurences padome. Abu iest\u0101\u017eu darb\u012bbas bija koordin\u0113tas.<\/p>\n<p>Pietiekamus pier\u0101d\u012bjumus <a href=\"https:\/\/nra.lv\/birka\/kukuldosana\/\" target=\"_blank\" rel=\"noopener nofollow\">kuku\u013co\u0161anai<\/a> KNAB nesav\u0101ca, bet par aizliegtu vieno\u0161anos iepirkumos konkurences uzraugi sod\u012bja desmit b\u016bvfirmas. Kop\u0113jais naudas soda apm\u0113rs &#8211; 16,65 miljoni eiro.<\/p>\n<p>Asto\u0146as firmas sodus apstr\u012bd\u0113ja. Administrat\u012bv\u0101 apgabaltiesa \u0161\u012bs s\u016bdz\u012bbas noraid\u012bja. Ta\u010du decembr\u012b visu k\u0101j\u0101m gais\u0101 sagrieza Augst\u0101k\u0101s tiesas Sen\u0101ta spriedums. Centr\u0101lais secin\u0101jums &#8211; operat\u012bv\u0101s darb\u012bbas ce\u013c\u0101 ieg\u016btu inform\u0101ciju &#8211; \u0161aj\u0101 gad\u012bjum\u0101 slepeni ierakst\u012bt\u0101s <a href=\"https:\/\/nra.lv\/birka\/sarunu-noklausisanas\/\" target=\"_blank\" rel=\"noopener nofollow\">sarunas<\/a> &#8211; nevar izmantot karte\u013ca liet\u0101.<\/p>\n<p>Tiesne\u0161u sast\u0101vs secin\u0101ja, ka Operat\u012bv\u0101s darb\u012bbas likums \u013coti strikti nosaka m\u0113r\u0137us slepenu darb\u012bbu veik\u0161anai. To skait\u0101 nav <a href=\"https:\/\/nra.lv\/birka\/administrativas-lietas\/\" target=\"_blank\" rel=\"noopener nofollow\">administrat\u012bvas lietas<\/a>, pie k\u0101d\u0101m pieskait\u0101mi ar\u012b konkurences p\u0101rk\u0101pumi. Sen\u0101ts zem\u0101kas instances spriedumu atc\u0113la. Lieta b\u016bs j\u0101izskata atk\u0101rtoti, \u0161oreiz no pier\u0101d\u012bjumu kopuma izsl\u0113dzot sarunu audioierakstus.<\/p>\n<p><a href=\"https:\/\/nra.lv\/birka\/konkurences-padome\/\" target=\"_blank\" rel=\"noopener nofollow\">Konkurences padom\u0113<\/a> nesl\u0113pj, ka b\u016bvnieku karteli izdev\u0101s atkl\u0101t tie\u0161i pateicoties noklaus\u012btaj\u0101m sarun\u0101m. Bet spekul\u0113t par lietas izn\u0101kumu iest\u0101des vad\u012bt\u0101ja Ieva \u0160mite nev\u0113las: \u201cTas ir tas veids, k\u0101 \u0161is kartelis tika realiz\u0113ts, mutv\u0101rdos, un pat neinform\u0113jot \u0161o uz\u0146\u0113mumu darbiniekus, ka past\u0101v \u0161\u0101da vieno\u0161an\u0101s. Par karteli zin\u0101ja tie\u0161i tie, kas piedal\u012bj\u0101s sarun\u0101s. L\u012bdz ar to tagad pateikt, vai mums b\u016bs tie\u0161i \u0161\u0101ds rezult\u0101ts bez pier\u0101d\u012bjumiem, nav iesp\u0113jams.\u201d<\/p>\n<p>Ar <a href=\"https:\/\/nra.lv\/birka\/augstaka-tiesa\/\" target=\"_blank\" rel=\"noopener nofollow\">Augst\u0101k\u0101s tiesas<\/a> spriedumu apmierin\u0101ti var justies b\u016bvnieki. Gandr\u012bz visu iesaist\u012bto komp\u0101niju advok\u0101ti kas\u0101cijas s\u016bdz\u012bb\u0101s pauda, ka inform\u0101cija no KNAB veikt\u0101s sarunu noklaus\u012b\u0161an\u0101s nodota Konkurences padomei prettiesiski.<\/p>\n<p>Turpretim Konkurences padom\u0113 uzskata, ka Augst\u0101k\u0101s tiesas v\u0113rt\u0113jums bijis \u0161aurs un form\u0101ls, ignor\u0113jot ieguvumu sabiedr\u012bbai no karte\u013ca aptur\u0113\u0161anas un citus aspektus.<\/p>\n<blockquote><p>K\u0101ds ir tiesas v\u0113st\u012bjums \u0161aj\u0101 situ\u0101cij\u0101? Vai tad Korupcijas nov\u0113r\u0161anas un apkaro\u0161anas birojam, saprotot, ka notiek \u0161\u0101da veida kr\u0101pnieciskas darb\u012bbas, vajadz\u0113ja ignor\u0113t un \u013caut tupin\u0101t \u0161o p\u0101rk\u0101pumu veikt?\u201d retoriski vaic\u0101 Konkurences padomes vad\u012bt\u0101ja <a href=\"https:\/\/nra.lv\/birka\/ieva-smite\/\" target=\"_blank\" rel=\"noopener nofollow\">\u0160mite<\/a>.<\/p><\/blockquote>\n<p>KNAB uzskata, ka vi\u0146iem esot bijis pien\u0101kumus par iesp\u0113jamo karteli zi\u0146ot. KNAB skaidro, ka nodevu\u0161i t\u0101l\u0101k nevis pa\u0161as operat\u012bv\u0101s lietas materi\u0101lus, bet <a href=\"https:\/\/nra.lv\/birka\/kriminalprocess\/\" target=\"_blank\" rel=\"noopener nofollow\">krimin\u0101lprocesa<\/a> materi\u0101lus, kad sarunas jau bija deklasific\u0113tas.<\/p>\n<p>Tom\u0113r Sen\u0101ts nosprieda, ka operat\u012bv\u0101 ce\u013c\u0101 ieg\u016btu inform\u0101ciju, pat ja t\u0101 ir pievienota krimin\u0101llietai, nedr\u012bkst izmantot likum\u0101 neparedz\u0113tiem m\u0113r\u0137iem. Augst\u0101k\u0101 tiesa atsauc\u0101s uz Eiropas cilv\u0113kties\u012bbu tiesas praksi v\u0113rt\u0113jot noklaus\u012btu telefonsarunu izmanto\u0161anu analo\u0123isk\u0101 liet\u0101 N\u012bderland\u0113.<\/p>\n<p>\u0160is Sen\u0101ta spriedums tagad b\u016bs j\u0101\u0146em v\u0113r\u0101, izmekl\u0113jot jebkuru citu krimin\u0101llietu.<\/p>\n<p>\t\t\t\t\t\tinfo<\/p>\n<p>Uzzini pirmais<br \/>kas interesants noticis Latvij\u0101 un pasaul\u0113,<br \/>pievienojoties mums <a href=\"https:\/\/t.me\/neatkariga\" rel=\"nofollow\">Telegram<\/a> vai <a href=\"https:\/\/whatsapp.com\/channel\/0029VaMLFUH5K3zLU5s4wm3y\" rel=\"nofollow noopener\" target=\"_blank\">Whatsapp<\/a> kan\u0101l\u0101<\/p>\n","protected":false},"excerpt":{"rendered":"Glu\u017ei k\u0101 Ziemassv\u0113tku d\u0101vana vair\u0101k\u0101m celtniec\u012bbas komp\u0101nij\u0101m bija decembr\u012b pie\u0146emtais Augst\u0101k\u0101s tiesas spriedums b\u016bvnieku karte\u013ca liet\u0101. Sen\u0101ts atzina,&hellip;\n","protected":false},"author":2,"featured_media":101823,"comment_status":"","ping_status":"","sticky":false,"template":"","format":"standard","meta":{"footnotes":""},"categories":[12],"tags":[23,28,29,32,33,22,30,31,35,39,38,36,37,34,40,20,26,27,24,25,21],"class_list":{"0":"post-101822","1":"post","2":"type-post","3":"status-publish","4":"format-standard","5":"has-post-thumbnail","7":"category-latvija","8":"tag-aktualitates","9":"tag-breaking-news","10":"tag-breakingnews","11":"tag-featured-news","12":"tag-featurednews","13":"tag-headlines","14":"tag-latest-news","15":"tag-latestnews","16":"tag-latvia","17":"tag-latvian","18":"tag-latviesu","19":"tag-latviesu-valoda","20":"tag-latviesuvaloda","21":"tag-latvija","22":"tag-lv","23":"tag-news","24":"tag-popularakas-zinas","25":"tag-popularakaszinas","26":"tag-top-stories","27":"tag-topstories","28":"tag-zinas"},"share_on_mastodon":{"url":"https:\/\/pubeurope.com\/@lv\/115881305938177003","error":""},"_links":{"self":[{"href":"https:\/\/www.europesays.com\/lv\/wp-json\/wp\/v2\/posts\/101822","targetHints":{"allow":["GET"]}}],"collection":[{"href":"https:\/\/www.europesays.com\/lv\/wp-json\/wp\/v2\/posts"}],"about":[{"href":"https:\/\/www.europesays.com\/lv\/wp-json\/wp\/v2\/types\/post"}],"author":[{"embeddable":true,"href":"https:\/\/www.europesays.com\/lv\/wp-json\/wp\/v2\/users\/2"}],"replies":[{"embeddable":true,"href":"https:\/\/www.europesays.com\/lv\/wp-json\/wp\/v2\/comments?post=101822"}],"version-history":[{"count":0,"href":"https:\/\/www.europesays.com\/lv\/wp-json\/wp\/v2\/posts\/101822\/revisions"}],"wp:featuredmedia":[{"embeddable":true,"href":"https:\/\/www.europesays.com\/lv\/wp-json\/wp\/v2\/media\/101823"}],"wp:attachment":[{"href":"https:\/\/www.europesays.com\/lv\/wp-json\/wp\/v2\/media?parent=101822"}],"wp:term":[{"taxonomy":"category","embeddable":true,"href":"https:\/\/www.europesays.com\/lv\/wp-json\/wp\/v2\/categories?post=101822"},{"taxonomy":"post_tag","embeddable":true,"href":"https:\/\/www.europesays.com\/lv\/wp-json\/wp\/v2\/tags?post=101822"}],"curies":[{"name":"wp","href":"https:\/\/api.w.org\/{rel}","templated":true}]}}