{"id":101825,"date":"2026-01-12T09:00:07","date_gmt":"2026-01-12T09:00:07","guid":{"rendered":"https:\/\/www.europesays.com\/lv\/101825\/"},"modified":"2026-01-12T09:00:07","modified_gmt":"2026-01-12T09:00:07","slug":"musu-gimene-sogad-kluvusi-vel-kuplaka-lai-milestiba-vairojas-dvinsku-paris-pazino-par-gimenes-pieaugumu","status":"publish","type":"post","link":"https:\/\/www.europesays.com\/lv\/101825\/","title":{"rendered":"\u201cM\u016bsu \u0123imene \u0161ogad k\u013cuvusi v\u0113l kupl\u0101ka. Lai m\u012blest\u012bba vairojas!\u201d Dvinsku p\u0101ris pazi\u0146o par \u0123imenes pieaugumu"},"content":{"rendered":"<p>    <img decoding=\"async\" src=\"https:\/\/www.europesays.com\/lv\/wp-content\/uploads\/2026\/01\/dvinska-1024x708.jpg\" alt=\"&#10;R\u016bta Dvinska.&#10;\"\/><\/p>\n<p>R\u016bta Dvinska.<\/p>\n<p>Publicit\u0101tes foto\n<\/p>\n<p>Kaspara un R\u016btas Dvinskas \u0123imene \u0161ogad k\u013cuvusi v\u0113l kupl\u0101ka. R\u016bta sav\u0101 soci\u0101l\u0101 t\u012bkla \u201cInstagram\u201d kont\u0101 pazi\u0146ojusi, ka vi\u0146u \u0123imenei pievienoju\u0161ies divi jauni locek\u013ci \u2013 Bernes ganu su\u0146i Tango un Tessa.<\/p>\n<p>        Las\u012bt\u0101kie<br \/>\n        <a data-imagesrc=\"{&quot;300&quot;:&quot;https:\\\/\\\/lastatic.ams3.cdn.digitaloceanspaces.com\\\/2026\\\/01\\\/pexels-cottonbro-9654725-300x200.jpg&quot;,&quot;1024&quot;:&quot;https:\\\/\\\/lastatic.ams3.cdn.digitaloceanspaces.com\\\/2026\\\/01\\\/pexels-cottonbro-9654725-1024x683.jpg&quot;,&quot;1536&quot;:&quot;https:\\\/\\\/lastatic.ams3.cdn.digitaloceanspaces.com\\\/2026\\\/01\\\/pexels-cottonbro-9654725-1536x1024.jpg&quot;,&quot;500&quot;:&quot;https:\\\/\\\/lastatic.ams3.cdn.digitaloceanspaces.com\\\/2026\\\/01\\\/pexels-cottonbro-9654725-500x333.jpg&quot;,&quot;800&quot;:&quot;https:\\\/\\\/lastatic.ams3.cdn.digitaloceanspaces.com\\\/2026\\\/01\\\/pexels-cottonbro-9654725-800x533.jpg&quot;,&quot;2560&quot;:&quot;https:\\\/\\\/lastatic.ams3.cdn.digitaloceanspaces.com\\\/2026\\\/01\\\/pexels-cottonbro-9654725-scaled.jpg&quot;}\" data-focuspoint=\"&quot;&quot;\" data-p=\"2488952\" href=\"https:\/\/www.la.lv\/astrologi-sarindojusi-zodiaka-zimes-pec-prata-spejam-pirmo-vietu-aiznem-dvini-bet-pedejo\" class=\"content-item lazy-load\" wp_automatic_readability=\"27\" rel=\"nofollow noopener\" target=\"_blank\"><\/p>\n<p>                                <img decoding=\"async\" src=\"\" alt=\"\" style=\"\" data-imageid=\"\"\/><\/p>\n<p>                                Kokteilis<\/p>\n<p>\n                                                Astrologi sarindoju\u0161i zodiaka z\u012bmes p\u0113c pr\u0101ta sp\u0113j\u0101m: pirmo vietu aiz\u0146em Dv\u012b\u0146i, bet p\u0113d\u0113jo\u2026\n                            <\/p>\n<p><\/a><a data-imagesrc=\"{&quot;300&quot;:&quot;https:\\\/\\\/lastatic.ams3.cdn.digitaloceanspaces.com\\\/2025\\\/04\\\/LET_24510420-1-300x198.jpg&quot;,&quot;768&quot;:&quot;https:\\\/\\\/lastatic.ams3.cdn.digitaloceanspaces.com\\\/2025\\\/04\\\/LET_24510420-1-768x506.jpg&quot;,&quot;200&quot;:&quot;https:\\\/\\\/lastatic.ams3.cdn.digitaloceanspaces.com\\\/2025\\\/04\\\/LET_24510420-1-200x132.jpg&quot;,&quot;400&quot;:&quot;https:\\\/\\\/lastatic.ams3.cdn.digitaloceanspaces.com\\\/2025\\\/04\\\/LET_24510420-1-400x264.jpg&quot;,&quot;500&quot;:&quot;https:\\\/\\\/lastatic.ams3.cdn.digitaloceanspaces.com\\\/2025\\\/04\\\/LET_24510420-1-500x330.jpg&quot;,&quot;800&quot;:&quot;https:\\\/\\\/lastatic.ams3.cdn.digitaloceanspaces.com\\\/2025\\\/04\\\/LET_24510420-1-800x527.jpg&quot;,&quot;1000&quot;:&quot;https:\\\/\\\/lastatic.ams3.cdn.digitaloceanspaces.com\\\/2025\\\/04\\\/LET_24510420-1.jpg&quot;}\" data-focuspoint=\"&quot;&quot;\" data-p=\"2492578\" href=\"https:\/\/www.la.lv\/gripai-sogad-ir-neparasts-simptoms-kas-ipasi-mulsina-pacientus\" class=\"content-item lazy-load\" wp_automatic_readability=\"26.5\" rel=\"nofollow noopener\" target=\"_blank\"><\/p>\n<p>                                <img decoding=\"async\" src=\"\" alt=\"\" style=\"\" data-imageid=\"\"\/><\/p>\n<p>\n                                                Gripai \u0161ogad ir neparasts simptoms, kas \u012bpa\u0161i mulsina pacientus<\/p>\n<p><\/a><a data-imagesrc=\"{&quot;300&quot;:&quot;https:\\\/\\\/lastatic.ams3.cdn.digitaloceanspaces.com\\\/2026\\\/01\\\/LET_24880109-300x201.jpg&quot;,&quot;1024&quot;:&quot;https:\\\/\\\/lastatic.ams3.cdn.digitaloceanspaces.com\\\/2026\\\/01\\\/LET_24880109-1024x684.jpg&quot;,&quot;1536&quot;:&quot;https:\\\/\\\/lastatic.ams3.cdn.digitaloceanspaces.com\\\/2026\\\/01\\\/LET_24880109-1536x1027.jpg&quot;,&quot;500&quot;:&quot;https:\\\/\\\/lastatic.ams3.cdn.digitaloceanspaces.com\\\/2026\\\/01\\\/LET_24880109-500x334.jpg&quot;,&quot;800&quot;:&quot;https:\\\/\\\/lastatic.ams3.cdn.digitaloceanspaces.com\\\/2026\\\/01\\\/LET_24880109-800x535.jpg&quot;,&quot;2560&quot;:&quot;https:\\\/\\\/lastatic.ams3.cdn.digitaloceanspaces.com\\\/2026\\\/01\\\/LET_24880109-scaled.jpg&quot;}\" data-focuspoint=\"&quot;&quot;\" data-p=\"2492591\" href=\"https:\/\/www.la.lv\/latviesi-tiek-aicinati-rit-piedalities-ipasi-sirsniga-akcija-par-godu-raimonda-paula-90-jubilejai\" class=\"content-item lazy-load\" wp_automatic_readability=\"26.5\" rel=\"nofollow noopener\" target=\"_blank\"><\/p>\n<p>                                <img decoding=\"async\" src=\"\" alt=\"\" style=\"\" data-imageid=\"\"\/><\/p>\n<p>                                Kokteilis<\/p>\n<p>\n                                                Latvie\u0161i tiek aicin\u0101ti r\u012bt piedal\u012bties \u012bpa\u0161i sirsn\u012bg\u0101 akcij\u0101 par godu Raimonda Paula 90.jubilejai\n                            <\/p>\n<p><\/a><br \/>\n        <a class=\"read-more\" href=\"https:\/\/www.la.lv\/top\" rel=\"nofollow noopener\" target=\"_blank\">Las\u012bt citas zi\u0146as<\/a><\/p>\n<p>\u201cTANGO&amp;TESSA. M\u016bsu \u0123imene \u0161ogad k\u013cuvusi v\u0113l kupl\u0101ka. Lai m\u012blest\u012bba vairojas!\u201d pie publik\u0101cijas raksta R\u016bta.<\/p>\n<blockquote class=\"instagram-media\" data-instgrm-captioned=\"\" data-instgrm-permalink=\"https:\/\/www.instagram.com\/p\/DTX19h_DEKp\/?utm_source=ig_embed&amp;utm_campaign=loading\" data-instgrm-version=\"14\" style=\" background:#FFF; border:0; border-radius:3px; box-shadow:0 0 1px 0 rgba(0,0,0,0.5),0 1px 10px 0 rgba(0,0,0,0.15); margin: 1px; max-width:540px; min-width:326px; padding:0; width:99.375%; width:-webkit-calc(100% - 2px); width:calc(100% - 2px);\" wp_automatic_readability=\"-0.28767123287671\">\n<\/blockquote>\n<p>    CITI \u0160OBR\u012aD LASA<\/p>\n<p>Jau iepriek\u0161 esam v\u0113st\u012bju\u0161i, ka 2024. gad\u0101 soci\u0101lajos t\u012bklos TV person\u012bba R\u016bta Dvinska dal\u012bj\u0101s sav\u0101 priek\u0101 ar citiem \u2013 pasaul\u0113 n\u0101ca vi\u0146as tre\u0161\u0101 meiti\u0146a Tr\u012bne. <\/p>\n<p>\u201cLiel\u0101 diena \u2013 gaisma ir uzvar\u0113jusi tumsu, dienas k\u013c\u016bst gar\u0101kas par nakt\u012bm. Bet mums katra diena liela. Sagaid\u0101m saull\u0113ktus, skatoties pa logu uz d\u0101rzu un es st\u0101stu Tr\u012bnei, ka dr\u012bz jau skat\u012bsimies uz savu plauksto\u0161o tulpju dobi,\u201d R\u016bta Dvinska nor\u0101d\u012bja \u201cInstagram\u201d ierakst\u0101.<\/p>\n<p>Pla\u0161\u0101ka sabiedr\u012bba par \u0123imenes skaistajiem jaunumiem uzzin\u0101ja 2024. gada novembr\u012b, kad TV person\u012bba R\u016bta Dvinska un vi\u0146as v\u012brs, sporta \u017eurn\u0101lists Kaspars Dvinskis, vietn\u0113 \u201cInstagram\u201d dal\u012bj\u0101s ar priec\u012bgiem jaunumiem.<\/p>\n<p>\u201cM\u016bsu \u0123imenei \u0161is rudens neb\u016bt nav tum\u0161s. Tas ir aplaimots, gaidot agru, gai\u0161u, plauksto\u0161u pavasari. Paldies Tev, m\u012b\u013cais, par to ka kop\u0101 m\u016bsu m\u012blest\u012bbai nav robe\u017eu,\u201d \u2013 R\u016bta ierakst\u012bjusi pie fotogr\u0101fij\u0101m, kur\u0101s kop\u0101 redzama visa \u0123imene \u2013 R\u016bta pati, vi\u0146as v\u012brs Kaspars un abu meitas. Fotogr\u0101fij\u0101s redzams, ka R\u016bta ir mazu\u013ca gaid\u012bb\u0101s.<\/p>\n<p>T\u0113mas<\/p>\n<p>    SAIST\u012aTIE RAKSTI<\/p>\n<p>                            <script async src=\"\/\/www.instagram.com\/embed.js\"><\/script><\/p>\n","protected":false},"excerpt":{"rendered":"R\u016bta Dvinska. Publicit\u0101tes foto Kaspara un R\u016btas Dvinskas \u0123imene \u0161ogad k\u013cuvusi v\u0113l kupl\u0101ka. R\u016bta sav\u0101 soci\u0101l\u0101 t\u012bkla \u201cInstagram\u201d&hellip;\n","protected":false},"author":2,"featured_media":101826,"comment_status":"","ping_status":"","sticky":false,"template":"","format":"standard","meta":{"footnotes":""},"categories":[19],"tags":[89,90,35,39,38,36,37,34,40],"class_list":{"0":"post-101825","1":"post","2":"type-post","3":"status-publish","4":"format-standard","5":"has-post-thumbnail","7":"category-izklaide","8":"tag-entertainment","9":"tag-izklaide","10":"tag-latvia","11":"tag-latvian","12":"tag-latviesu","13":"tag-latviesu-valoda","14":"tag-latviesuvaloda","15":"tag-latvija","16":"tag-lv"},"share_on_mastodon":{"url":"https:\/\/pubeurope.com\/@lv\/115881313763989586","error":""},"_links":{"self":[{"href":"https:\/\/www.europesays.com\/lv\/wp-json\/wp\/v2\/posts\/101825","targetHints":{"allow":["GET"]}}],"collection":[{"href":"https:\/\/www.europesays.com\/lv\/wp-json\/wp\/v2\/posts"}],"about":[{"href":"https:\/\/www.europesays.com\/lv\/wp-json\/wp\/v2\/types\/post"}],"author":[{"embeddable":true,"href":"https:\/\/www.europesays.com\/lv\/wp-json\/wp\/v2\/users\/2"}],"replies":[{"embeddable":true,"href":"https:\/\/www.europesays.com\/lv\/wp-json\/wp\/v2\/comments?post=101825"}],"version-history":[{"count":0,"href":"https:\/\/www.europesays.com\/lv\/wp-json\/wp\/v2\/posts\/101825\/revisions"}],"wp:featuredmedia":[{"embeddable":true,"href":"https:\/\/www.europesays.com\/lv\/wp-json\/wp\/v2\/media\/101826"}],"wp:attachment":[{"href":"https:\/\/www.europesays.com\/lv\/wp-json\/wp\/v2\/media?parent=101825"}],"wp:term":[{"taxonomy":"category","embeddable":true,"href":"https:\/\/www.europesays.com\/lv\/wp-json\/wp\/v2\/categories?post=101825"},{"taxonomy":"post_tag","embeddable":true,"href":"https:\/\/www.europesays.com\/lv\/wp-json\/wp\/v2\/tags?post=101825"}],"curies":[{"name":"wp","href":"https:\/\/api.w.org\/{rel}","templated":true}]}}