{"id":101827,"date":"2026-01-12T09:03:06","date_gmt":"2026-01-12T09:03:06","guid":{"rendered":"https:\/\/www.europesays.com\/lv\/101827\/"},"modified":"2026-01-12T09:03:06","modified_gmt":"2026-01-12T09:03:06","slug":"zviedrija-atvel-papildu-14-miljardus-eiro-pretgaisa-aizsardzibai","status":"publish","type":"post","link":"https:\/\/www.europesays.com\/lv\/101827\/","title":{"rendered":"Zviedrija atv\u0113l papildu 1,4 miljardus eiro pretgaisa aizsardz\u012bbai"},"content":{"rendered":"<p>M\u0113r\u0137is ir aizsarg\u0101t kaujas vien\u012bbas, mobiliz\u0101cijas sp\u0113jas, pils\u0113tas un civilo infrastrukt\u016bru, tostarp tiltus, dzelzce\u013ca mezglus un kritiski svar\u012bgos objektus, piem\u0113ram, atomelektrostacijas un hidroelektrostacijas. Iepriek\u0161 uzsvars tika likts uz milit\u0101ro vien\u012bbu un milit\u0101r\u0101s infrastrukt\u016bras aizsardz\u012bbu.<\/p>\n<p>&#8220;Ukrainas pieredze r\u0101da, cik svar\u012bga ir uzticama pretgaisa aizsardz\u012bba,&#8221; nor\u0101d\u012bja Aizsardz\u012bbas ministrija. &#8220;Runa ir par cilv\u0113ku dz\u012bv\u012bbu, m\u016bsu br\u012bv\u012bbas aizsardz\u012bbu un m\u016bsu sp\u0113ju pretoties uzbrukumiem vis\u0101s valsts da\u013c\u0101s,&#8221; pazi\u0146oja Zviedrijas premjerministrs Ulfs Kristersons.<\/p>\n<p>Aizsardz\u012bbas ministrs Pols Jonsons piebilda, ka \u0161ie pas\u0101kumi stiprina valsts aizsardz\u012bbas sp\u0113jas un <a href=\"https:\/\/www.apollo.lv\/term\/9898\/nato\" class=\"topicLink\" target=\"_blank\" rel=\"nofollow noopener\">NATO<\/a> draudu attur\u0113\u0161anas sp\u0113jas.<\/p>\n<p>Finans\u0113jums cita starp\u0101 tiks izmantots aizsardz\u012bbas l\u012bdzek\u013ciem pret droniem un Zviedrijas karaku\u0123u zen\u012btartil\u0113rijai.<\/p>\n<p>Novembr\u012b <a href=\"https:\/\/www.apollo.lv\/term\/555552\/zviedrija\" class=\"topicLink\" target=\"_blank\" rel=\"nofollow noopener\">Zviedrija<\/a> pazi\u0146oja par nodomu ieg\u0101d\u0101ties pretgaisa aizsardz\u012bbas sist\u0113mas &#8220;Iris-T&#8221; aptuveni 317 miljonu eiro v\u0113rt\u012bb\u0101.<\/p>\n","protected":false},"excerpt":{"rendered":"M\u0113r\u0137is ir aizsarg\u0101t kaujas vien\u012bbas, mobiliz\u0101cijas sp\u0113jas, pils\u0113tas un civilo infrastrukt\u016bru, tostarp tiltus, dzelzce\u013ca mezglus un kritiski svar\u012bgos&hellip;\n","protected":false},"author":2,"featured_media":101828,"comment_status":"","ping_status":"","sticky":false,"template":"","format":"standard","meta":{"footnotes":""},"categories":[14],"tags":[23,57,28,29,32,33,22,30,31,35,39,38,36,37,34,40,71,20,26,27,24,25,54,55,56,21,58,185],"class_list":{"0":"post-101827","1":"post","2":"type-post","3":"status-publish","4":"format-standard","5":"has-post-thumbnail","7":"category-zinas-no-arvalstim","8":"tag-aktualitates","9":"tag-arvalstim","10":"tag-breaking-news","11":"tag-breakingnews","12":"tag-featured-news","13":"tag-featurednews","14":"tag-headlines","15":"tag-latest-news","16":"tag-latestnews","17":"tag-latvia","18":"tag-latvian","19":"tag-latviesu","20":"tag-latviesu-valoda","21":"tag-latviesuvaloda","22":"tag-latvija","23":"tag-lv","24":"tag-nato","25":"tag-news","26":"tag-popularakas-zinas","27":"tag-popularakaszinas","28":"tag-top-stories","29":"tag-topstories","30":"tag-world","31":"tag-world-news","32":"tag-worldnews","33":"tag-zinas","34":"tag-zinas-no-arvalstim","35":"tag-zviedrija"},"share_on_mastodon":{"url":"https:\/\/pubeurope.com\/@lv\/115881325628121193","error":""},"_links":{"self":[{"href":"https:\/\/www.europesays.com\/lv\/wp-json\/wp\/v2\/posts\/101827","targetHints":{"allow":["GET"]}}],"collection":[{"href":"https:\/\/www.europesays.com\/lv\/wp-json\/wp\/v2\/posts"}],"about":[{"href":"https:\/\/www.europesays.com\/lv\/wp-json\/wp\/v2\/types\/post"}],"author":[{"embeddable":true,"href":"https:\/\/www.europesays.com\/lv\/wp-json\/wp\/v2\/users\/2"}],"replies":[{"embeddable":true,"href":"https:\/\/www.europesays.com\/lv\/wp-json\/wp\/v2\/comments?post=101827"}],"version-history":[{"count":0,"href":"https:\/\/www.europesays.com\/lv\/wp-json\/wp\/v2\/posts\/101827\/revisions"}],"wp:featuredmedia":[{"embeddable":true,"href":"https:\/\/www.europesays.com\/lv\/wp-json\/wp\/v2\/media\/101828"}],"wp:attachment":[{"href":"https:\/\/www.europesays.com\/lv\/wp-json\/wp\/v2\/media?parent=101827"}],"wp:term":[{"taxonomy":"category","embeddable":true,"href":"https:\/\/www.europesays.com\/lv\/wp-json\/wp\/v2\/categories?post=101827"},{"taxonomy":"post_tag","embeddable":true,"href":"https:\/\/www.europesays.com\/lv\/wp-json\/wp\/v2\/tags?post=101827"}],"curies":[{"name":"wp","href":"https:\/\/api.w.org\/{rel}","templated":true}]}}