{"id":101829,"date":"2026-01-12T09:04:08","date_gmt":"2026-01-12T09:04:08","guid":{"rendered":"https:\/\/www.europesays.com\/lv\/101829\/"},"modified":"2026-01-12T09:04:08","modified_gmt":"2026-01-12T09:04:08","slug":"varam-ministrs-daleji-aptur-bauskas-un-preilu-novadu-teritoriju-planojumus-prettiesisku-atjaunigo-energoresursu-razosanas-ierobezojumu-del","status":"publish","type":"post","link":"https:\/\/www.europesays.com\/lv\/101829\/","title":{"rendered":"VARAM ministrs da\u013c\u0113ji aptur Bauskas un Prei\u013cu novadu teritoriju pl\u0101nojumus prettiesisku atjaun\u012bgo energoresursu ra\u017eo\u0161anas ierobe\u017eojumu d\u0113\u013c"},"content":{"rendered":"<p>Vied\u0101s administr\u0101cijas un re\u0123ion\u0101l\u0101s att\u012bst\u012bbas ministrs, konstat\u0113jot b\u016btiskas juridiskas un saturiskas nepiln\u012bbas, ir izdevis r\u012bkojumus par Bauskas novada teritorijas pl\u0101nojuma un Prei\u013cu novada teritorijas pl\u0101nojuma saisto\u0161o noteikumu darb\u012bbas aptur\u0113\u0161anu da\u013c\u0101s, kas bez pietiekama datu, izp\u0113tes un tiesiska pamatojuma nosaka nesam\u0113r\u012bgus ierobe\u017eojumus atjaun\u012bgo energoresursu (AER) att\u012bst\u012bbai, komercdarb\u012bbai un priv\u0101tpersonu ties\u012bbu \u012bsteno\u0161anai.<\/p>\n<p>Ministrs Raimonds \u010cudars: \u201cTeritorijas pl\u0101nojumiem j\u0101balst\u0101s datos, un to risin\u0101jumiem j\u0101b\u016bt sam\u0113r\u012bgiem un tiesiski pamatotiem. Pa\u0161vald\u012bb\u0101m ir liela r\u012bc\u012bbas br\u012bv\u012bba teritorijas pl\u0101no\u0161anas jom\u0101, tom\u0113r nedr\u012bkst noteikt neskaidrus, nepamatotus vai p\u0101rm\u0113r\u012bgus liegumus kas b\u016btiski ierobe\u017eo personu ties\u012bbas uz \u012bpa\u0161umu un kav\u0113 kop\u0113jo valsts m\u0113r\u0137u sasnieg\u0161anu.\u201d\u00a0<\/p>\n<p>Vied\u0101s administr\u0101cijas un re\u0123ion\u0101l\u0101 att\u012bst\u012bbas ministrija (VARAM), v\u0113rt\u0113jot abu pa\u0161vald\u012bbu pl\u0101nojumus, secin\u0101ja, ka tajos noteiktie ierobe\u017eojumi nav savietojami ar abu novadu ilgtsp\u0113j\u012bgas att\u012bst\u012bbas strat\u0113\u0123ij\u0101s noteikto ekonomikas specializ\u0101ciju, kas v\u0113rstas uz AER ra\u017eo\u0161anu. Sec\u012bgi \u0146emot v\u0113r\u0101 valsts politiku, kas tie\u0161i v\u0113rsta uz AER ra\u017eo\u0161anas att\u012bst\u012bbas veicin\u0101\u0161anu, pl\u0101nojumi satur risin\u0101jumus, kas kopum\u0101 b\u016btiski ierobe\u017eo AER att\u012bst\u012bbu, non\u0101kot pretrun\u0101 ar valsts m\u0113r\u0137iem ener\u0123\u0113tisk\u0101s neatkar\u012bbas stiprin\u0101\u0161an\u0101 un p\u0101rej\u0101 uz atjaunojamiem resursiem.<\/p>\n<p>Konstat\u0113tas b\u016btiskas saturiskas neatbilst\u012bbas apb\u016bves noteikumos un pl\u0101nojuma grafiskaj\u0101 da\u013c\u0101, tostarp noteikti pla\u0161i aizliegumi un ierobe\u017eojumi v\u0113ja elektrostaciju un saules pane\u013cu parku izvieto\u0161anai ar\u012b teritorij\u0101s, kur valsts regul\u0113jums \u0161\u0101du att\u012bst\u012bbu pie\u013cauj. T\u0101pat noteiktas teritorijas ar \u012bpa\u0161iem noteikumiem, kur\u0101s aizliegta AER ra\u017eo\u0161ana, tai skait\u0101 pa\u0161pat\u0113ri\u0146am, aptverot b\u016btisku da\u013cu pa\u0161vald\u012bbas teritorijas, vienlaikus tas nav pamatots ar datos balst\u012btu izv\u0113rt\u0113jumu un nav sam\u0113r\u012bgs. Vair\u0101kos gad\u012bjumos noteikumi formul\u0113ti tiesiski nenoteikti, ar subjekt\u012bvi interpret\u0113jamiem krit\u0113rijiem, kas apgr\u016btina person\u0101m iesp\u0113ju prognoz\u0113t tiesisk\u0101s sekas un kav\u0113 att\u012bst\u012bbas ieceru \u012bsteno\u0161anu.<\/p>\n<p>          <img decoding=\"async\" src=\"https:\/\/www.europesays.com\/lv\/wp-content\/uploads\/2026\/01\/1767645852_487_logo-lv.png\" alt=\"\"\/><\/p>\n<p>                  \u0160\u012b inform\u0101cija ir publisks pazi\u0146ojums un neatspogu\u013co LV port\u0101la viedokli. Par t\u0101s saturu atbild ies\u016bt\u012bt\u0101js. <a data-popup=\"rules\">Public\u0113\u0161anas noteikumi<\/a><\/p>\n","protected":false},"excerpt":{"rendered":"Vied\u0101s administr\u0101cijas un re\u0123ion\u0101l\u0101s att\u012bst\u012bbas ministrs, konstat\u0113jot b\u016btiskas juridiskas un saturiskas nepiln\u012bbas, ir izdevis r\u012bkojumus par Bauskas novada&hellip;\n","protected":false},"author":2,"featured_media":95583,"comment_status":"","ping_status":"","sticky":false,"template":"","format":"standard","meta":{"footnotes":""},"categories":[12],"tags":[23,28,29,32,33,22,30,31,35,39,38,36,37,34,40,20,26,27,24,25,21],"class_list":{"0":"post-101829","1":"post","2":"type-post","3":"status-publish","4":"format-standard","5":"has-post-thumbnail","7":"category-latvija","8":"tag-aktualitates","9":"tag-breaking-news","10":"tag-breakingnews","11":"tag-featured-news","12":"tag-featurednews","13":"tag-headlines","14":"tag-latest-news","15":"tag-latestnews","16":"tag-latvia","17":"tag-latvian","18":"tag-latviesu","19":"tag-latviesu-valoda","20":"tag-latviesuvaloda","21":"tag-latvija","22":"tag-lv","23":"tag-news","24":"tag-popularakas-zinas","25":"tag-popularakaszinas","26":"tag-top-stories","27":"tag-topstories","28":"tag-zinas"},"share_on_mastodon":{"url":"https:\/\/pubeurope.com\/@lv\/115881329485106043","error":""},"_links":{"self":[{"href":"https:\/\/www.europesays.com\/lv\/wp-json\/wp\/v2\/posts\/101829","targetHints":{"allow":["GET"]}}],"collection":[{"href":"https:\/\/www.europesays.com\/lv\/wp-json\/wp\/v2\/posts"}],"about":[{"href":"https:\/\/www.europesays.com\/lv\/wp-json\/wp\/v2\/types\/post"}],"author":[{"embeddable":true,"href":"https:\/\/www.europesays.com\/lv\/wp-json\/wp\/v2\/users\/2"}],"replies":[{"embeddable":true,"href":"https:\/\/www.europesays.com\/lv\/wp-json\/wp\/v2\/comments?post=101829"}],"version-history":[{"count":0,"href":"https:\/\/www.europesays.com\/lv\/wp-json\/wp\/v2\/posts\/101829\/revisions"}],"wp:featuredmedia":[{"embeddable":true,"href":"https:\/\/www.europesays.com\/lv\/wp-json\/wp\/v2\/media\/95583"}],"wp:attachment":[{"href":"https:\/\/www.europesays.com\/lv\/wp-json\/wp\/v2\/media?parent=101829"}],"wp:term":[{"taxonomy":"category","embeddable":true,"href":"https:\/\/www.europesays.com\/lv\/wp-json\/wp\/v2\/categories?post=101829"},{"taxonomy":"post_tag","embeddable":true,"href":"https:\/\/www.europesays.com\/lv\/wp-json\/wp\/v2\/tags?post=101829"}],"curies":[{"name":"wp","href":"https:\/\/api.w.org\/{rel}","templated":true}]}}