{"id":101840,"date":"2026-01-12T09:16:10","date_gmt":"2026-01-12T09:16:10","guid":{"rendered":"https:\/\/www.europesays.com\/lv\/101840\/"},"modified":"2026-01-12T09:16:10","modified_gmt":"2026-01-12T09:16:10","slug":"rigas-dome-noraida-buvnieku-parmetumus-par-saistibu-neizpildi-skanstes-projekta-lente-lv","status":"publish","type":"post","link":"https:\/\/www.europesays.com\/lv\/101840\/","title":{"rendered":"R\u012bgas dome noraida b\u016bvnieku p\u0101rmetumus par saist\u012bbu neizpildi Skanstes projekt\u0101\u00a0\u2014\u00a0Lente.lv"},"content":{"rendered":"<p>Dome uzsver nosl\u0113gt\u0101s vieno\u0161an\u0101s noz\u012bmi<\/p>\n<p>R\u012bgas pa\u0161vald\u012bba kategoriski noraida b\u016bvnieku iepriek\u0161 izteiktos p\u0101rmetumus par neizpild\u012bt\u0101m saist\u012bb\u0101m saist\u012bb\u0101 ar Skanstes projekta \u012bsteno\u0161anu. R\u012bgas domes Pils\u0113tas att\u012bst\u012bbas departaments uzsver, ka visas str\u012bda jaut\u0101jumi ir gal\u012bgi atrisin\u0101ti ar 2023. gada 26. j\u016blij\u0101 nosl\u0113gto vieno\u0161anos par savstarp\u0113jiem nor\u0113\u0137iniem starp departamentu un personu apvien\u012bbu &#8220;RR Eko&#8221;. \u0160\u012b vieno\u0161an\u0101s paredz, ka b\u016bvnieku personu apvien\u012bba apliecina, ka tai nav pretenziju pret departamentu un t\u0101 turpm\u0101k nev\u0113rs\u012bsies ties\u0101 ar jebk\u0101diem pras\u012bjumiem, kas saist\u012bti ar l\u012bguma uzteikumu. Dome uzskata, ka iesniegt\u0101 b\u016bvnieku pretenzija ir nepamatota un neatbilst nosl\u0113gtaj\u0101m vieno\u0161an\u0101m un Civillikuma norm\u0101m..<\/p>\n<p>B\u016bvnieki pieprasa kompens\u0101ciju par zaud\u0113jumiem<\/p>\n<p>Iepriek\u0161 personu apvien\u012bba &#8220;RR Nord&#8221; bija iesniegusi R\u012bgas pa\u0161vald\u012bbai pretenziju, pieprasot vair\u0101k nek\u0101 2,4 miljonus eiro kompens\u0101ciju par zaud\u0113jumiem un neapmaks\u0101tiem darbiem, kas radu\u0161ies Skanstes revitaliz\u0101cijas projekta \u012bsteno\u0161anas laik\u0101. B\u016bvnieku ieskat\u0101, R\u012bgas dome 2022. gad\u0101 prettiesiski vienpus\u0113ji izbeigusi l\u012bgumu, lai gan liel\u0101k\u0101 da\u013ca darbu objekt\u0101 jau bija pabeigta. Tiek nor\u0101d\u012bts, ka l\u012bguma lau\u0161ana tika pamatota ar form\u0101liem iemesliem, kas neatbilst faktiskajai situ\u0101cijai un l\u012bguma noteikumiem, savuk\u0101rt par b\u016btiskiem tr\u016bkumiem pa\u0161vald\u012bba tika inform\u0113ta jau iepriek\u0161. &#8220;RR Nord&#8221; p\u0101rst\u0101vis J\u0101nis Dzintars uzsv\u0113ra, ka pa\u0161vald\u012bbas l\u0113mumi un bezdarb\u012bba ir rad\u012bju\u0161i situ\u0101ciju, kur\u0101 uz\u0146\u0113m\u0113jam gadiem ilgi netiek samaks\u0101ts par paveikto darbu..<\/p>\n<p>Skanstes projekta sare\u017e\u0123\u012bt\u0101 v\u0113sture<\/p>\n<p>Skanstes revitaliz\u0101cijas projekts kop\u0161 t\u0101 s\u0101kuma ir sask\u0101ries ar vair\u0101k\u0101m probl\u0113m\u0101m. S\u0101kotn\u0113jais b\u016bvdarbu l\u012bgums tika nosl\u0113gts 2020. gada mart\u0101. Tom\u0113r jau agr\u0101k tika konstat\u0113tas probl\u0113mas ar neatbilsto\u0161u b\u016bvniec\u012bbas kvalit\u0101ti un grunts s\u0113\u0161anos, ko izrais\u012bja grunts\u016bde\u0146i. \u0160\u012bs probl\u0113mas d\u0113\u013c projekta realiz\u0101cija tika uz laiku aptur\u0113ta, lai noskaidrotu apst\u0101k\u013cus, veiktu izp\u0113ti un izmai\u0146as b\u016bvprojekt\u0101. Projekta \u012bsteno\u0161anu sare\u017e\u0123\u012bja ar\u012b nepietiekams finans\u0113jums un zem\u0101 s\u0101kotn\u0113j\u0101 b\u016bvniec\u012bbas iepirkuma cena. Tiek zi\u0146ots, ka objekta sak\u0101rto\u0161ana vien jau izmaks\u0101ja ap diviem miljoniem eiro, un paredzams, ka n\u0101kotn\u0113 b\u016bs nepiecie\u0161ami papildu l\u012bdzek\u013ci in\u017eenierkomunik\u0101ciju un segumu atjauno\u0161anai..<\/p>\n<p>Dome uzsver nosl\u0113gt\u0101s vieno\u0161an\u0101s juridisko sp\u0113ku<\/p>\n<p>R\u012bgas domes Pils\u0113tas att\u012bst\u012bbas departamenta skaidrojum\u0101, 2023. gada 26. j\u016blij\u0101 starp departamentu un personu apvien\u012bbu &#8220;RR Eko&#8221; tika nosl\u0113gta vieno\u0161an\u0101s par savstarp\u0113jiem nor\u0113\u0137iniem, kas saist\u012bta ar b\u016bvdarbu l\u012bguma izbeig\u0161anu. \u0160aj\u0101 vieno\u0161an\u0101s personu apvien\u012bba apliecin\u0101ja, ka tai nav pretenziju pret departamentu un t\u0101 vairs netiks v\u0113rsta ties\u0101 ar jebk\u0101diem pras\u012bjumiem, kas saist\u012bti ar l\u012bguma uzteikumu. Pils\u0113tas att\u012bst\u012bbas departaments uzsver, ka visi str\u012bda jaut\u0101jumi ir gal\u012bgi atrisin\u0101ti \u0161\u012bs vieno\u0161an\u0101s ietvaros, izsl\u0113dzot iesp\u0113ju tos atk\u0101rtoti aktualiz\u0113t vai celt jaunus pras\u012bjumus. T\u0101d\u0113\u013c iesniegt\u0101 pretenzija tiek uzskat\u012bta par nepamatotu un neatbilsto\u0161u nosl\u0113gtaj\u0101m vieno\u0161an\u0101m un Civillikuma norm\u0101m..<\/p>\n<p>Skanstes apkaimes att\u012bst\u012bbas perspekt\u012bvas<\/p>\n<p>Skanstes apkaime ir viena no R\u012bgas pa\u0161vald\u012bbas priorit\u0101ri att\u012bst\u0101m\u0101m teritorij\u0101m, kuras m\u0113r\u0137is ir veicin\u0101t gan dz\u012bvojamo, gan uz\u0146\u0113m\u0113jdarb\u012bbas att\u012bst\u012bbu. Lai gan revitaliz\u0101cijas projekts ir sask\u0101ries ar gr\u016bt\u012bb\u0101m, kop\u0161 2025. gada janv\u0101ra r\u012bdziniekiem ir pieejama jauna, labiek\u0101rtota teritorija ar parku, \u016bdens ainav\u0101m, pastaigu tak\u0101m un sporta laukumiem. R\u012bgas dome uzsver, ka \u0161is projekts ir solis uz priek\u0161u, lai R\u012bga k\u013c\u016btu za\u013c\u0101ka un pievilc\u012bg\u0101ka, radot apst\u0101k\u013cus uz\u0146\u0113mumu att\u012bst\u012bbai un cilv\u0113ku v\u0113lmei \u0161eit dz\u012bvot un str\u0101d\u0101t..<\/p>\n","protected":false},"excerpt":{"rendered":"Dome uzsver nosl\u0113gt\u0101s vieno\u0161an\u0101s noz\u012bmi R\u012bgas pa\u0161vald\u012bba kategoriski noraida b\u016bvnieku iepriek\u0161 izteiktos p\u0101rmetumus par neizpild\u012bt\u0101m saist\u012bb\u0101m saist\u012bb\u0101 ar&hellip;\n","protected":false},"author":2,"featured_media":101841,"comment_status":"","ping_status":"","sticky":false,"template":"","format":"standard","meta":{"footnotes":""},"categories":[12],"tags":[23,28,29,18024,32,33,22,30,31,35,39,38,36,37,34,40,20,26,27,24787,687,20429,24254,24,25,21],"class_list":{"0":"post-101840","1":"post","2":"type-post","3":"status-publish","4":"format-standard","5":"has-post-thumbnail","7":"category-latvija","8":"tag-aktualitates","9":"tag-breaking-news","10":"tag-breakingnews","11":"tag-buvnieki","12":"tag-featured-news","13":"tag-featurednews","14":"tag-headlines","15":"tag-latest-news","16":"tag-latestnews","17":"tag-latvia","18":"tag-latvian","19":"tag-latviesu","20":"tag-latviesu-valoda","21":"tag-latviesuvaloda","22":"tag-latvija","23":"tag-lv","24":"tag-news","25":"tag-popularakas-zinas","26":"tag-popularakaszinas","27":"tag-revitalizacija","28":"tag-rigas-dome","29":"tag-skanstes-projekts","30":"tag-strids","31":"tag-top-stories","32":"tag-topstories","33":"tag-zinas"},"share_on_mastodon":{"url":"https:\/\/pubeurope.com\/@lv\/115881376647020942","error":""},"_links":{"self":[{"href":"https:\/\/www.europesays.com\/lv\/wp-json\/wp\/v2\/posts\/101840","targetHints":{"allow":["GET"]}}],"collection":[{"href":"https:\/\/www.europesays.com\/lv\/wp-json\/wp\/v2\/posts"}],"about":[{"href":"https:\/\/www.europesays.com\/lv\/wp-json\/wp\/v2\/types\/post"}],"author":[{"embeddable":true,"href":"https:\/\/www.europesays.com\/lv\/wp-json\/wp\/v2\/users\/2"}],"replies":[{"embeddable":true,"href":"https:\/\/www.europesays.com\/lv\/wp-json\/wp\/v2\/comments?post=101840"}],"version-history":[{"count":0,"href":"https:\/\/www.europesays.com\/lv\/wp-json\/wp\/v2\/posts\/101840\/revisions"}],"wp:featuredmedia":[{"embeddable":true,"href":"https:\/\/www.europesays.com\/lv\/wp-json\/wp\/v2\/media\/101841"}],"wp:attachment":[{"href":"https:\/\/www.europesays.com\/lv\/wp-json\/wp\/v2\/media?parent=101840"}],"wp:term":[{"taxonomy":"category","embeddable":true,"href":"https:\/\/www.europesays.com\/lv\/wp-json\/wp\/v2\/categories?post=101840"},{"taxonomy":"post_tag","embeddable":true,"href":"https:\/\/www.europesays.com\/lv\/wp-json\/wp\/v2\/tags?post=101840"}],"curies":[{"name":"wp","href":"https:\/\/api.w.org\/{rel}","templated":true}]}}