{"id":101844,"date":"2026-01-12T09:20:06","date_gmt":"2026-01-12T09:20:06","guid":{"rendered":"https:\/\/www.europesays.com\/lv\/101844\/"},"modified":"2026-01-12T09:20:06","modified_gmt":"2026-01-12T09:20:06","slug":"asv-prokurori-sak-kriminalizmeklesanu-pret-federalo-rezervju-sistemas-vaditaju-raksts","status":"publish","type":"post","link":"https:\/\/www.europesays.com\/lv\/101844\/","title":{"rendered":"ASV prokurori s\u0101k krimin\u0101lizmekl\u0113\u0161anu pret Feder\u0101lo rezervju sist\u0113mas vad\u012bt\u0101ju \/ Raksts"},"content":{"rendered":"<p>ASV Kolumbijas apgabala prokurat\u016bra s\u0101kusi krimin\u0101lizmekl\u0113\u0161anu pret ASV Feder\u0101lo rezervju sist\u0113mas jeb centr\u0101l\u0101s bankas vad\u012bt\u0101ju D\u017eeromu Pauelu. Izmekl\u0113\u0161ana form\u0101li saist\u012bta ar centr\u0101l\u0101s bankas galven\u0101s \u0113kas rekonstrukciju, kuras izmaksas sasniedza 2,5 miljardus dol\u0101ru un par kuru Pauels iepriek\u0161 atskait\u012bjies ASV likumdev\u0113jiem.<\/p>\n<p>ASV Feder\u0101lo rezervju sist\u0113mas vad\u012bt\u0101js tiek tur\u0113ts aizdom\u0101s par l\u012bdzek\u013cu izlietojumu neatbilsto\u0161i paredz\u0113tajam m\u0113r\u0137im un ASV Kongresa maldin\u0101\u0161anu. Rea\u0123\u0113jot uz vi\u0146am izvirz\u012btaj\u0101m aps\u016bdz\u012bb\u0101m, Pauels n\u0101ca klaj\u0101 ar pazi\u0146ojumu, kur\u0101 uzsv\u0113ra, ka &#8220;neviens nest\u0101v p\u0101ri likumam&#8221;, vienlaikus nor\u0101dot, ka notieko\u0161ais b\u016btu j\u0101v\u0113rt\u0113 pla\u0161\u0101k\u0101 kontekst\u0101:<\/p>\n<p>&#8220;Krimin\u0101lvaj\u0101\u0161anas drauds rodas t\u0101p\u0113c, ka Feder\u0101lo rezervju sist\u0113ma nosaka procentu likmes, balstoties uz m\u016bsu lab\u0101ko nov\u0113rt\u0113jumu par to, kas kalpos sabiedr\u012bbas interes\u0113m, nevis prezidenta v\u0113lmju \u012bsteno\u0161anai. \u0160\u012b situ\u0101cija izce\u013c jaut\u0101jumu vai Feder\u0101lo rezervju sist\u0113ma sp\u0113s turpin\u0101t noteikt procentu likmes, balstoties uz pier\u0101d\u012bjumiem un ekonomiskajiem r\u0101d\u012bt\u0101jiem, vai ar\u012b monet\u0101ro politiku noteiks politiskais spiediens un iebied\u0113\u0161ana. Esmu str\u0101d\u0101jis Feder\u0101laj\u0101 rezerv\u0113 \u010detru administr\u0101ciju laik\u0101, gan republik\u0101\u0146u, gan demokr\u0101tu vad\u012bb\u0101. Vienm\u0113r esmu pild\u012bjis savus pien\u0101kumus bez politisk\u0101m bail\u0113m vai simp\u0101tij\u0101m, koncentr\u0113joties tikai uz m\u016bsu m\u0113r\u0137i \u2013\u00a0cenu stabilit\u0101ti un maksim\u0101lo nodarbin\u0101t\u012bbu,&#8221; sac\u012bja Pauels.<\/p>\n<p>Pauelu Feder\u0101lo rezervju sist\u0113mas vad\u012bt\u0101ja amatam 2017. gad\u0101 nomin\u0113ja pats Donalds Tramps. V\u0113l\u0101k, 2021. gad\u0101, p\u0113c D\u017eo Baidena iev\u0113l\u0113\u0161anas, vi\u0146a pilnvaras tika pagarin\u0101tas.<\/p>\n<p>Trampam atgrie\u017eoties prezidenta amat\u0101 2025. gad\u0101, vi\u0146\u0161 s\u0101ka kritiz\u0113t Pauelu par nev\u0113l\u0113\u0161anos samazin\u0101t procentu likmes un aicin\u0101ja vi\u0146u atk\u0101pties no amata. Pauela pilnvaru termi\u0146\u0161 centr\u0101l\u0101s bankas vad\u012bt\u0101ja amat\u0101 beigsies 2026. gada maij\u0101.<\/p>\n<p>                    Valodas k\u013c\u016bda rakst\u0101?<\/p>\n<p class=\"d-none d-md-block\">Iez\u012bm\u0113jiet tekstu un spiediet Ctrl+Enter, lai nos\u016bt\u012btu labojamo teksta fragmentu redaktoram! Par faktu k\u013c\u016bd\u0101m l\u016bdzam zi\u0146ot e-past\u0101 <a href=\"https:\/\/www.lsm.lv\/cdn-cgi\/l\/email-protection\" class=\"__cf_email__\" data-cfemail=\"17657273767c747e7d76577b647a397b61\" rel=\"nofollow noopener\" target=\"_blank\">[email\u00a0protected]<\/a>.<\/p>\n<p class=\"d-md-none\">Iez\u012bm\u0113jiet tekstu un spiediet uz Zi\u0146ot par k\u013c\u016bdu pogas, lai nos\u016bt\u012btu labojamo teksta fragmentu redaktoram!<\/p>\n<p>\n                    Zi\u0146ot par k\u013c\u016bdu\n                <\/p>\n","protected":false},"excerpt":{"rendered":"ASV Kolumbijas apgabala prokurat\u016bra s\u0101kusi krimin\u0101lizmekl\u0113\u0161anu pret ASV Feder\u0101lo rezervju sist\u0113mas jeb centr\u0101l\u0101s bankas vad\u012bt\u0101ju D\u017eeromu Pauelu. Izmekl\u0113\u0161ana&hellip;\n","protected":false},"author":2,"featured_media":101845,"comment_status":"","ping_status":"","sticky":false,"template":"","format":"standard","meta":{"footnotes":""},"categories":[16],"tags":[77,76,35,39,38,36,37,34,40],"class_list":{"0":"post-101844","1":"post","2":"type-post","3":"status-publish","4":"format-standard","5":"has-post-thumbnail","7":"category-bizness","8":"tag-bizness","9":"tag-business","10":"tag-latvia","11":"tag-latvian","12":"tag-latviesu","13":"tag-latviesu-valoda","14":"tag-latviesuvaloda","15":"tag-latvija","16":"tag-lv"},"share_on_mastodon":{"url":"https:\/\/pubeurope.com\/@lv\/115881392515740704","error":""},"_links":{"self":[{"href":"https:\/\/www.europesays.com\/lv\/wp-json\/wp\/v2\/posts\/101844","targetHints":{"allow":["GET"]}}],"collection":[{"href":"https:\/\/www.europesays.com\/lv\/wp-json\/wp\/v2\/posts"}],"about":[{"href":"https:\/\/www.europesays.com\/lv\/wp-json\/wp\/v2\/types\/post"}],"author":[{"embeddable":true,"href":"https:\/\/www.europesays.com\/lv\/wp-json\/wp\/v2\/users\/2"}],"replies":[{"embeddable":true,"href":"https:\/\/www.europesays.com\/lv\/wp-json\/wp\/v2\/comments?post=101844"}],"version-history":[{"count":0,"href":"https:\/\/www.europesays.com\/lv\/wp-json\/wp\/v2\/posts\/101844\/revisions"}],"wp:featuredmedia":[{"embeddable":true,"href":"https:\/\/www.europesays.com\/lv\/wp-json\/wp\/v2\/media\/101845"}],"wp:attachment":[{"href":"https:\/\/www.europesays.com\/lv\/wp-json\/wp\/v2\/media?parent=101844"}],"wp:term":[{"taxonomy":"category","embeddable":true,"href":"https:\/\/www.europesays.com\/lv\/wp-json\/wp\/v2\/categories?post=101844"},{"taxonomy":"post_tag","embeddable":true,"href":"https:\/\/www.europesays.com\/lv\/wp-json\/wp\/v2\/tags?post=101844"}],"curies":[{"name":"wp","href":"https:\/\/api.w.org\/{rel}","templated":true}]}}