{"id":101846,"date":"2026-01-12T09:21:09","date_gmt":"2026-01-12T09:21:09","guid":{"rendered":"https:\/\/www.europesays.com\/lv\/101846\/"},"modified":"2026-01-12T09:21:09","modified_gmt":"2026-01-12T09:21:09","slug":"ano-drosibas-padome-spriedis-par-krievijas-uzbrukumiem-ukrainai","status":"publish","type":"post","link":"https:\/\/www.europesays.com\/lv\/101846\/","title":{"rendered":"ANO Dro\u0161\u012bbas padome spried\u012bs par Krievijas uzbrukumiem Ukrainai"},"content":{"rendered":"<p>K\u0101 soci\u0101lo mediju platform\u0101 &#8220;X&#8221; nor\u0101d\u012bjusi Latvijas \u0101rlietu ministre Baiba Bra\u017ee (JV), s\u0113de b\u016bs velt\u012bta Krievijas &#8220;barbariskajiem uzbrukumiem&#8221; Ukrainai.<\/p>\n<p>Jau rakst\u012bts, ka Latvija rosin\u0101ja sasaukt <a href=\"https:\/\/www.tvnet.lv\/term\/555576\/ano\" class=\"topicLink\" target=\"_blank\" rel=\"nofollow noopener\">ANO<\/a> Dro\u0161\u012bbas padomes \u0101rk\u0101rtas s\u0113di saist\u012bb\u0101 ar Krievijas uzbrukumiem Ukrainai, tostarp izmantojot vid\u0113j\u0101 darb\u012bbas r\u0101diusa ballistisko ra\u0137eti.<\/p>\n<p><a href=\"https:\/\/www.tvnet.lv\/term\/555452\/krievija\" class=\"topicLink\" target=\"_blank\" rel=\"nofollow noopener\">Krievija<\/a> nakt\u012b no 8. janv\u0101ra uz 9. janv\u0101ri veica mas\u012bvu dronu un ra\u0137e\u0161u triecienu Ukrainai, uz \u013bvivas apgabalu raidot ra\u0137eti &#8220;Ore\u0161\u0146ik&#8221;, kas ir sp\u0113j\u012bga nest kodolgalvi\u0146as, lai gan \u0161aj\u0101 gad\u012bjum\u0101 ar t\u0101m nebija apr\u012bkota.<\/p>\n<p>Krievijas Aizsardz\u012bbas ministrija pazi\u0146oja, ka &#8220;Ore\u0161\u0146ik&#8221; izmanto\u0161ana esot bijusi atbilde uz Ukrainas dronu uzbrukumu Krievijas diktatora Vladimira Putina rezidencei Novgorodas apgabal\u0101. Tom\u0113r Krievijas apgalvojumi par it k\u0101 decembr\u012b notiku\u0161u \u0161\u0101du uzbrukumu neatbilst paties\u012bbai.<\/p>\n<p>ASV Centr\u0101l\u0101 izl\u016bko\u0161anas p\u0101rvalde secin\u0101jusi, ka, pret\u0113ji Krievijas apgalvojumiem, <a href=\"https:\/\/www.tvnet.lv\/term\/8497\/ukraina\" class=\"topicLink\" target=\"_blank\" rel=\"nofollow noopener\">Ukraina<\/a> nav veikusi bezpilota lidapar\u0101tu uzbrukumu Putina rezidencei.<\/p>\n","protected":false},"excerpt":{"rendered":"K\u0101 soci\u0101lo mediju platform\u0101 &#8220;X&#8221; nor\u0101d\u012bjusi Latvijas \u0101rlietu ministre Baiba Bra\u017ee (JV), s\u0113de b\u016bs velt\u012bta Krievijas &#8220;barbariskajiem uzbrukumiem&#8221;&hellip;\n","protected":false},"author":2,"featured_media":101847,"comment_status":"","ping_status":"","sticky":false,"template":"","format":"standard","meta":{"footnotes":""},"categories":[14],"tags":[23,341,342,57,3700,28,29,32,33,22,234,74,30,31,35,39,38,36,37,34,40,20,26,27,24,25,276,54,55,56,21,58],"class_list":{"0":"post-101846","1":"post","2":"type-post","3":"status-publish","4":"format-standard","5":"has-post-thumbnail","7":"category-zinas-no-arvalstim","8":"tag-aktualitates","9":"tag-ano","10":"tag-ano-drosibas-padome","11":"tag-arvalstim","12":"tag-autoritarisma-ena-par-eiropu","13":"tag-breaking-news","14":"tag-breakingnews","15":"tag-featured-news","16":"tag-featurednews","17":"tag-headlines","18":"tag-krievija","19":"tag-krievijas-iebrukums-ukraina","20":"tag-latest-news","21":"tag-latestnews","22":"tag-latvia","23":"tag-latvian","24":"tag-latviesu","25":"tag-latviesu-valoda","26":"tag-latviesuvaloda","27":"tag-latvija","28":"tag-lv","29":"tag-news","30":"tag-popularakas-zinas","31":"tag-popularakaszinas","32":"tag-top-stories","33":"tag-topstories","34":"tag-ukraina","35":"tag-world","36":"tag-world-news","37":"tag-worldnews","38":"tag-zinas","39":"tag-zinas-no-arvalstim"},"share_on_mastodon":{"url":"https:\/\/pubeurope.com\/@lv\/115881396367285892","error":""},"_links":{"self":[{"href":"https:\/\/www.europesays.com\/lv\/wp-json\/wp\/v2\/posts\/101846","targetHints":{"allow":["GET"]}}],"collection":[{"href":"https:\/\/www.europesays.com\/lv\/wp-json\/wp\/v2\/posts"}],"about":[{"href":"https:\/\/www.europesays.com\/lv\/wp-json\/wp\/v2\/types\/post"}],"author":[{"embeddable":true,"href":"https:\/\/www.europesays.com\/lv\/wp-json\/wp\/v2\/users\/2"}],"replies":[{"embeddable":true,"href":"https:\/\/www.europesays.com\/lv\/wp-json\/wp\/v2\/comments?post=101846"}],"version-history":[{"count":0,"href":"https:\/\/www.europesays.com\/lv\/wp-json\/wp\/v2\/posts\/101846\/revisions"}],"wp:featuredmedia":[{"embeddable":true,"href":"https:\/\/www.europesays.com\/lv\/wp-json\/wp\/v2\/media\/101847"}],"wp:attachment":[{"href":"https:\/\/www.europesays.com\/lv\/wp-json\/wp\/v2\/media?parent=101846"}],"wp:term":[{"taxonomy":"category","embeddable":true,"href":"https:\/\/www.europesays.com\/lv\/wp-json\/wp\/v2\/categories?post=101846"},{"taxonomy":"post_tag","embeddable":true,"href":"https:\/\/www.europesays.com\/lv\/wp-json\/wp\/v2\/tags?post=101846"}],"curies":[{"name":"wp","href":"https:\/\/api.w.org\/{rel}","templated":true}]}}