{"id":101848,"date":"2026-01-12T09:22:07","date_gmt":"2026-01-12T09:22:07","guid":{"rendered":"https:\/\/www.europesays.com\/lv\/101848\/"},"modified":"2026-01-12T09:22:07","modified_gmt":"2026-01-12T09:22:07","slug":"cudars-daleji-apturejis-bauskas-un-preilu-novadu-teritoriju-planojumus-dienas-bizness","status":"publish","type":"post","link":"https:\/\/www.europesays.com\/lv\/101848\/","title":{"rendered":"\u010cudars da\u013c\u0113ji aptur\u0113jis Bauskas un Prei\u013cu novadu teritoriju pl\u0101nojumus :: Dienas Bizness"},"content":{"rendered":"<p class=\"text-font font-size--text-xlarge margin-3--bottom font-weight--bold padding-1--top\">Vied\u0101s administr\u0101cijas un re\u0123ion\u0101l\u0101s att\u012bst\u012bbas ministrs Raimonds \u010cudars (JV) da\u013c\u0113ji aptur\u0113jis Bauskas un Prei\u013cu novadu teritoriju pl\u0101nojumus, vi\u0146apr\u0101t, prettiesisku atjaunojamo energoresursu ra\u017eo\u0161anas ierobe\u017eojumu d\u0113\u013c, a\u0123ent\u016bru LETA inform\u0113ja Vied\u0101s administr\u0101cijas un re\u0123ion\u0101l\u0101s att\u012bst\u012bbas ministrijas (VARAM) Sabiedrisko attiec\u012bbu noda\u013c\u0101.<\/p>\n<p class=\"text-font font-size--text-xlarge margin-3--bottom\">Ministrs konstat\u0113jis b\u016btiskas juridiskas un saturiskas nepiln\u012bbas, t\u0101d\u0113\u013c izdevis r\u012bkojumus par Bauskas novada teritorijas pl\u0101nojuma un Prei\u013cu novada teritorijas pl\u0101nojuma saisto\u0161o noteikumu darb\u012bbas aptur\u0113\u0161anu da\u013c\u0101s, kas bez pietiekama datu, izp\u0113tes un tiesiska pamatojuma nosaka nesam\u0113r\u012bgus ierobe\u017eojumus atjaun\u012bgo energoresursu (AER) att\u012bst\u012bbai, komercdarb\u012bbai un priv\u0101tpersonu ties\u012bbu \u012bsteno\u0161anai.<\/p>\n<p class=\"text-font font-size--text-xlarge margin-3--bottom\">&#8220;Teritorijas pl\u0101nojumiem j\u0101balst\u0101s datos, un to risin\u0101jumiem j\u0101b\u016bt sam\u0113r\u012bgiem un tiesiski pamatotiem. Pa\u0161vald\u012bb\u0101m ir liela r\u012bc\u012bbas br\u012bv\u012bba teritorijas pl\u0101no\u0161anas jom\u0101, tom\u0113r nedr\u012bkst noteikt neskaidrus, nepamatotus vai p\u0101rm\u0113r\u012bgus liegumus, kas b\u016btiski ierobe\u017eo personu ties\u012bbas uz \u012bpa\u0161umu un kav\u0113 kop\u0113jo valsts m\u0113r\u0137u sasnieg\u0161anu,&#8221; nor\u0101da \u010cudars.<\/p>\n<p class=\"text-font font-size--text-xlarge margin-3--bottom\">VARAM, v\u0113rt\u0113jot abu pa\u0161vald\u012bbu pl\u0101nojumus, secin\u0101ja, ka tajos noteiktie ierobe\u017eojumi nav savietojami ar novadu ilgtsp\u0113j\u012bgas att\u012bst\u012bbas strat\u0113\u0123ij\u0101s noteikto ekonomikas specializ\u0101ciju, kas v\u0113rsta uz AER ra\u017eo\u0161anu.<\/p>\n<p class=\"text-font font-size--text-xlarge margin-3--bottom\">\u0145emot v\u0113r\u0101 valsts politiku, kas v\u0113rsta uz AER ra\u017eo\u0161anas att\u012bst\u012bbas veicin\u0101\u0161anu, pl\u0101nojumi satur risin\u0101jumus, kas kopum\u0101 b\u016btiski ierobe\u017eo AER att\u012bst\u012bbu, non\u0101kot pretrun\u0101 ar valsts m\u0113r\u0137iem ener\u0123\u0113tisk\u0101s neatkar\u012bbas stiprin\u0101\u0161an\u0101 un p\u0101rej\u0101 uz atjaunojamiem resursiem.<\/p>\n<p class=\"text-font font-size--text-xlarge margin-3--bottom\">Teritoriju pl\u0101nojumos konstat\u0113tas b\u016btiskas saturiskas neatbilst\u012bbas apb\u016bves noteikumos un pl\u0101nojuma grafiskaj\u0101 da\u013c\u0101, tostarp noteikti pla\u0161i aizliegumi un ierobe\u017eojumi v\u0113ja elektrostaciju un saules pane\u013cu parku izvieto\u0161anai ar\u012b teritorij\u0101s, kur valsts regul\u0113jums \u0161\u0101du att\u012bst\u012bbu pie\u013cauj.<\/p>\n<p class=\"text-font font-size--text-xlarge margin-3--bottom\">T\u0101pat noteiktas teritorijas ar \u012bpa\u0161iem noteikumiem, kur\u0101s aizliegta AER ra\u017eo\u0161ana, tai skait\u0101 pa\u0161pat\u0113ri\u0146am, aptverot b\u016btisku da\u013cu pa\u0161vald\u012bbas teritorijas, vienlaikus tas nav pamatots ar datos balst\u012btu izv\u0113rt\u0113jumu un nav sam\u0113r\u012bgs.<\/p>\n<p class=\"text-font font-size--text-xlarge margin-3--bottom\">Vair\u0101kos gad\u012bjumos noteikumi formul\u0113ti tiesiski nenoteikti, ar subjekt\u012bvi interpret\u0113jamiem krit\u0113rijiem, kas apgr\u016btina person\u0101m iesp\u0113ju prognoz\u0113t tiesisk\u0101s sekas un kav\u0113 att\u012bst\u012bbas ieceru \u012bsteno\u0161anu.<\/p>\n<p class=\"text-font font-size--text-xlarge margin-3--bottom\">LETA jau zi\u0146oja, ka SIA &#8220;EWE Neue Energien 2&#8221; Valsts vides dienestam (VVD) iesniedzis ieceri par 17 v\u0113ja elektrostaciju (VES) izb\u016bvi Bauskas un Jelgavas novadu teritorij\u0101s, un VVD ir s\u0101cis ietekmes uz vidi nov\u0113rt\u0113juma (IVN) proced\u016bru.<\/p>\n<p class=\"text-font font-size--text-xlarge margin-3--bottom\">Pa\u0161vald\u012bba p\u0113rn oktobr\u012b sniedza VVD ofici\u0101lu atbildi, nor\u0101dot, ka liel\u0101k\u0101 da\u013ca pl\u0101not\u0101 v\u0113ja parka teritorijas atrodas nacion\u0101l\u0101s noz\u012bmes lauksaimniec\u012bbas zem\u0113s, kur \u0161\u0101da b\u016bvniec\u012bba nav pie\u013caujama. Ar\u012b novembr\u012b sniegtaj\u0101 atzinum\u0101 pa\u0161vald\u012bba atk\u0101rtoti uzsv\u0113ra, ka iecere neatbilst sp\u0113k\u0101 eso\u0161ajam teritorijas pl\u0101nojumam un zon\u0113jums nav main\u0101ms.<\/p>\n<p class=\"text-font font-size--text-xlarge margin-3--bottom\">D\u0101nijas v\u0113ja ener\u0123ijas grup\u0101 &#8220;Eurowind Energy&#8221; ietilpsto\u0161\u0101s Latvij\u0101 re\u0123istr\u0113t\u0101s meitassabiedr\u012bbas pl\u0101no b\u016bv\u0113t divus v\u0113ja parkus Dienvidkurzemes novad\u0101, k\u0101 ar\u012b Bauskas un Jelgavas novados, liecina inform\u0101cija likvid\u0113t\u0101s Ener\u0123\u0113tikas un vides a\u0123ent\u016bras (EVA) m\u0101jaslap\u0101 par VVD piem\u0113roto IVN proced\u016bru.<\/p>\n<p class=\"text-font font-size--text-xlarge margin-3--bottom\">Savuk\u0101rt Prei\u013cu novad\u0101 AS &#8220;Latvenergo&#8221; pl\u0101no v\u0113ja elektrostaciju parka &#8220;Riebi\u0146i&#8221; b\u016bvniec\u012bbu.<\/p>\n","protected":false},"excerpt":{"rendered":"Vied\u0101s administr\u0101cijas un re\u0123ion\u0101l\u0101s att\u012bst\u012bbas ministrs Raimonds \u010cudars (JV) da\u013c\u0113ji aptur\u0113jis Bauskas un Prei\u013cu novadu teritoriju pl\u0101nojumus, vi\u0146apr\u0101t,&hellip;\n","protected":false},"author":2,"featured_media":101849,"comment_status":"","ping_status":"","sticky":false,"template":"","format":"standard","meta":{"footnotes":""},"categories":[12],"tags":[23,869,77,870,28,29,867,32,33,22,30,31,35,39,38,36,37,34,871,868,40,20,26,27,24,25,21],"class_list":{"0":"post-101848","1":"post","2":"type-post","3":"status-publish","4":"format-standard","5":"has-post-thumbnail","7":"category-latvija","8":"tag-aktualitates","9":"tag-biznesa-zinas","10":"tag-bizness","11":"tag-bizness-latvija","12":"tag-breaking-news","13":"tag-breakingnews","14":"tag-dienas-zinas","15":"tag-featured-news","16":"tag-featurednews","17":"tag-headlines","18":"tag-latest-news","19":"tag-latestnews","20":"tag-latvia","21":"tag-latvian","22":"tag-latviesu","23":"tag-latviesu-valoda","24":"tag-latviesuvaloda","25":"tag-latvija","26":"tag-latvijas-biznesa-zinas","27":"tag-latvijas-zinas","28":"tag-lv","29":"tag-news","30":"tag-popularakas-zinas","31":"tag-popularakaszinas","32":"tag-top-stories","33":"tag-topstories","34":"tag-zinas"},"share_on_mastodon":{"url":"https:\/\/pubeurope.com\/@lv\/115881400340656643","error":""},"_links":{"self":[{"href":"https:\/\/www.europesays.com\/lv\/wp-json\/wp\/v2\/posts\/101848","targetHints":{"allow":["GET"]}}],"collection":[{"href":"https:\/\/www.europesays.com\/lv\/wp-json\/wp\/v2\/posts"}],"about":[{"href":"https:\/\/www.europesays.com\/lv\/wp-json\/wp\/v2\/types\/post"}],"author":[{"embeddable":true,"href":"https:\/\/www.europesays.com\/lv\/wp-json\/wp\/v2\/users\/2"}],"replies":[{"embeddable":true,"href":"https:\/\/www.europesays.com\/lv\/wp-json\/wp\/v2\/comments?post=101848"}],"version-history":[{"count":0,"href":"https:\/\/www.europesays.com\/lv\/wp-json\/wp\/v2\/posts\/101848\/revisions"}],"wp:featuredmedia":[{"embeddable":true,"href":"https:\/\/www.europesays.com\/lv\/wp-json\/wp\/v2\/media\/101849"}],"wp:attachment":[{"href":"https:\/\/www.europesays.com\/lv\/wp-json\/wp\/v2\/media?parent=101848"}],"wp:term":[{"taxonomy":"category","embeddable":true,"href":"https:\/\/www.europesays.com\/lv\/wp-json\/wp\/v2\/categories?post=101848"},{"taxonomy":"post_tag","embeddable":true,"href":"https:\/\/www.europesays.com\/lv\/wp-json\/wp\/v2\/tags?post=101848"}],"curies":[{"name":"wp","href":"https:\/\/api.w.org\/{rel}","templated":true}]}}